{"id":26980,"date":"2025-08-23T15:09:16","date_gmt":"2025-08-23T18:09:16","guid":{"rendered":"https:\/\/infotep.com.ar\/?p=26980"},"modified":"2025-08-23T15:09:16","modified_gmt":"2025-08-23T18:09:16","slug":"lucas-ghi-opino-que-el-escandalo-en-la-andis-tendra-impacto-en-la-eleccion-bonaerense","status":"publish","type":"post","link":"https:\/\/infotep.com.ar\/index.php\/2025\/08\/23\/lucas-ghi-opino-que-el-escandalo-en-la-andis-tendra-impacto-en-la-eleccion-bonaerense\/","title":{"rendered":"Lucas Ghi opin\u00f3 que el esc\u00e1ndalo en la ANDIS &#8220;tendr\u00e1 impacto en la elecci\u00f3n bonaerense&#8221;"},"content":{"rendered":"\n<p>El intendente de Mor\u00f3n, Lucas Ghi, afirm\u00f3 que el esc\u00e1ndalo de corrupci\u00f3n en la ANDIS tendr\u00e1 impacto en las elecciones provinciales del pr\u00f3ximo 7 de septiembre y vaticin\u00f3 un desempe\u00f1o &#8220;competitivo&#8221;.<\/p>\n\n\n\n<p class=\"has-light-green-cyan-background-color has-background\">&#8220;El Gobierno dijo que ven\u00eda a acabar con la casta y a terminar con los curros del Estado. Por lo que uno ve en el armado electoral, hay muchas caras conocidas y en relaci\u00f3n a los curros del Estado y los hechos de corrupci\u00f3n, no ha habido una una conducta coherente con esa consigna&#8221;, se\u00f1al\u00f3 el jefe comunal.<\/p>\n\n\n\n<p>Por el escenario electoral, se\u00f1al\u00f3 que no ve un escenario en el que La Libertad Avanza se imponga: &#8220;No percibo eso. M\u00e1s all\u00e1 de las encuestas, lo que uno ve en los vecinos y vecinas es que hay mucho enojo&#8221;.<\/p>\n\n\n\n<p><strong>&#8220;Lo que veo es que estamos en un escenario donde vamos a tener un desempe\u00f1o competitivo, no solo en la provincia de Buenos Aires, sino a nivel nacional. Y ojal\u00e1 que de cara al &#8217;27 logremos construir una propuesta que sea superador y que interprete de la mejor manera la voluntad de nuestro pueblo para construir un pa\u00eds que efectivamente nos permita vivir como merecemos&#8221;, a\u00f1adi\u00f3.<\/strong><\/p>\n","protected":false},"excerpt":{"rendered":"<p>El intendente de Mor&oacute;n, Lucas Ghi, afirm&oacute; que el esc&aacute;ndalo de corrupci&oacute;n en la ANDIS tendr&aacute; impacto en las elecciones provinciales del pr&oacute;ximo 7 de septiembre y vaticin&oacute; un desempe&ntilde;o &ldquo;competitivo&rdquo;. &ldquo;El Gobierno dijo que ven&iacute;a a acabar con la casta y a terminar con los curros del Estado. Por lo que uno ve en &hellip; <\/p>\n","protected":false},"author":5,"featured_media":22501,"comment_status":"closed","ping_status":"closed","sticky":false,"template":"","format":"standard","meta":{"om_disable_all_campaigns":false,"_joinchat":[]},"categories":[31,9],"tags":[53,43,569],"featured_image_urls":{"full":["https:\/\/infotep.com.ar\/wp-content\/uploads\/2025\/04\/lucas.jpeg",1536,1024,false],"thumbnail":["https:\/\/infotep.com.ar\/wp-content\/uploads\/2025\/04\/lucas-150x150.jpeg",150,150,true],"medium":["https:\/\/infotep.com.ar\/wp-content\/uploads\/2025\/04\/lucas-300x200.jpeg",300,200,true],"medium_large":["https:\/\/infotep.com.ar\/wp-content\/uploads\/2025\/04\/lucas-768x512.jpeg",768,512,true],"large":["https:\/\/infotep.com.ar\/wp-content\/uploads\/2025\/04\/lucas-1024x683.jpeg",1020,680,true],"1536x1536":["https:\/\/infotep.com.ar\/wp-content\/uploads\/2025\/04\/lucas.jpeg",1536,1024,false],"2048x2048":["https:\/\/infotep.com.ar\/wp-content\/uploads\/2025\/04\/lucas.jpeg",1536,1024,false],"blossom-feminine-slider":["https:\/\/infotep.com.ar\/wp-content\/uploads\/2025\/04\/lucas-1536x649.jpeg",1536,649,true],"blossom-feminine-featured":["https:\/\/infotep.com.ar\/wp-content\/uploads\/2025\/04\/lucas-1410x600.jpeg",1410,600,true],"blossom-feminine-with-sidebar":["https:\/\/infotep.com.ar\/wp-content\/uploads\/2025\/04\/lucas-1020x600.jpeg",1020,600,true],"blossom-feminine-blog":["https:\/\/infotep.com.ar\/wp-content\/uploads\/2025\/04\/lucas-435x435.jpeg",435,435,true],"blossom-feminine-cat":["https:\/\/infotep.com.ar\/wp-content\/uploads\/2025\/04\/lucas-450x300.jpeg",450,300,true],"blossom-feminine-related":["https:\/\/infotep.com.ar\/wp-content\/uploads\/2025\/04\/lucas-320x200.jpeg",320,200,true],"blossom-feminine-schema":["https:\/\/infotep.com.ar\/wp-content\/uploads\/2025\/04\/lucas-90x60.jpeg",90,60,true],"blossom-mommy-blog-slider-big":["https:\/\/infotep.com.ar\/wp-content\/uploads\/2025\/04\/lucas-920x650.jpeg",920,650,true],"blossom-mommy-blog-slider":["https:\/\/infotep.com.ar\/wp-content\/uploads\/2025\/04\/lucas-460x310.jpeg",460,310,true],"blossom-mommy-blog-two":["https:\/\/infotep.com.ar\/wp-content\/uploads\/2025\/04\/lucas-768x480.jpeg",768,480,true]},"author_info":{"info":["Angela Tobar"]},"category_info":"<a href=\"https:\/\/infotep.com.ar\/index.php\/category\/destacadas\/\" rel=\"category tag\">Destacadas<\/a> <a href=\"https:\/\/infotep.com.ar\/index.php\/category\/municipales\/moron\/\" rel=\"category tag\">Mor\u00f3n<\/a>","tag_info":"Mor\u00f3n","comment_count":"0","_links":{"self":[{"href":"https:\/\/infotep.com.ar\/index.php\/wp-json\/wp\/v2\/posts\/26980"}],"collection":[{"href":"https:\/\/infotep.com.ar\/index.php\/wp-json\/wp\/v2\/posts"}],"about":[{"href":"https:\/\/infotep.com.ar\/index.php\/wp-json\/wp\/v2\/types\/post"}],"author":[{"embeddable":true,"href":"https:\/\/infotep.com.ar\/index.php\/wp-json\/wp\/v2\/users\/5"}],"replies":[{"embeddable":true,"href":"https:\/\/infotep.com.ar\/index.php\/wp-json\/wp\/v2\/comments?post=26980"}],"version-history":[{"count":1,"href":"https:\/\/infotep.com.ar\/index.php\/wp-json\/wp\/v2\/posts\/26980\/revisions"}],"predecessor-version":[{"id":26981,"href":"https:\/\/infotep.com.ar\/index.php\/wp-json\/wp\/v2\/posts\/26980\/revisions\/26981"}],"wp:featuredmedia":[{"embeddable":true,"href":"https:\/\/infotep.com.ar\/index.php\/wp-json\/wp\/v2\/media\/22501"}],"wp:attachment":[{"href":"https:\/\/infotep.com.ar\/index.php\/wp-json\/wp\/v2\/media?parent=26980"}],"wp:term":[{"taxonomy":"category","embeddable":true,"href":"https:\/\/infotep.com.ar\/index.php\/wp-json\/wp\/v2\/categories?post=26980"},{"taxonomy":"post_tag","embeddable":true,"href":"https:\/\/infotep.com.ar\/index.php\/wp-json\/wp\/v2\/tags?post=26980"}],"curies":[{"name":"wp","href":"https:\/\/api.w.org\/{rel}","templated":true}]}}