{"id":26988,"date":"2025-08-25T00:52:23","date_gmt":"2025-08-25T03:52:23","guid":{"rendered":"https:\/\/infotep.com.ar\/?p=26988"},"modified":"2025-08-25T00:52:23","modified_gmt":"2025-08-25T03:52:23","slug":"sergio-berensztein-sobre-las-coimas-no-es-el-primer-escandalo-el-caso-libra-tambien-esta-dando-vueltas","status":"publish","type":"post","link":"https:\/\/infotep.com.ar\/index.php\/2025\/08\/25\/sergio-berensztein-sobre-las-coimas-no-es-el-primer-escandalo-el-caso-libra-tambien-esta-dando-vueltas\/","title":{"rendered":"Sergio Berensztein, sobre las coimas: &#8220;No es el primer esc\u00e1ndalo, el caso $LIBRA tambi\u00e9n est\u00e1 dando vueltas&#8221;"},"content":{"rendered":"\n<p class=\"has-light-green-cyan-background-color has-background\">El analista pol\u00edtico sostuvo que las denuncias por coimas en la ANDIS &#8220;deber\u00eda ser monitoreado de forma muy intensa&#8221; por el Gobierno.<br><br>El analista pol\u00edtico Sergio Berensztein se refiri\u00f3 a la pol\u00e9mica abierta tras la filtraci\u00f3n de los audios del ex titular de la Agencia Nacional de Discapacidad (ANDIS), Diego Spagnuolo, quien acusa a la secretaria general de la Presidencia, Karina Milei, de pedir coimas. Adem\u00e1s, sostuvo que este \u201cno es el primer esc\u00e1ndalo\u201d del Gobierno y mencion\u00f3 que el caso $LIBRA \u201ces otro de los que anda dando vueltas\u201d.<\/p>\n\n\n\n<p>Berensztein afirm\u00f3 que este episodio sobre presunta corrupci\u00f3n \u201cdeber\u00eda ser monitoreado de forma muy intensa\u201d, porque el votante independiente comienza a mirar con \u201cdesconfianza\u201d al Gobierno. \u201cEstas cosas pueden modificar alguna decisi\u00f3n de \u00faltimo momento, sobre todo en las candidaturas\u201d, advirti\u00f3 el presidente de IPS LATAM.<\/p>\n\n\n\n<p>En declaraciones a Radio Rivadavia, explic\u00f3 la importancia de mantener la econom\u00eda en buenos niveles, ya que \u2014dijo\u2014 esto se impone sobre el debate de la corrupci\u00f3n en la opini\u00f3n p\u00fablica. \u201cCuando la econom\u00eda va bien, la corrupci\u00f3n puede influir en la opini\u00f3n p\u00fablica pero las cuestiones econ\u00f3micas terminan imponi\u00e9ndose\u201d, se\u00f1al\u00f3.<\/p>\n\n\n\n<p>S<strong>in embargo, Berensztein observ\u00f3 que el Gobierno no logra mantener la econom\u00eda como hab\u00eda prometido y que eso se superpone al alivio que gener\u00f3 la baja de la inflaci\u00f3n.<\/strong> \u201cCuando la econom\u00eda no est\u00e1 bien, como est\u00e1 ocurriendo ahora, te coincide una ola de malestar econ\u00f3mico que se superpone a un alivio generado por la baja de la inflaci\u00f3n. Lo que ten\u00e9s es un Gobierno que tiene que explicar por qu\u00e9 la econom\u00eda no est\u00e1 tan bien como ellos hab\u00edan prometido\u201d, expres\u00f3.<\/p>\n\n\n\n<p>Hizo una comparaci\u00f3n con la gesti\u00f3n de Carlos Menem: \u201cHemos tenido muchos casos de corrupci\u00f3n, y hasta 1997 Menem tuvo victorias muy significativas, entre ellas la reelecci\u00f3n\u201d.<\/p>\n\n\n\n<p>Sobre la campa\u00f1a del actual gobierno, indic\u00f3 que \u201cno es f\u00e1cil hacer campa\u00f1a en este contexto, sobre todo por la din\u00e1mica de las redes sociales\u201d y destac\u00f3 el slogan \u201cKirchnerismo Nunca M\u00e1s\u201d. \u201cEse slogan es para las elecciones provinciales. La pregunta es cu\u00e1l va a ser el que el Gobierno utilice para las nacionales\u201d, coment\u00f3.<\/p>\n\n\n\n<p>Berensztein tambi\u00e9n se refiri\u00f3 a la fragmentaci\u00f3n dentro de la oposici\u00f3n y al espacio Provincias Unidas, que busca consolidarse como una alternativa que no es kirchnerismo. \u201cHay un nivel de fragmentaci\u00f3n enorme dentro de la oposici\u00f3n, ya que (Axel) Kicillof podr\u00eda tener una buena elecci\u00f3n provincial pero no es una figura querida. Con respecto a Provincias Unidas, su discurso anti bonaerense y anti porte\u00f1o le genera l\u00edmites a esa construcci\u00f3n pol\u00edtica. Tiene que resolverlo de una manera creativa, que hasta ahora no lo han logrado\u201d, afirm\u00f3.<\/p>\n\n\n\n<p>Finalmente, asegur\u00f3 que en estas elecciones de medio t\u00e9rmino \u201cno va a haber una fuerza o figura ya definida\u201d, pero s\u00ed quedar\u00e1 consolidado \u201cun espacio para que se construya de cara al 2027\u201d, cuando se celebrar\u00e1n las pr\u00f3ximas elecciones presidenciales.<\/p>\n","protected":false},"excerpt":{"rendered":"<p>El analista pol&iacute;tico sostuvo que las denuncias por coimas en la ANDIS &ldquo;deber&iacute;a ser monitoreado de forma muy intensa&rdquo; por el Gobierno. El analista pol&iacute;tico Sergio Berensztein se refiri&oacute; a la pol&eacute;mica abierta tras la filtraci&oacute;n de los audios del ex titular de la Agencia Nacional de Discapacidad (ANDIS), Diego Spagnuolo, quien acusa a la &hellip; <\/p>\n","protected":false},"author":5,"featured_media":21324,"comment_status":"closed","ping_status":"closed","sticky":false,"template":"","format":"standard","meta":{"om_disable_all_campaigns":false,"_joinchat":[]},"categories":[3],"tags":[46,43,569],"featured_image_urls":{"full":["https:\/\/infotep.com.ar\/wp-content\/uploads\/2025\/03\/milei-libra-memecoin-criptomonedas.jpg",1200,675,false],"thumbnail":["https:\/\/infotep.com.ar\/wp-content\/uploads\/2025\/03\/milei-libra-memecoin-criptomonedas-150x150.jpg",150,150,true],"medium":["https:\/\/infotep.com.ar\/wp-content\/uploads\/2025\/03\/milei-libra-memecoin-criptomonedas-300x169.jpg",300,169,true],"medium_large":["https:\/\/infotep.com.ar\/wp-content\/uploads\/2025\/03\/milei-libra-memecoin-criptomonedas-768x432.jpg",768,432,true],"large":["https:\/\/infotep.com.ar\/wp-content\/uploads\/2025\/03\/milei-libra-memecoin-criptomonedas-1024x576.jpg",1020,574,true],"1536x1536":["https:\/\/infotep.com.ar\/wp-content\/uploads\/2025\/03\/milei-libra-memecoin-criptomonedas.jpg",1200,675,false],"2048x2048":["https:\/\/infotep.com.ar\/wp-content\/uploads\/2025\/03\/milei-libra-memecoin-criptomonedas.jpg",1200,675,false],"blossom-feminine-slider":["https:\/\/infotep.com.ar\/wp-content\/uploads\/2025\/03\/milei-libra-memecoin-criptomonedas-1200x649.jpg",1200,649,true],"blossom-feminine-featured":["https:\/\/infotep.com.ar\/wp-content\/uploads\/2025\/03\/milei-libra-memecoin-criptomonedas-1200x600.jpg",1200,600,true],"blossom-feminine-with-sidebar":["https:\/\/infotep.com.ar\/wp-content\/uploads\/2025\/03\/milei-libra-memecoin-criptomonedas-1020x600.jpg",1020,600,true],"blossom-feminine-blog":["https:\/\/infotep.com.ar\/wp-content\/uploads\/2025\/03\/milei-libra-memecoin-criptomonedas-435x435.jpg",435,435,true],"blossom-feminine-cat":["https:\/\/infotep.com.ar\/wp-content\/uploads\/2025\/03\/milei-libra-memecoin-criptomonedas-450x300.jpg",450,300,true],"blossom-feminine-related":["https:\/\/infotep.com.ar\/wp-content\/uploads\/2025\/03\/milei-libra-memecoin-criptomonedas-320x200.jpg",320,200,true],"blossom-feminine-schema":["https:\/\/infotep.com.ar\/wp-content\/uploads\/2025\/03\/milei-libra-memecoin-criptomonedas-107x60.jpg",107,60,true],"blossom-mommy-blog-slider-big":["https:\/\/infotep.com.ar\/wp-content\/uploads\/2025\/03\/milei-libra-memecoin-criptomonedas-920x650.jpg",920,650,true],"blossom-mommy-blog-slider":["https:\/\/infotep.com.ar\/wp-content\/uploads\/2025\/03\/milei-libra-memecoin-criptomonedas-460x310.jpg",460,310,true],"blossom-mommy-blog-two":["https:\/\/infotep.com.ar\/wp-content\/uploads\/2025\/03\/milei-libra-memecoin-criptomonedas-768x480.jpg",768,480,true]},"author_info":{"info":["Angela Tobar"]},"category_info":"<a href=\"https:\/\/infotep.com.ar\/index.php\/category\/nacionales\/\" rel=\"category tag\">Nacionales<\/a>","tag_info":"Nacionales","comment_count":"0","_links":{"self":[{"href":"https:\/\/infotep.com.ar\/index.php\/wp-json\/wp\/v2\/posts\/26988"}],"collection":[{"href":"https:\/\/infotep.com.ar\/index.php\/wp-json\/wp\/v2\/posts"}],"about":[{"href":"https:\/\/infotep.com.ar\/index.php\/wp-json\/wp\/v2\/types\/post"}],"author":[{"embeddable":true,"href":"https:\/\/infotep.com.ar\/index.php\/wp-json\/wp\/v2\/users\/5"}],"replies":[{"embeddable":true,"href":"https:\/\/infotep.com.ar\/index.php\/wp-json\/wp\/v2\/comments?post=26988"}],"version-history":[{"count":1,"href":"https:\/\/infotep.com.ar\/index.php\/wp-json\/wp\/v2\/posts\/26988\/revisions"}],"predecessor-version":[{"id":26989,"href":"https:\/\/infotep.com.ar\/index.php\/wp-json\/wp\/v2\/posts\/26988\/revisions\/26989"}],"wp:featuredmedia":[{"embeddable":true,"href":"https:\/\/infotep.com.ar\/index.php\/wp-json\/wp\/v2\/media\/21324"}],"wp:attachment":[{"href":"https:\/\/infotep.com.ar\/index.php\/wp-json\/wp\/v2\/media?parent=26988"}],"wp:term":[{"taxonomy":"category","embeddable":true,"href":"https:\/\/infotep.com.ar\/index.php\/wp-json\/wp\/v2\/categories?post=26988"},{"taxonomy":"post_tag","embeddable":true,"href":"https:\/\/infotep.com.ar\/index.php\/wp-json\/wp\/v2\/tags?post=26988"}],"curies":[{"name":"wp","href":"https:\/\/api.w.org\/{rel}","templated":true}]}}