{"id":26990,"date":"2025-08-25T00:54:57","date_gmt":"2025-08-25T03:54:57","guid":{"rendered":"https:\/\/infotep.com.ar\/?p=26990"},"modified":"2025-08-25T00:55:07","modified_gmt":"2025-08-25T03:55:07","slug":"en-medio-del-escandalo-de-corrupcion-karina-milei-aseguro-vinimos-para-que-no-roben-mas","status":"publish","type":"post","link":"https:\/\/infotep.com.ar\/index.php\/2025\/08\/25\/en-medio-del-escandalo-de-corrupcion-karina-milei-aseguro-vinimos-para-que-no-roben-mas\/","title":{"rendered":"En medio del escandalo por corrupci\u00f3n Karina Milei asegur\u00f3: &#8220;Vinimos para que no roben m\u00e1s&#8221;"},"content":{"rendered":"\n<p>La hermana del Presidente reapareci\u00f3 en un acto de La Libertad Avanza en medio del esc\u00e1ndalo por presuntas coimas.<br><br>En medio del esc\u00e1ndalo por presuntas coimas en la Agencia Nacional de Discapacidad (ANDIS), Karina Milei reapareci\u00f3 en p\u00fablico este s\u00e1bado en La Matanza.<\/p>\n\n\n\n<p><strong>La secretaria general de la Presidencia rompi\u00f3 el silencio durante una &#8220;Jornada de Formaci\u00f3n de Fiscales&#8221; en la provincia de Buenos Aires, enviando un mensaje directo a la oposici\u00f3n: &#8220;Vinimos para que no roben m\u00e1s&#8221;.<\/strong><\/p>\n\n\n\n<p class=\"has-light-green-cyan-background-color has-background\">La aparici\u00f3n de Karina se produce en un contexto sumamente cr\u00edtico para ella y el Gobierno. La funcionaria est\u00e1 siendo se\u00f1alada en una causa judicial por un supuesto esquema de cobro y distribuci\u00f3n de coimas dentro de la ANDIS.<\/p>\n\n\n\n<p>Audios filtrados del extitular de la agencia, Diego Spagnuolo, la mencionan como una de las principales beneficiarias del circuito de corrupci\u00f3n investigado.<\/p>\n\n\n\n<p>En este marco, el encuentro, organizado por La Libertad Avanza (LLA), reuni\u00f3 a m\u00e1s de 8.000 personas, seg\u00fan inform\u00f3 el espacio en sus redes sociales. Adem\u00e1s de la hermana del Presidente, participaron destacados dirigentes libertarios y aliados, como Jos\u00e9 Luis Espert, Diego Santilli, Mart\u00edn Menem, Sebasti\u00e1n Pareja y Maximiliano Bondarenko.<\/p>\n\n\n\n<p>&#8220;Quiero agradecerles porque, la verdad, es bestial la cantidad de gente tambi\u00e9n que qued\u00f3 afuera&#8221;, destac\u00f3 Karina Milei ante los miles de asistentes. Y reforz\u00f3 el motivo central de la convocatoria: &#8220;Pero lo m\u00e1s importante es que todos estamos dispuestos a dar la batalla, a ir a fiscalizar para que no nos roben m\u00e1s&#8221;.<\/p>\n\n\n\n<p>Posteriormente, la secretaria general celebr\u00f3 la convocatoria a trav\u00e9s de su cuenta de X (ex Twitter): &#8220;M\u00e1s de 8.000 guerreros en el conurbano se capacitaron para fiscalizar. As\u00ed se defiende la libertad: cuidando cada voto, enfrentando al kirchnerismo y asegurando que nunca m\u00e1s decidan por nosotros. El cambio es en las urnas y en la calle. Libertad o nada&#8221;, afirm\u00f3.<\/p>\n","protected":false},"excerpt":{"rendered":"<p>La hermana del Presidente reapareci&oacute; en un acto de La Libertad Avanza en medio del esc&aacute;ndalo por presuntas coimas. En medio del esc&aacute;ndalo por presuntas coimas en la Agencia Nacional de Discapacidad (ANDIS), Karina Milei reapareci&oacute; en p&uacute;blico este s&aacute;bado en La Matanza. La secretaria general de la Presidencia rompi&oacute; el silencio durante una &ldquo;Jornada &hellip; <\/p>\n","protected":false},"author":5,"featured_media":17013,"comment_status":"closed","ping_status":"closed","sticky":false,"template":"","format":"standard","meta":{"om_disable_all_campaigns":false,"_joinchat":[]},"categories":[3],"tags":[46,43,569],"featured_image_urls":{"full":["https:\/\/infotep.com.ar\/wp-content\/uploads\/2024\/10\/karina-milei.webp",1147,720,false],"thumbnail":["https:\/\/infotep.com.ar\/wp-content\/uploads\/2024\/10\/karina-milei-150x150.webp",150,150,true],"medium":["https:\/\/infotep.com.ar\/wp-content\/uploads\/2024\/10\/karina-milei-300x188.webp",300,188,true],"medium_large":["https:\/\/infotep.com.ar\/wp-content\/uploads\/2024\/10\/karina-milei-768x482.webp",768,482,true],"large":["https:\/\/infotep.com.ar\/wp-content\/uploads\/2024\/10\/karina-milei-1024x643.webp",1020,640,true],"1536x1536":["https:\/\/infotep.com.ar\/wp-content\/uploads\/2024\/10\/karina-milei.webp",1147,720,false],"2048x2048":["https:\/\/infotep.com.ar\/wp-content\/uploads\/2024\/10\/karina-milei.webp",1147,720,false],"blossom-feminine-slider":["https:\/\/infotep.com.ar\/wp-content\/uploads\/2024\/10\/karina-milei-1147x649.webp",1147,649,true],"blossom-feminine-featured":["https:\/\/infotep.com.ar\/wp-content\/uploads\/2024\/10\/karina-milei-1147x600.webp",1147,600,true],"blossom-feminine-with-sidebar":["https:\/\/infotep.com.ar\/wp-content\/uploads\/2024\/10\/karina-milei-1020x600.webp",1020,600,true],"blossom-feminine-blog":["https:\/\/infotep.com.ar\/wp-content\/uploads\/2024\/10\/karina-milei-435x435.webp",435,435,true],"blossom-feminine-cat":["https:\/\/infotep.com.ar\/wp-content\/uploads\/2024\/10\/karina-milei-450x300.webp",450,300,true],"blossom-feminine-related":["https:\/\/infotep.com.ar\/wp-content\/uploads\/2024\/10\/karina-milei-320x200.webp",320,200,true],"blossom-feminine-schema":["https:\/\/infotep.com.ar\/wp-content\/uploads\/2024\/10\/karina-milei-96x60.webp",96,60,true],"blossom-mommy-blog-slider-big":["https:\/\/infotep.com.ar\/wp-content\/uploads\/2024\/10\/karina-milei-920x650.webp",920,650,true],"blossom-mommy-blog-slider":["https:\/\/infotep.com.ar\/wp-content\/uploads\/2024\/10\/karina-milei-460x310.webp",460,310,true],"blossom-mommy-blog-two":["https:\/\/infotep.com.ar\/wp-content\/uploads\/2024\/10\/karina-milei-768x480.webp",768,480,true]},"author_info":{"info":["Angela Tobar"]},"category_info":"<a href=\"https:\/\/infotep.com.ar\/index.php\/category\/nacionales\/\" rel=\"category tag\">Nacionales<\/a>","tag_info":"Nacionales","comment_count":"0","_links":{"self":[{"href":"https:\/\/infotep.com.ar\/index.php\/wp-json\/wp\/v2\/posts\/26990"}],"collection":[{"href":"https:\/\/infotep.com.ar\/index.php\/wp-json\/wp\/v2\/posts"}],"about":[{"href":"https:\/\/infotep.com.ar\/index.php\/wp-json\/wp\/v2\/types\/post"}],"author":[{"embeddable":true,"href":"https:\/\/infotep.com.ar\/index.php\/wp-json\/wp\/v2\/users\/5"}],"replies":[{"embeddable":true,"href":"https:\/\/infotep.com.ar\/index.php\/wp-json\/wp\/v2\/comments?post=26990"}],"version-history":[{"count":2,"href":"https:\/\/infotep.com.ar\/index.php\/wp-json\/wp\/v2\/posts\/26990\/revisions"}],"predecessor-version":[{"id":26992,"href":"https:\/\/infotep.com.ar\/index.php\/wp-json\/wp\/v2\/posts\/26990\/revisions\/26992"}],"wp:featuredmedia":[{"embeddable":true,"href":"https:\/\/infotep.com.ar\/index.php\/wp-json\/wp\/v2\/media\/17013"}],"wp:attachment":[{"href":"https:\/\/infotep.com.ar\/index.php\/wp-json\/wp\/v2\/media?parent=26990"}],"wp:term":[{"taxonomy":"category","embeddable":true,"href":"https:\/\/infotep.com.ar\/index.php\/wp-json\/wp\/v2\/categories?post=26990"},{"taxonomy":"post_tag","embeddable":true,"href":"https:\/\/infotep.com.ar\/index.php\/wp-json\/wp\/v2\/tags?post=26990"}],"curies":[{"name":"wp","href":"https:\/\/api.w.org\/{rel}","templated":true}]}}