{"id":27179,"date":"2025-08-30T17:30:28","date_gmt":"2025-08-30T20:30:28","guid":{"rendered":"https:\/\/infotep.com.ar\/?p=27179"},"modified":"2025-08-30T17:30:29","modified_gmt":"2025-08-30T20:30:29","slug":"continua-la-motosierra-se-perdieron-mas-de-45-mil-empleos-estatales-desde-la-llegada-de-milei","status":"publish","type":"post","link":"https:\/\/infotep.com.ar\/index.php\/2025\/08\/30\/continua-la-motosierra-se-perdieron-mas-de-45-mil-empleos-estatales-desde-la-llegada-de-milei\/","title":{"rendered":"Contin\u00faa la \u201cmotosierra\u201d: se perdieron m\u00e1s de 45 mil empleos estatales desde la llegada de Milei"},"content":{"rendered":"\n<p>Sin embargo, hubo un \u00e1rea que registr\u00f3 un aumento del 0,4% e increment\u00f3 la cantidad de personal.<br><br>La dotaci\u00f3n de personal de la administraci\u00f3n p\u00fablica nacional, empresas y sociedades contin\u00faa siendo recortada, y en julio se redujo un 7,4% en comparaci\u00f3n con el mismo mes del 2024 y el n\u00famero asciende a 46.126, seg\u00fan inform\u00f3 el Instituto Nacional de Estad\u00edsticas y Censos (INDEC).<\/p>\n\n\n\n<p>Con relaci\u00f3n a junio, la Administraci\u00f3n P\u00fablica Nacional (APN) se redujo 0,5% y qued\u00f3 con un total de 287.658 empleados.<\/p>\n\n\n\n<p>Desde que asumi\u00f3 el gobierno de Javier Milei, la APN redujo un total de 46.126 empleos estatales entre la administraci\u00f3n p\u00fablica, empresas y sociedades. En porcentaje, se redujo un 13,8% desde enero del 2024 hasta julio del 2025.<\/p>\n\n\n\n<p>La administraci\u00f3n centralizada, que engloba todos los ministerios, cerr\u00f3 el s\u00e9ptimo mes del a\u00f1o con un total de 40.486 empleados, una reducci\u00f3n del 0,2% mensual en su personal.<\/p>\n\n\n\n<p>La administraci\u00f3n descentralizada, que incluye agencias, institutos, comisiones, fondos y servicios, bancos y medios de comunicaci\u00f3n, entre otros, fue el \u00e1rea p\u00fablica que m\u00e1s se redujo en julio: se disminuy\u00f3 0,8% con 119.107.<\/p>\n\n\n\n<p>La desconcentrada, a diferencia del resto, fue la \u00fanica que registr\u00f3 un incremento en su personal del 0,4% con un total de 22.654 empleos.<\/p>\n\n\n\n<p>El rubro de \u201cotros entes\u201d figur\u00f3 con un total de 14.234 empleos en julio. En comparaci\u00f3n mensual, se perdi\u00f3 un 0,6% de la administraci\u00f3n.<\/p>\n\n\n\n<p>Por \u00faltimo, \u201cempresas y sociedades\u201d cerr\u00f3 julio con 91.177. Esto signific\u00f3 un descenso de 0,5% con respecto a junio.<\/p>\n\n\n\n<p>Desde el Ministerio Desregulaci\u00f3n y Transformaci\u00f3n del Estado, a cargo de Federico Sturzenegger, indicaron que el ahorro total que el logr\u00f3 durante la gesti\u00f3n de Javier Milei ascendi\u00f3 a US$2.106 millones anuales.<\/p>\n\n\n\n<p>\u201cEsta medida refleja el compromiso del Gobierno con la reducci\u00f3n del gasto p\u00fablico y su determinaci\u00f3n de cumplir con las promesas de eficiencia y austeridad en la administraci\u00f3n p\u00fablica\u201d, se\u00f1alaron.<\/p>\n\n\n\n<p>En el informe elaborado por esa cartera, se detall\u00f3 que durante los 20 meses del gobierno de Milei, se implement\u00f3 una \u201cprofunda reestructuraci\u00f3n\u201d del sector p\u00fablico, en el que se eliminaron m\u00e1s de 53.000 empeos estatales.<\/p>\n\n\n\n<p>As\u00ed, se generar\u00eda \u201cun ahorro anual de US$1.053 millones en sueldos\u201d, seg\u00fan detallaron.<\/p>\n\n\n\n<p>Al respecto, Sturzenegger afirm\u00f3 que \u201csigue la motosierra\u201d que \u201cpermiti\u00f3 sacar a 12 millones de argentinos de la pobreza\u201d.<\/p>\n\n\n\n<p>\u201cMientras el kirchnerismo intenta retrotraernos al modelo de pobreza e inflaci\u00f3n, nosotros avanzamos haciendo lo que est\u00e1 bien: bajar el gasto in\u00fatil para poder bajarle los impuestos a los argentinos. Gracias presidente Javier Milei por el liderazgo. \u00a1VLLC!\u201d, concluy\u00f3, es valido aclarar que ese gasto &#8220;inutil&#8221; que menciona es el ingreso de miles de familias y no detall\u00f3 cu\u00e1les son los impuestos que les bajaron a la clase com\u00fan trabajadora, ya que hasta la fecha las \u00fanicas medidas favorables fueron para los sectores m\u00e1s acomodados, como la baja de retenciones, blanqueo de dinero, etc.<\/p>\n","protected":false},"excerpt":{"rendered":"<p>Sin embargo, hubo un &aacute;rea que registr&oacute; un aumento del 0,4% e increment&oacute; la cantidad de personal. La dotaci&oacute;n de personal de la administraci&oacute;n p&uacute;blica nacional, empresas y sociedades contin&uacute;a siendo recortada, y en julio se redujo un 7,4% en comparaci&oacute;n con el mismo mes del 2024 y el n&uacute;mero asciende a 46.126, seg&uacute;n inform&oacute; &hellip; <\/p>\n","protected":false},"author":5,"featured_media":15270,"comment_status":"closed","ping_status":"closed","sticky":false,"template":"","format":"standard","meta":{"om_disable_all_campaigns":false,"_joinchat":[]},"categories":[31,3],"tags":[46,43,569],"featured_image_urls":{"full":["https:\/\/infotep.com.ar\/wp-content\/uploads\/2024\/08\/milei.webp",1154,720,false],"thumbnail":["https:\/\/infotep.com.ar\/wp-content\/uploads\/2024\/08\/milei-150x150.webp",150,150,true],"medium":["https:\/\/infotep.com.ar\/wp-content\/uploads\/2024\/08\/milei-300x187.webp",300,187,true],"medium_large":["https:\/\/infotep.com.ar\/wp-content\/uploads\/2024\/08\/milei-768x479.webp",768,479,true],"large":["https:\/\/infotep.com.ar\/wp-content\/uploads\/2024\/08\/milei-1024x639.webp",1020,637,true],"1536x1536":["https:\/\/infotep.com.ar\/wp-content\/uploads\/2024\/08\/milei.webp",1154,720,false],"2048x2048":["https:\/\/infotep.com.ar\/wp-content\/uploads\/2024\/08\/milei.webp",1154,720,false],"blossom-feminine-slider":["https:\/\/infotep.com.ar\/wp-content\/uploads\/2024\/08\/milei-1154x649.webp",1154,649,true],"blossom-feminine-featured":["https:\/\/infotep.com.ar\/wp-content\/uploads\/2024\/08\/milei-1154x600.webp",1154,600,true],"blossom-feminine-with-sidebar":["https:\/\/infotep.com.ar\/wp-content\/uploads\/2024\/08\/milei-1020x600.webp",1020,600,true],"blossom-feminine-blog":["https:\/\/infotep.com.ar\/wp-content\/uploads\/2024\/08\/milei-435x435.webp",435,435,true],"blossom-feminine-cat":["https:\/\/infotep.com.ar\/wp-content\/uploads\/2024\/08\/milei-450x300.webp",450,300,true],"blossom-feminine-related":["https:\/\/infotep.com.ar\/wp-content\/uploads\/2024\/08\/milei-320x200.webp",320,200,true],"blossom-feminine-schema":["https:\/\/infotep.com.ar\/wp-content\/uploads\/2024\/08\/milei-96x60.webp",96,60,true],"blossom-mommy-blog-slider-big":["https:\/\/infotep.com.ar\/wp-content\/uploads\/2024\/08\/milei-920x650.webp",920,650,true],"blossom-mommy-blog-slider":["https:\/\/infotep.com.ar\/wp-content\/uploads\/2024\/08\/milei-460x310.webp",460,310,true],"blossom-mommy-blog-two":["https:\/\/infotep.com.ar\/wp-content\/uploads\/2024\/08\/milei-768x480.webp",768,480,true]},"author_info":{"info":["Angela Tobar"]},"category_info":"<a href=\"https:\/\/infotep.com.ar\/index.php\/category\/destacadas\/\" rel=\"category tag\">Destacadas<\/a> <a href=\"https:\/\/infotep.com.ar\/index.php\/category\/nacionales\/\" rel=\"category tag\">Nacionales<\/a>","tag_info":"Nacionales","comment_count":"0","_links":{"self":[{"href":"https:\/\/infotep.com.ar\/index.php\/wp-json\/wp\/v2\/posts\/27179"}],"collection":[{"href":"https:\/\/infotep.com.ar\/index.php\/wp-json\/wp\/v2\/posts"}],"about":[{"href":"https:\/\/infotep.com.ar\/index.php\/wp-json\/wp\/v2\/types\/post"}],"author":[{"embeddable":true,"href":"https:\/\/infotep.com.ar\/index.php\/wp-json\/wp\/v2\/users\/5"}],"replies":[{"embeddable":true,"href":"https:\/\/infotep.com.ar\/index.php\/wp-json\/wp\/v2\/comments?post=27179"}],"version-history":[{"count":1,"href":"https:\/\/infotep.com.ar\/index.php\/wp-json\/wp\/v2\/posts\/27179\/revisions"}],"predecessor-version":[{"id":27180,"href":"https:\/\/infotep.com.ar\/index.php\/wp-json\/wp\/v2\/posts\/27179\/revisions\/27180"}],"wp:featuredmedia":[{"embeddable":true,"href":"https:\/\/infotep.com.ar\/index.php\/wp-json\/wp\/v2\/media\/15270"}],"wp:attachment":[{"href":"https:\/\/infotep.com.ar\/index.php\/wp-json\/wp\/v2\/media?parent=27179"}],"wp:term":[{"taxonomy":"category","embeddable":true,"href":"https:\/\/infotep.com.ar\/index.php\/wp-json\/wp\/v2\/categories?post=27179"},{"taxonomy":"post_tag","embeddable":true,"href":"https:\/\/infotep.com.ar\/index.php\/wp-json\/wp\/v2\/tags?post=27179"}],"curies":[{"name":"wp","href":"https:\/\/api.w.org\/{rel}","templated":true}]}}