{"id":27181,"date":"2025-08-30T17:34:21","date_gmt":"2025-08-30T20:34:21","guid":{"rendered":"https:\/\/infotep.com.ar\/?p=27181"},"modified":"2025-08-30T17:34:22","modified_gmt":"2025-08-30T20:34:22","slug":"gravedad-monumental-santilli-pidio-justicia-por-los-audios-de-karina-milei","status":"publish","type":"post","link":"https:\/\/infotep.com.ar\/index.php\/2025\/08\/30\/gravedad-monumental-santilli-pidio-justicia-por-los-audios-de-karina-milei\/","title":{"rendered":"&#8220;Gravedad monumental&#8221;: Santilli pidi\u00f3 justicia por los audios de Karina Milei"},"content":{"rendered":"\n<p class=\"has-light-green-cyan-background-color has-background\">El candidato a diputado nacional libertario enfatiz\u00f3 la necesidad de ir &#8220;a fondo&#8221; para esclarecer la situaci\u00f3n que involucra a la hermana del Presidente.<br><br>El candidato a diputado nacional por la Alianza La Libertad Avanza, Diego Santilli calific\u00f3 como de \u201cgravedad monumental\u201d la difusi\u00f3n de los audios de Karina Milei, Secretaria General de la Presidencia, en el marco del esc\u00e1ndalo por presuntas coimas en el \u00e1rea de discapacidad.<\/p>\n\n\n\n<p>Seg\u00fan el referente del PRO bonaerense, los registros son una maniobra de grupos de poder e inteligencia que buscan interferir en la pol\u00edtica, particularmente en la previa de los comicios bonaerenses del 7 de septiembre.<\/p>\n\n\n\n<p>\u201cDe ser verdad esos supuestos audios, es de una gravedad monumental en nuestro pa\u00eds. Que haya grupos de poder de inteligencia que hagan este tipo de cosas es inaceptable si fuera verdad porque ya a esta altura\u2026 siempre pasa lo mismo en nuestro pa\u00eds. Siempre los mismos hacen lo mismo quince d\u00edas antes de que comience una elecci\u00f3n\u201d, sostuvo Santilli en declaraciones radiales.<\/p>\n\n\n\n<p><strong>El candidato enfatiz\u00f3 la necesidad de ir \u201ca fondo\u201d para esclarecer la situaci\u00f3n y sancionar a los responsables. \u201cSi esto fuera as\u00ed, ser\u00eda grav\u00edsimo. Hay que ir a fondo contra estos tipos, ir a buscarlos y meterlos en cana. Hay que dejarse de joder con estas cosas en Argentina. No se puede seguir viviendo de esta manera, en un pa\u00eds tenemos que tener respeto a las instituciones\u201d, afirm\u00f3.<\/strong><\/p>\n\n\n\n<p>Santilli se\u00f1al\u00f3 que la difusi\u00f3n de los audios golpea directamente a la Casa Rosada, que intenta mitigar el impacto electoral y controlar el da\u00f1o pol\u00edtico antes de los pr\u00f3ximos comicios.<\/p>\n\n\n\n<p><strong>\u201cLos votantes no son sonsos\u201d<br><\/strong>Por otra parte, y en relaci\u00f3n a las elecciones legislativas bonaerenses del pr\u00f3ximo domingo 7 de septiembre, Diego Santilli, se mostr\u00f3 confiado en la performance de la fuerza. Sostuvo que los votantes \u201cno son sonsos\u201d y que, pese a los conflictos que rodean al oficialismo, la boleta libertaria impondr\u00e1 su ventaja en las urnas.<\/p>\n\n\n\n<p>Sobre el impacto que los \u00faltimos esc\u00e1ndalos podr\u00edan tener en los comicios, Santilli se\u00f1al\u00f3 que la ciudadan\u00eda est\u00e1 acostumbrada a este tipo de situaciones y que su influencia ser\u00e1 limitada. \u201cCada vez que se aproxima una elecci\u00f3n, estos episodios vuelven a pasar, pero la gente sabe interpretar\u201d, asegur\u00f3.<\/p>\n\n\n\n<p>El candidato tambi\u00e9n adelant\u00f3 su visi\u00f3n sobre los pr\u00f3ximos meses electorales: \u201cEn octubre, el Gobierno nacional va a ganar contundentemente, con el presidente Milei consolidando su apoyo. Pero en septiembre, en la elecci\u00f3n provincial, la gente est\u00e1 entendiendo qu\u00e9 representa cada cargo y va a votar con conciencia; por eso La Libertad Avanza ser\u00e1 la fuerza ganadora\u201d, enfatiz\u00f3.<\/p>\n\n\n\n<p>Santilli finalmente subray\u00f3 la importancia de que los votantes participen y miren hacia el futuro: \u201cEsta \u00faltima semana es clave para que la gente tome consciencia de que ir a votar es mirar hacia adelante\u201d.<\/p>\n","protected":false},"excerpt":{"rendered":"<p>El candidato a diputado nacional libertario enfatiz&oacute; la necesidad de ir &ldquo;a fondo&rdquo; para esclarecer la situaci&oacute;n que involucra a la hermana del Presidente. El candidato a diputado nacional por la Alianza La Libertad Avanza, Diego Santilli calific&oacute; como de &ldquo;gravedad monumental&rdquo; la difusi&oacute;n de los audios de Karina Milei, Secretaria General de la Presidencia, &hellip; <\/p>\n","protected":false},"author":5,"featured_media":4390,"comment_status":"closed","ping_status":"closed","sticky":false,"template":"","format":"standard","meta":{"om_disable_all_campaigns":false,"_joinchat":[]},"categories":[4],"tags":[46,43,569],"featured_image_urls":{"full":["https:\/\/infotep.com.ar\/wp-content\/uploads\/2023\/04\/diego-santilli.jpg",630,394,false],"thumbnail":["https:\/\/infotep.com.ar\/wp-content\/uploads\/2023\/04\/diego-santilli-150x150.jpg",150,150,true],"medium":["https:\/\/infotep.com.ar\/wp-content\/uploads\/2023\/04\/diego-santilli-300x188.jpg",300,188,true],"medium_large":["https:\/\/infotep.com.ar\/wp-content\/uploads\/2023\/04\/diego-santilli.jpg",630,394,false],"large":["https:\/\/infotep.com.ar\/wp-content\/uploads\/2023\/04\/diego-santilli.jpg",630,394,false],"1536x1536":["https:\/\/infotep.com.ar\/wp-content\/uploads\/2023\/04\/diego-santilli.jpg",630,394,false],"2048x2048":["https:\/\/infotep.com.ar\/wp-content\/uploads\/2023\/04\/diego-santilli.jpg",630,394,false],"blossom-feminine-slider":["https:\/\/infotep.com.ar\/wp-content\/uploads\/2023\/04\/diego-santilli.jpg",630,394,false],"blossom-feminine-featured":["https:\/\/infotep.com.ar\/wp-content\/uploads\/2023\/04\/diego-santilli.jpg",630,394,false],"blossom-feminine-with-sidebar":["https:\/\/infotep.com.ar\/wp-content\/uploads\/2023\/04\/diego-santilli.jpg",630,394,false],"blossom-feminine-blog":["https:\/\/infotep.com.ar\/wp-content\/uploads\/2023\/04\/diego-santilli-435x394.jpg",435,394,true],"blossom-feminine-cat":["https:\/\/infotep.com.ar\/wp-content\/uploads\/2023\/04\/diego-santilli-450x300.jpg",450,300,true],"blossom-feminine-related":["https:\/\/infotep.com.ar\/wp-content\/uploads\/2023\/04\/diego-santilli-320x200.jpg",320,200,true],"blossom-feminine-schema":["https:\/\/infotep.com.ar\/wp-content\/uploads\/2023\/04\/diego-santilli-96x60.jpg",96,60,true],"blossom-mommy-blog-slider-big":["https:\/\/infotep.com.ar\/wp-content\/uploads\/2023\/04\/diego-santilli.jpg",630,394,false],"blossom-mommy-blog-slider":["https:\/\/infotep.com.ar\/wp-content\/uploads\/2023\/04\/diego-santilli-460x310.jpg",460,310,true],"blossom-mommy-blog-two":["https:\/\/infotep.com.ar\/wp-content\/uploads\/2023\/04\/diego-santilli.jpg",630,394,false]},"author_info":{"info":["Angela Tobar"]},"category_info":"<a href=\"https:\/\/infotep.com.ar\/index.php\/category\/provinciales\/\" rel=\"category tag\">Provinciales<\/a>","tag_info":"Provinciales","comment_count":"0","_links":{"self":[{"href":"https:\/\/infotep.com.ar\/index.php\/wp-json\/wp\/v2\/posts\/27181"}],"collection":[{"href":"https:\/\/infotep.com.ar\/index.php\/wp-json\/wp\/v2\/posts"}],"about":[{"href":"https:\/\/infotep.com.ar\/index.php\/wp-json\/wp\/v2\/types\/post"}],"author":[{"embeddable":true,"href":"https:\/\/infotep.com.ar\/index.php\/wp-json\/wp\/v2\/users\/5"}],"replies":[{"embeddable":true,"href":"https:\/\/infotep.com.ar\/index.php\/wp-json\/wp\/v2\/comments?post=27181"}],"version-history":[{"count":1,"href":"https:\/\/infotep.com.ar\/index.php\/wp-json\/wp\/v2\/posts\/27181\/revisions"}],"predecessor-version":[{"id":27182,"href":"https:\/\/infotep.com.ar\/index.php\/wp-json\/wp\/v2\/posts\/27181\/revisions\/27182"}],"wp:featuredmedia":[{"embeddable":true,"href":"https:\/\/infotep.com.ar\/index.php\/wp-json\/wp\/v2\/media\/4390"}],"wp:attachment":[{"href":"https:\/\/infotep.com.ar\/index.php\/wp-json\/wp\/v2\/media?parent=27181"}],"wp:term":[{"taxonomy":"category","embeddable":true,"href":"https:\/\/infotep.com.ar\/index.php\/wp-json\/wp\/v2\/categories?post=27181"},{"taxonomy":"post_tag","embeddable":true,"href":"https:\/\/infotep.com.ar\/index.php\/wp-json\/wp\/v2\/tags?post=27181"}],"curies":[{"name":"wp","href":"https:\/\/api.w.org\/{rel}","templated":true}]}}