{"id":27203,"date":"2025-09-01T11:02:56","date_gmt":"2025-09-01T14:02:56","guid":{"rendered":"https:\/\/infotep.com.ar\/?p=27203"},"modified":"2025-09-01T11:05:24","modified_gmt":"2025-09-01T14:05:24","slug":"elecciones-milei-sumo-una-nueva-derrota","status":"publish","type":"post","link":"https:\/\/infotep.com.ar\/index.php\/2025\/09\/01\/elecciones-milei-sumo-una-nueva-derrota\/","title":{"rendered":"Elecciones: Milei sum\u00f3 una nueva derrota"},"content":{"rendered":"\n<h3><em>Las elecciones en la provincia de Corrientes le imprimieron una nueva derrota al gobierno de Milei, parece que las fuerzas del cielo dejaron de acompa\u00f1arlo.<\/em><\/h3>\n\n\n\n<p><em>Por Rub\u00e9n Magliotti<\/em><\/p>\n\n\n\n<p>Sin sorpresas para el oficialismo local de la provincia de Corrientes, el actual gobernador propuso a su hermano como candidato para ejercer el mandato del Poder Ejecutivo provincial desde el 2025 al 2029.<\/p>\n\n\n\n<p><strong><em>El radicalismo viene gobernando Corrientes desde el 2001<\/em><\/strong>, primero Ricardo, luego su primo Arturo y otra vez Ricardo Colombi, hasta que en el 2017 asumi\u00f3 Gustavo Vald\u00e9z, quien ejerci\u00f3 el cargo durante dos per\u00edodos simult\u00e1neos, ahora sin la posibilidad de la segunda reelecci\u00f3n, postul\u00f3 a su hermano Juan Pablo quien en el d\u00eda de ayer se consagr\u00f3 como gobernador electo en primera vuelta con el 51,9% de los votos.<\/p>\n\n\n\n<figure class=\"wp-block-image size-full\"><img decoding=\"async\" loading=\"lazy\" width=\"388\" height=\"581\" src=\"https:\/\/infotep.com.ar\/wp-content\/uploads\/2025\/09\/image.png\" alt=\"\" class=\"wp-image-27204\" srcset=\"https:\/\/infotep.com.ar\/wp-content\/uploads\/2025\/09\/image.png 388w, https:\/\/infotep.com.ar\/wp-content\/uploads\/2025\/09\/image-200x300.png 200w, https:\/\/infotep.com.ar\/wp-content\/uploads\/2025\/09\/image-40x60.png 40w\" sizes=\"(max-width: 388px) 100vw, 388px\" \/><\/figure>\n\n\n\n<p><strong><em>Segundo el candidato de Cristina Kirchner Mart\u00edn Ignacio Asc\u00faa<\/em><\/strong>&nbsp;con el 20%, tercero con apenas el 16,7% Ricardo Colombi, quien hab\u00eda postulado a Vald\u00e9z en el 2017 con la intenci\u00f3n de volver en el 2021,&nbsp;<strong><em>pero algo fall\u00f3 y Vald\u00e9z se qued\u00f3 un periodo mas y ahora postul\u00f3 a su hermano<\/em><\/strong>, convirti\u00e9ndose en el nuevo caudillo radical.<\/p>\n\n\n\n<p><strong><em>En el cuarto lugar dos grandes derrotados que pueden preanunciar el mismo resultado en la provincia de Buenos Aires este pr\u00f3ximo fin de semana.<\/em><\/strong>&nbsp;La estrategia electoral de&nbsp;<strong><em>Karina Milei&nbsp;<\/em><\/strong>de no querer conformar alianzas con los oficialismo locales, como sucedi\u00f3 en el Chaco, y su candidato&nbsp;<strong><em>Claudio Lisandro Almir\u00f3n&nbsp;<\/em><\/strong>que con un 9,5% ni siquiera alcanz\u00f3 los 10 puntos.&nbsp;&nbsp;&nbsp;<\/p>\n\n\n\n<p>Entre los audios que la apuntan como la destinataria de las coimas en la compra de medicamentos para la Agencia Nacional de Discapacidad, al cual su renunciado titular Diego Spagnuolo ha difundido por las redes sociales y el dise\u00f1o de su estrategia electoral de&nbsp;<strong><em>\u201cnada sin violeta\u201d,<\/em><\/strong>&nbsp;la secretaria general de la presidencia le est\u00e1&nbsp;<strong><em>asestando el nockaut a un gobierno que se est\u00e1 derrumbando<\/em><\/strong>.<\/p>\n\n\n\n<h3>Nada est\u00e1 saliendo bien<\/h3>\n\n\n\n<p>Los indicadores socioecon\u00f3micos vienen alertando la gravedad de la situaci\u00f3n. Cada vez m\u00e1s pobres, familias con multitrabajos para mantenerse, hogares que al d\u00eda 20 llegaron a fin de mes,&nbsp;<strong><em>son el 70% de la poblaci\u00f3n con problemas econ\u00f3micos.<\/em><\/strong><\/p>\n\n\n\n<p>El 30% restante, al cual el gobierno privilegia,&nbsp;<strong><em>le esta provocando una fuga de d\u00f3lares&nbsp;<\/em><\/strong>que atesora para su ahorro o viajes al exterior. Es que&nbsp;<strong><em>en Julio los argentinos que pueden, compraron 3.400 millones de d\u00f3lares y gastaron por tarjeta otros 1.200 millones m\u00e1s.<\/em><\/strong><\/p>\n\n\n\n<p><strong><em>Todo lo que nos ahorramos en materia de importaciones por el funcionamiento de Vaca Muerta,&nbsp;<\/em><\/strong>est\u00e1 debajo de los colchones o en la compra de bienes y servicios nada queda para el pa\u00eds.<\/p>\n\n\n\n<p><strong><em>El gobierno de Milei y Caputo, saben que esto es una bomba de tiempo a punto de estallar<\/em><\/strong>, retrasan la detonaci\u00f3n elevando la tasa de inter\u00e9s de los plazos fijos y los encajes de los bancos, para enfriar la econom\u00eda y que no se dispare el d\u00f3lar, pero ni as\u00ed la cosa est\u00e1 resultando, sino los d\u00f3lares no deber\u00edan consumirse.<\/p>\n\n\n\n<p>Pero no s\u00f3lo la divisa verde se est\u00e1 yendo, la semana pasada la inconclusa caravana por Lomas de Zamora de Milei, Karina y Espert fue abortada por la lluvia de piedras y br\u00f3colis, lo mismo le ocurri\u00f3 en Corrientes, primero con los insultos que recibieron por las calles de la capital provincial junto a Mart\u00edn Menem y luego por el p\u00e9simo resultado electoral.<\/p>\n\n\n\n<p><strong><em>Ahora Milei viajar\u00e1 tras el cierre de la campa\u00f1a de La Libertad Avanza<\/em><\/strong>&nbsp;bonaerense, supuestamente porque a\u00fan est\u00e1 por confirmar,&nbsp;<strong><em>en el municipio de Moreno<\/em><\/strong>.&nbsp;<\/p>\n\n\n\n<p>Primero ir\u00e1 rumbo a la ciudad estadounidense de Los \u00c1ngeles y luego seguir\u00e1 hacia Las Vegas,<strong><em>&nbsp;ser\u00e1 su salida n\u00famero 21 en 20 meses de gobierno, seg\u00fan fuentes period\u00edsticas ya se gast\u00f3 casi 4 millones de d\u00f3lares en sus 24 giras que suman 9 veces la vuelta al mundo.<\/em><\/strong><\/p>\n\n\n\n<p><\/p>\n","protected":false},"excerpt":{"rendered":"<p>Las elecciones en la provincia de Corrientes le imprimieron una nueva derrota al gobierno de Milei, parece que las fuerzas del cielo dejaron de acompa&ntilde;arlo. Por Rub&eacute;n Magliotti Sin sorpresas para el oficialismo local de la provincia de Corrientes, el actual gobernador propuso a su hermano como candidato para ejercer el mandato del Poder Ejecutivo &hellip; <\/p>\n","protected":false},"author":5,"featured_media":9160,"comment_status":"closed","ping_status":"closed","sticky":false,"template":"","format":"standard","meta":{"om_disable_all_campaigns":false,"_joinchat":[]},"categories":[31,4],"tags":[],"featured_image_urls":{"full":["https:\/\/infotep.com.ar\/wp-content\/uploads\/2023\/11\/elecciones-2023.jpg",1200,675,false],"thumbnail":["https:\/\/infotep.com.ar\/wp-content\/uploads\/2023\/11\/elecciones-2023-150x150.jpg",150,150,true],"medium":["https:\/\/infotep.com.ar\/wp-content\/uploads\/2023\/11\/elecciones-2023-300x169.jpg",300,169,true],"medium_large":["https:\/\/infotep.com.ar\/wp-content\/uploads\/2023\/11\/elecciones-2023-768x432.jpg",768,432,true],"large":["https:\/\/infotep.com.ar\/wp-content\/uploads\/2023\/11\/elecciones-2023-1024x576.jpg",1020,574,true],"1536x1536":["https:\/\/infotep.com.ar\/wp-content\/uploads\/2023\/11\/elecciones-2023.jpg",1200,675,false],"2048x2048":["https:\/\/infotep.com.ar\/wp-content\/uploads\/2023\/11\/elecciones-2023.jpg",1200,675,false],"blossom-feminine-slider":["https:\/\/infotep.com.ar\/wp-content\/uploads\/2023\/11\/elecciones-2023-1200x649.jpg",1200,649,true],"blossom-feminine-featured":["https:\/\/infotep.com.ar\/wp-content\/uploads\/2023\/11\/elecciones-2023-1200x600.jpg",1200,600,true],"blossom-feminine-with-sidebar":["https:\/\/infotep.com.ar\/wp-content\/uploads\/2023\/11\/elecciones-2023-1020x600.jpg",1020,600,true],"blossom-feminine-blog":["https:\/\/infotep.com.ar\/wp-content\/uploads\/2023\/11\/elecciones-2023-435x435.jpg",435,435,true],"blossom-feminine-cat":["https:\/\/infotep.com.ar\/wp-content\/uploads\/2023\/11\/elecciones-2023-450x300.jpg",450,300,true],"blossom-feminine-related":["https:\/\/infotep.com.ar\/wp-content\/uploads\/2023\/11\/elecciones-2023-320x200.jpg",320,200,true],"blossom-feminine-schema":["https:\/\/infotep.com.ar\/wp-content\/uploads\/2023\/11\/elecciones-2023-107x60.jpg",107,60,true],"blossom-mommy-blog-slider-big":["https:\/\/infotep.com.ar\/wp-content\/uploads\/2023\/11\/elecciones-2023-920x650.jpg",920,650,true],"blossom-mommy-blog-slider":["https:\/\/infotep.com.ar\/wp-content\/uploads\/2023\/11\/elecciones-2023-460x310.jpg",460,310,true],"blossom-mommy-blog-two":["https:\/\/infotep.com.ar\/wp-content\/uploads\/2023\/11\/elecciones-2023-768x480.jpg",768,480,true]},"author_info":{"info":["Angela Tobar"]},"category_info":"<a href=\"https:\/\/infotep.com.ar\/index.php\/category\/destacadas\/\" rel=\"category tag\">Destacadas<\/a> <a href=\"https:\/\/infotep.com.ar\/index.php\/category\/provinciales\/\" rel=\"category tag\">Provinciales<\/a>","tag_info":"Provinciales","comment_count":"0","_links":{"self":[{"href":"https:\/\/infotep.com.ar\/index.php\/wp-json\/wp\/v2\/posts\/27203"}],"collection":[{"href":"https:\/\/infotep.com.ar\/index.php\/wp-json\/wp\/v2\/posts"}],"about":[{"href":"https:\/\/infotep.com.ar\/index.php\/wp-json\/wp\/v2\/types\/post"}],"author":[{"embeddable":true,"href":"https:\/\/infotep.com.ar\/index.php\/wp-json\/wp\/v2\/users\/5"}],"replies":[{"embeddable":true,"href":"https:\/\/infotep.com.ar\/index.php\/wp-json\/wp\/v2\/comments?post=27203"}],"version-history":[{"count":1,"href":"https:\/\/infotep.com.ar\/index.php\/wp-json\/wp\/v2\/posts\/27203\/revisions"}],"predecessor-version":[{"id":27205,"href":"https:\/\/infotep.com.ar\/index.php\/wp-json\/wp\/v2\/posts\/27203\/revisions\/27205"}],"wp:featuredmedia":[{"embeddable":true,"href":"https:\/\/infotep.com.ar\/index.php\/wp-json\/wp\/v2\/media\/9160"}],"wp:attachment":[{"href":"https:\/\/infotep.com.ar\/index.php\/wp-json\/wp\/v2\/media?parent=27203"}],"wp:term":[{"taxonomy":"category","embeddable":true,"href":"https:\/\/infotep.com.ar\/index.php\/wp-json\/wp\/v2\/categories?post=27203"},{"taxonomy":"post_tag","embeddable":true,"href":"https:\/\/infotep.com.ar\/index.php\/wp-json\/wp\/v2\/tags?post=27203"}],"curies":[{"name":"wp","href":"https:\/\/api.w.org\/{rel}","templated":true}]}}