{"id":27206,"date":"2025-09-01T18:13:46","date_gmt":"2025-09-01T21:13:46","guid":{"rendered":"https:\/\/infotep.com.ar\/?p=27206"},"modified":"2025-09-01T18:13:47","modified_gmt":"2025-09-01T21:13:47","slug":"la-justicia-ordeno-frenar-la-difusion-de-los-audios-atribuidos-a-karina-milei-grabados-en-casa-rosada","status":"publish","type":"post","link":"https:\/\/infotep.com.ar\/index.php\/2025\/09\/01\/la-justicia-ordeno-frenar-la-difusion-de-los-audios-atribuidos-a-karina-milei-grabados-en-casa-rosada\/","title":{"rendered":"La Justicia orden\u00f3 frenar la difusi\u00f3n de los audios atribuidos a Karina Milei grabados en Casa Rosada"},"content":{"rendered":"\n<p>Un juez dict\u00f3 una cautelar que proh\u00edbe la publicaci\u00f3n en cualquier medio o red social. El Gobierno celebr\u00f3 el fallo y habl\u00f3 de &#8220;violaci\u00f3n a la privacidad&#8221;.<br><br>El Poder Judicial orden\u00f3 este lunes el &#8220;cese inmediato&#8221; de la difusi\u00f3n de los audios grabados en la Casa de Gobierno y atribuidos a la secretaria General de la Presidencia, Karina Milei. La decisi\u00f3n fue celebrada por el Gobierno, que la interpret\u00f3 como un reconocimiento a una &#8220;violaci\u00f3n grave a la privacidad institucional&#8221;.<\/p>\n\n\n\n<p>Un juez nacional dict\u00f3 una medida cautelar que proh\u00edbe la publicaci\u00f3n del material anunciado el pasado 29 de agosto. La resoluci\u00f3n ordena el cese de la difusi\u00f3n &#8220;a trav\u00e9s de cualquier medio de comunicaci\u00f3n de forma escrita y\/o audiovisual y\/o a trav\u00e9s de redes sociales desde todo sitio, plataforma y\/o canal web&#8221;.<\/p>\n\n\n\n<p>La Justicia orden\u00f3 frenar la difusi\u00f3n de los audios atribuidos a Karina Milei grabados en Casa Rosada<br>Para garantizar el cumplimiento de la medida, el fallo dispone que se env\u00ede un oficio con habilitaci\u00f3n de d\u00edas y horas inh\u00e1biles al Ente Nacional de Comunicaciones (ENACOM).<\/p>\n\n\n\n<p>El vocero presidencial, Manuel Adorni, se hizo eco de la noticia en sus redes sociales y asegur\u00f3 que la Justicia &#8220;reconoci\u00f3 que se trata de una violaci\u00f3n grave a la privacidad institucional y no un caso de libertad de expresi\u00f3n&#8221;.<\/p>\n\n\n\n<p>La medida busca a pocos \u00ecas de las elecciones del 7 de septiiembre, frenar la pol\u00e9mica iniciada el viernes pasado con la filtraci\u00f3n de un breve clip en el que se escuchaba a la hermana del Presidente pedir &#8220;unidad&#8221; en la interna libertaria. Quienes difundieron ese material hab\u00edan advertido que se trataba solo de un adelanto, lo que habr\u00eda motivado esta r\u00e1pida acci\u00f3n judicial por parte del oficialismo.<\/p>\n\n\n\n<figure class=\"wp-block-image size-full\"><img decoding=\"async\" loading=\"lazy\" width=\"449\" height=\"720\" src=\"https:\/\/infotep.com.ar\/wp-content\/uploads\/2025\/09\/720-8.webp\" alt=\"\" class=\"wp-image-27207\" srcset=\"https:\/\/infotep.com.ar\/wp-content\/uploads\/2025\/09\/720-8.webp 449w, https:\/\/infotep.com.ar\/wp-content\/uploads\/2025\/09\/720-8-187x300.webp 187w, https:\/\/infotep.com.ar\/wp-content\/uploads\/2025\/09\/720-8-37x60.webp 37w\" sizes=\"(max-width: 449px) 100vw, 449px\" \/><\/figure>\n","protected":false},"excerpt":{"rendered":"<p>Un juez dict&oacute; una cautelar que proh&iacute;be la publicaci&oacute;n en cualquier medio o red social. El Gobierno celebr&oacute; el fallo y habl&oacute; de &ldquo;violaci&oacute;n a la privacidad&rdquo;. El Poder Judicial orden&oacute; este lunes el &ldquo;cese inmediato&rdquo; de la difusi&oacute;n de los audios grabados en la Casa de Gobierno y atribuidos a la secretaria General de &hellip; <\/p>\n","protected":false},"author":5,"featured_media":26043,"comment_status":"closed","ping_status":"closed","sticky":false,"template":"","format":"standard","meta":{"om_disable_all_campaigns":false,"_joinchat":[]},"categories":[3],"tags":[],"featured_image_urls":{"full":["https:\/\/infotep.com.ar\/wp-content\/uploads\/2025\/07\/karina-milei.webp",485,360,false],"thumbnail":["https:\/\/infotep.com.ar\/wp-content\/uploads\/2025\/07\/karina-milei-150x150.webp",150,150,true],"medium":["https:\/\/infotep.com.ar\/wp-content\/uploads\/2025\/07\/karina-milei-300x223.webp",300,223,true],"medium_large":["https:\/\/infotep.com.ar\/wp-content\/uploads\/2025\/07\/karina-milei.webp",485,360,false],"large":["https:\/\/infotep.com.ar\/wp-content\/uploads\/2025\/07\/karina-milei.webp",485,360,false],"1536x1536":["https:\/\/infotep.com.ar\/wp-content\/uploads\/2025\/07\/karina-milei.webp",485,360,false],"2048x2048":["https:\/\/infotep.com.ar\/wp-content\/uploads\/2025\/07\/karina-milei.webp",485,360,false],"blossom-feminine-slider":["https:\/\/infotep.com.ar\/wp-content\/uploads\/2025\/07\/karina-milei.webp",485,360,false],"blossom-feminine-featured":["https:\/\/infotep.com.ar\/wp-content\/uploads\/2025\/07\/karina-milei.webp",485,360,false],"blossom-feminine-with-sidebar":["https:\/\/infotep.com.ar\/wp-content\/uploads\/2025\/07\/karina-milei.webp",485,360,false],"blossom-feminine-blog":["https:\/\/infotep.com.ar\/wp-content\/uploads\/2025\/07\/karina-milei-435x360.webp",435,360,true],"blossom-feminine-cat":["https:\/\/infotep.com.ar\/wp-content\/uploads\/2025\/07\/karina-milei-450x300.webp",450,300,true],"blossom-feminine-related":["https:\/\/infotep.com.ar\/wp-content\/uploads\/2025\/07\/karina-milei-320x200.webp",320,200,true],"blossom-feminine-schema":["https:\/\/infotep.com.ar\/wp-content\/uploads\/2025\/07\/karina-milei-81x60.webp",81,60,true],"blossom-mommy-blog-slider-big":["https:\/\/infotep.com.ar\/wp-content\/uploads\/2025\/07\/karina-milei.webp",485,360,false],"blossom-mommy-blog-slider":["https:\/\/infotep.com.ar\/wp-content\/uploads\/2025\/07\/karina-milei-460x310.webp",460,310,true],"blossom-mommy-blog-two":["https:\/\/infotep.com.ar\/wp-content\/uploads\/2025\/07\/karina-milei.webp",485,360,false]},"author_info":{"info":["Angela Tobar"]},"category_info":"<a href=\"https:\/\/infotep.com.ar\/index.php\/category\/nacionales\/\" rel=\"category tag\">Nacionales<\/a>","tag_info":"Nacionales","comment_count":"0","_links":{"self":[{"href":"https:\/\/infotep.com.ar\/index.php\/wp-json\/wp\/v2\/posts\/27206"}],"collection":[{"href":"https:\/\/infotep.com.ar\/index.php\/wp-json\/wp\/v2\/posts"}],"about":[{"href":"https:\/\/infotep.com.ar\/index.php\/wp-json\/wp\/v2\/types\/post"}],"author":[{"embeddable":true,"href":"https:\/\/infotep.com.ar\/index.php\/wp-json\/wp\/v2\/users\/5"}],"replies":[{"embeddable":true,"href":"https:\/\/infotep.com.ar\/index.php\/wp-json\/wp\/v2\/comments?post=27206"}],"version-history":[{"count":1,"href":"https:\/\/infotep.com.ar\/index.php\/wp-json\/wp\/v2\/posts\/27206\/revisions"}],"predecessor-version":[{"id":27208,"href":"https:\/\/infotep.com.ar\/index.php\/wp-json\/wp\/v2\/posts\/27206\/revisions\/27208"}],"wp:featuredmedia":[{"embeddable":true,"href":"https:\/\/infotep.com.ar\/index.php\/wp-json\/wp\/v2\/media\/26043"}],"wp:attachment":[{"href":"https:\/\/infotep.com.ar\/index.php\/wp-json\/wp\/v2\/media?parent=27206"}],"wp:term":[{"taxonomy":"category","embeddable":true,"href":"https:\/\/infotep.com.ar\/index.php\/wp-json\/wp\/v2\/categories?post=27206"},{"taxonomy":"post_tag","embeddable":true,"href":"https:\/\/infotep.com.ar\/index.php\/wp-json\/wp\/v2\/tags?post=27206"}],"curies":[{"name":"wp","href":"https:\/\/api.w.org\/{rel}","templated":true}]}}