{"id":27308,"date":"2025-09-03T18:16:20","date_gmt":"2025-09-03T21:16:20","guid":{"rendered":"https:\/\/infotep.com.ar\/?p=27308"},"modified":"2025-09-03T18:16:20","modified_gmt":"2025-09-03T21:16:20","slug":"el-mensaje-de-mariel-fernandez-a-los-vecinos-de-moreno-por-el-acto-de-milei-no-es-un-dia-para-manifestarse","status":"publish","type":"post","link":"https:\/\/infotep.com.ar\/index.php\/2025\/09\/03\/el-mensaje-de-mariel-fernandez-a-los-vecinos-de-moreno-por-el-acto-de-milei-no-es-un-dia-para-manifestarse\/","title":{"rendered":"El mensaje de Mariel Fern\u00e1ndez a los vecinos de Moreno por el acto de Milei: &#8220;No es un d\u00eda para manifestarse&#8221;"},"content":{"rendered":"\n<p>As\u00ed lo expres\u00f3 la intendenta de la localidad bonaerense en un video difundido en redes sociales<br><br><strong>La intendenta del partido bonaerense de Moreno, Mariel Fern\u00e1ndez, le pidi\u00f3 a los vecinos de la ciudad que no se manifiesten hoy en el acto de cierre de campa\u00f1a que realizar\u00e1 el presidente Javier Milei por cuestiones de seguridad y afirm\u00f3 que segu\u00eda el tema con &#8220;mucha preocupaci\u00f3n&#8221;.<\/strong><\/p>\n\n\n\n<p>&#8220;Les pido, por favor, a todas las familias tambi\u00e9n, que hoy no es un d\u00eda para manifestarse. Ni aunque a ustedes les parezca de manera inocente que van a estar con carteles en las inmediaciones del lugar les pido encarecidamente que hoy no lo hagan, no est\u00e9n en los alrededores&#8221;, dijo Fern\u00e1ndez en un video difundido en redes sociales.<\/p>\n\n\n\n<p>Para la jefa comunal peronista, el oficialismo nacional busca un hecho de violencia para tapar las denuncias de presunta corrupci\u00f3n que emergieron en los \u00faltimos d\u00edas en el \u00e1rea de discapacidad, en la que est\u00e1 vinculada la hermana del mandatario y secretaria general de la Presidencia, Karina Milei.<\/p>\n\n\n\n<p>&#8220;Ustedes saben muy bien la cantidad de denuncias sobre corrupci\u00f3n que est\u00e1 teniendo el Gobierno nacional, donde est\u00e1 implicada la hermana del presidente. nosotros creemos que hay una estrategia para tratar de encubrir esa informaci\u00f3n, y por esa raz\u00f3n nos preocupa tanto el acto del d\u00eda de hoy&#8221;, agreg\u00f3.<\/p>\n\n\n\n<p>Seg\u00fan Fern\u00e1ndez, &#8220;cualquier tipo de hecho violento&#8221; contra Milei &#8220;va a ser noticia&#8221; y le va a servir\u00eda al Ejecutivo nacional, en campa\u00f1a para las elecciones legislativas de la provincia de Buenos Aires del pr\u00f3ximo domingo, para &#8220;tapar las graves denuncias y escuchas telef\u00f3nicas que hay sobre&#8221; Karina Milei.<\/p>\n\n\n\n<p>&#8220;Me preocupa la seguridad de los vecinos y vecinas de Moreno, principalmente por las declaraciones p\u00fablicas que est\u00e1 haciendo el Presidente, donde manifiesta que teme por un atentado contra su vida, pero que, sin embargo, hace el acto en un lugar abierto totalmente, porque lo hace en un club de barrio&#8221;, sostuvo.<\/p>\n\n\n\n<p>En esa l\u00ednea, detall\u00f3 que el lugar no tiene &#8220;problema con los ingresos porque se puede acceder desde la Ruta 23 y resalt\u00f3: &#8220;As\u00ed que ese no ser\u00eda el inconveniente, lo que a m\u00ed me preocupa es la integridad de los vecinos y vecinas de Moreno&#8221;.<\/p>\n\n\n\n<p>&#8220;Yo s\u00e9 que hay mucho enojo por las personas con discapacidad, que de manera arbitraria les han dado de baja a su atenci\u00f3n, por los jubilados y jubiladas que tienen graves problemas econ\u00f3micos, y su jubilaci\u00f3n no les alcanza, y est\u00e1n caros los remedios&#8221;, precis\u00f3 Fern\u00e1ndez.<\/p>\n","protected":false},"excerpt":{"rendered":"<p>As&iacute; lo expres&oacute; la intendenta de la localidad bonaerense en un video difundido en redes sociales La intendenta del partido bonaerense de Moreno, Mariel Fern&aacute;ndez, le pidi&oacute; a los vecinos de la ciudad que no se manifiesten hoy en el acto de cierre de campa&ntilde;a que realizar&aacute; el presidente Javier Milei por cuestiones de seguridad &hellip; <\/p>\n","protected":false},"author":5,"featured_media":27309,"comment_status":"closed","ping_status":"closed","sticky":false,"template":"","format":"standard","meta":{"om_disable_all_campaigns":false,"_joinchat":[]},"categories":[31,85],"tags":[46,43,569],"featured_image_urls":{"full":["https:\/\/infotep.com.ar\/wp-content\/uploads\/2025\/09\/marie-fernandez.jpg",900,650,false],"thumbnail":["https:\/\/infotep.com.ar\/wp-content\/uploads\/2025\/09\/marie-fernandez-150x150.jpg",150,150,true],"medium":["https:\/\/infotep.com.ar\/wp-content\/uploads\/2025\/09\/marie-fernandez-300x217.jpg",300,217,true],"medium_large":["https:\/\/infotep.com.ar\/wp-content\/uploads\/2025\/09\/marie-fernandez-768x555.jpg",768,555,true],"large":["https:\/\/infotep.com.ar\/wp-content\/uploads\/2025\/09\/marie-fernandez.jpg",900,650,false],"1536x1536":["https:\/\/infotep.com.ar\/wp-content\/uploads\/2025\/09\/marie-fernandez.jpg",900,650,false],"2048x2048":["https:\/\/infotep.com.ar\/wp-content\/uploads\/2025\/09\/marie-fernandez.jpg",900,650,false],"blossom-feminine-slider":["https:\/\/infotep.com.ar\/wp-content\/uploads\/2025\/09\/marie-fernandez.jpg",899,649,false],"blossom-feminine-featured":["https:\/\/infotep.com.ar\/wp-content\/uploads\/2025\/09\/marie-fernandez-900x600.jpg",900,600,true],"blossom-feminine-with-sidebar":["https:\/\/infotep.com.ar\/wp-content\/uploads\/2025\/09\/marie-fernandez-900x600.jpg",900,600,true],"blossom-feminine-blog":["https:\/\/infotep.com.ar\/wp-content\/uploads\/2025\/09\/marie-fernandez-435x435.jpg",435,435,true],"blossom-feminine-cat":["https:\/\/infotep.com.ar\/wp-content\/uploads\/2025\/09\/marie-fernandez-450x300.jpg",450,300,true],"blossom-feminine-related":["https:\/\/infotep.com.ar\/wp-content\/uploads\/2025\/09\/marie-fernandez-320x200.jpg",320,200,true],"blossom-feminine-schema":["https:\/\/infotep.com.ar\/wp-content\/uploads\/2025\/09\/marie-fernandez-83x60.jpg",83,60,true],"blossom-mommy-blog-slider-big":["https:\/\/infotep.com.ar\/wp-content\/uploads\/2025\/09\/marie-fernandez.jpg",900,650,false],"blossom-mommy-blog-slider":["https:\/\/infotep.com.ar\/wp-content\/uploads\/2025\/09\/marie-fernandez-460x310.jpg",460,310,true],"blossom-mommy-blog-two":["https:\/\/infotep.com.ar\/wp-content\/uploads\/2025\/09\/marie-fernandez-768x480.jpg",768,480,true]},"author_info":{"info":["Angela Tobar"]},"category_info":"<a href=\"https:\/\/infotep.com.ar\/index.php\/category\/destacadas\/\" rel=\"category tag\">Destacadas<\/a> <a href=\"https:\/\/infotep.com.ar\/index.php\/category\/municipales\/moreno\/\" rel=\"category tag\">Moreno<\/a>","tag_info":"Moreno","comment_count":"0","_links":{"self":[{"href":"https:\/\/infotep.com.ar\/index.php\/wp-json\/wp\/v2\/posts\/27308"}],"collection":[{"href":"https:\/\/infotep.com.ar\/index.php\/wp-json\/wp\/v2\/posts"}],"about":[{"href":"https:\/\/infotep.com.ar\/index.php\/wp-json\/wp\/v2\/types\/post"}],"author":[{"embeddable":true,"href":"https:\/\/infotep.com.ar\/index.php\/wp-json\/wp\/v2\/users\/5"}],"replies":[{"embeddable":true,"href":"https:\/\/infotep.com.ar\/index.php\/wp-json\/wp\/v2\/comments?post=27308"}],"version-history":[{"count":1,"href":"https:\/\/infotep.com.ar\/index.php\/wp-json\/wp\/v2\/posts\/27308\/revisions"}],"predecessor-version":[{"id":27310,"href":"https:\/\/infotep.com.ar\/index.php\/wp-json\/wp\/v2\/posts\/27308\/revisions\/27310"}],"wp:featuredmedia":[{"embeddable":true,"href":"https:\/\/infotep.com.ar\/index.php\/wp-json\/wp\/v2\/media\/27309"}],"wp:attachment":[{"href":"https:\/\/infotep.com.ar\/index.php\/wp-json\/wp\/v2\/media?parent=27308"}],"wp:term":[{"taxonomy":"category","embeddable":true,"href":"https:\/\/infotep.com.ar\/index.php\/wp-json\/wp\/v2\/categories?post=27308"},{"taxonomy":"post_tag","embeddable":true,"href":"https:\/\/infotep.com.ar\/index.php\/wp-json\/wp\/v2\/tags?post=27308"}],"curies":[{"name":"wp","href":"https:\/\/api.w.org\/{rel}","templated":true}]}}