{"id":27311,"date":"2025-09-04T00:30:17","date_gmt":"2025-09-04T03:30:17","guid":{"rendered":"https:\/\/infotep.com.ar\/?p=27311"},"modified":"2025-09-04T00:30:18","modified_gmt":"2025-09-04T03:30:18","slug":"fernando-coronel-sabemos-por-los-derechos-que-vienen-y-tenemos-que-ponerles-un-limite","status":"publish","type":"post","link":"https:\/\/infotep.com.ar\/index.php\/2025\/09\/04\/fernando-coronel-sabemos-por-los-derechos-que-vienen-y-tenemos-que-ponerles-un-limite\/","title":{"rendered":"Fernando Coronel: \u201cSabemos por los derechos que vienen y tenemos que ponerles un l\u00edmite\u201d"},"content":{"rendered":"\n<p class=\"has-white-background-color has-background\">Fernando Coronel, candidato a senador provincial de Fuerza Patria por la primera secci\u00f3n electoral, abogado y vicepresidente del espacio Frente Grande analiz\u00f3 en Todo es Pol\u00edtica el cierre de campa\u00f1a de cara a las elecciones legislativas de este domingo 7 de septiembre.<br><br><strong>Fue critic\u00f3 en cuanto al cierre de campa\u00f1a que realiz\u00f3 el presidente Javier Milei en el distrito de Moreno, y lo calific\u00f3 como una provocaci\u00f3n: \u201cEl municipio de Moreno es un municipio que tiene muchas necesidades y hubiese siendo lindo que el presidente visite Moreno para inaugurar alguna obra o resolver alg\u00fan problema a los vecinos, pero eligi\u00f3 este momento al final de la campa\u00f1a para poder visitar y se generan este tipo de tensiones que no son buenas, pero es la situaci\u00f3n que est\u00e1 sucediendo en estos momentos en la argentina\u201d.<br><\/strong><br>M\u00e1s adelante, expres\u00f3 que, en las recorridas por territorio, \u201clo que la gente nos va planteando es malestar: porque ha perdido calidad de vida, perdi\u00f3 poder adquisitivo, la baja en el consumo de carne, de leche, son situaciones muy complicadas a las que nos ha llevado Milei\u201d.<br><br>\u201cEs preocupante, la situaci\u00f3n es muy complicada y ac\u00e1 hay una responsabilidad de en los de c\u00f3mo est\u00e1n llevando adelante este plan si es que tiene un plan. No le pueden echar la culpa a nadie, es responsabilidad de ellos, no tiene sensibilidad con la gente\u201d, cuestion\u00f3.<br><br>\u201cEst\u00e1n encarando una elecci\u00f3n en una provincia en d\u00f3nde Milei no hizo ninguna obra, paraliz\u00f3 todo, no tiene ninguna obra para inaugurar y despu\u00e9s se preguntan porqu\u00e9 la gente se enoja\u201d, opin\u00f3.<br><br>Por lo que analiz\u00f3 que estas elecciones es una oportunidad para que \u201cel vecino se acerque a votar y para que pueda transformar la bronca en algo positivo, que ponga un l\u00edmite a la motosierra. Es muy importante ir a votar, expresarse. Necesitamos tener una democracia donde el vecino se involucre\u201d.<br><br>Finalmente, manifest\u00f3: \u201cTengo la esperanza que la gente va a ponerle limite a las pol\u00edticas de ajuste de Milei. Sabemos por los derechos que vienen y tenemos que ponerles un l\u00edmite\u201d.<\/p>\n","protected":false},"excerpt":{"rendered":"<p>Fernando Coronel, candidato a senador provincial de Fuerza Patria por la primera secci&oacute;n electoral, abogado y vicepresidente del espacio Frente Grande analiz&oacute; en Todo es Pol&iacute;tica el cierre de campa&ntilde;a de cara a las elecciones legislativas de este domingo 7 de septiembre. Fue critic&oacute; en cuanto al cierre de campa&ntilde;a que realiz&oacute; el presidente Javier &hellip; <\/p>\n","protected":false},"author":5,"featured_media":27312,"comment_status":"closed","ping_status":"closed","sticky":false,"template":"","format":"standard","meta":{"om_disable_all_campaigns":false,"_joinchat":[]},"categories":[31,4],"tags":[46,43,569],"featured_image_urls":{"full":["https:\/\/infotep.com.ar\/wp-content\/uploads\/2025\/09\/coronel.jpg",1080,1080,false],"thumbnail":["https:\/\/infotep.com.ar\/wp-content\/uploads\/2025\/09\/coronel-150x150.jpg",150,150,true],"medium":["https:\/\/infotep.com.ar\/wp-content\/uploads\/2025\/09\/coronel-300x300.jpg",300,300,true],"medium_large":["https:\/\/infotep.com.ar\/wp-content\/uploads\/2025\/09\/coronel-768x768.jpg",768,768,true],"large":["https:\/\/infotep.com.ar\/wp-content\/uploads\/2025\/09\/coronel-1024x1024.jpg",1020,1020,true],"1536x1536":["https:\/\/infotep.com.ar\/wp-content\/uploads\/2025\/09\/coronel.jpg",1080,1080,false],"2048x2048":["https:\/\/infotep.com.ar\/wp-content\/uploads\/2025\/09\/coronel.jpg",1080,1080,false],"blossom-feminine-slider":["https:\/\/infotep.com.ar\/wp-content\/uploads\/2025\/09\/coronel-1080x649.jpg",1080,649,true],"blossom-feminine-featured":["https:\/\/infotep.com.ar\/wp-content\/uploads\/2025\/09\/coronel-1080x600.jpg",1080,600,true],"blossom-feminine-with-sidebar":["https:\/\/infotep.com.ar\/wp-content\/uploads\/2025\/09\/coronel-1020x600.jpg",1020,600,true],"blossom-feminine-blog":["https:\/\/infotep.com.ar\/wp-content\/uploads\/2025\/09\/coronel-435x435.jpg",435,435,true],"blossom-feminine-cat":["https:\/\/infotep.com.ar\/wp-content\/uploads\/2025\/09\/coronel-450x300.jpg",450,300,true],"blossom-feminine-related":["https:\/\/infotep.com.ar\/wp-content\/uploads\/2025\/09\/coronel-320x200.jpg",320,200,true],"blossom-feminine-schema":["https:\/\/infotep.com.ar\/wp-content\/uploads\/2025\/09\/coronel-60x60.jpg",60,60,true],"blossom-mommy-blog-slider-big":["https:\/\/infotep.com.ar\/wp-content\/uploads\/2025\/09\/coronel-920x650.jpg",920,650,true],"blossom-mommy-blog-slider":["https:\/\/infotep.com.ar\/wp-content\/uploads\/2025\/09\/coronel-460x310.jpg",460,310,true],"blossom-mommy-blog-two":["https:\/\/infotep.com.ar\/wp-content\/uploads\/2025\/09\/coronel-768x480.jpg",768,480,true]},"author_info":{"info":["Angela Tobar"]},"category_info":"<a href=\"https:\/\/infotep.com.ar\/index.php\/category\/destacadas\/\" rel=\"category tag\">Destacadas<\/a> <a href=\"https:\/\/infotep.com.ar\/index.php\/category\/provinciales\/\" rel=\"category tag\">Provinciales<\/a>","tag_info":"Provinciales","comment_count":"0","_links":{"self":[{"href":"https:\/\/infotep.com.ar\/index.php\/wp-json\/wp\/v2\/posts\/27311"}],"collection":[{"href":"https:\/\/infotep.com.ar\/index.php\/wp-json\/wp\/v2\/posts"}],"about":[{"href":"https:\/\/infotep.com.ar\/index.php\/wp-json\/wp\/v2\/types\/post"}],"author":[{"embeddable":true,"href":"https:\/\/infotep.com.ar\/index.php\/wp-json\/wp\/v2\/users\/5"}],"replies":[{"embeddable":true,"href":"https:\/\/infotep.com.ar\/index.php\/wp-json\/wp\/v2\/comments?post=27311"}],"version-history":[{"count":1,"href":"https:\/\/infotep.com.ar\/index.php\/wp-json\/wp\/v2\/posts\/27311\/revisions"}],"predecessor-version":[{"id":27313,"href":"https:\/\/infotep.com.ar\/index.php\/wp-json\/wp\/v2\/posts\/27311\/revisions\/27313"}],"wp:featuredmedia":[{"embeddable":true,"href":"https:\/\/infotep.com.ar\/index.php\/wp-json\/wp\/v2\/media\/27312"}],"wp:attachment":[{"href":"https:\/\/infotep.com.ar\/index.php\/wp-json\/wp\/v2\/media?parent=27311"}],"wp:term":[{"taxonomy":"category","embeddable":true,"href":"https:\/\/infotep.com.ar\/index.php\/wp-json\/wp\/v2\/categories?post=27311"},{"taxonomy":"post_tag","embeddable":true,"href":"https:\/\/infotep.com.ar\/index.php\/wp-json\/wp\/v2\/tags?post=27311"}],"curies":[{"name":"wp","href":"https:\/\/api.w.org\/{rel}","templated":true}]}}