{"id":27314,"date":"2025-09-04T00:32:20","date_gmt":"2025-09-04T03:32:20","guid":{"rendered":"https:\/\/infotep.com.ar\/?p=27314"},"modified":"2025-09-04T00:32:21","modified_gmt":"2025-09-04T03:32:21","slug":"cierre-de-campana-del-fit-en-la-matanza","status":"publish","type":"post","link":"https:\/\/infotep.com.ar\/index.php\/2025\/09\/04\/cierre-de-campana-del-fit-en-la-matanza\/","title":{"rendered":"Cierre de campa\u00f1a del FIT en La Matanza"},"content":{"rendered":"\n<p>Luego de una caminata por la peatonal de San Justo junto a la militancia del FIT y vecinos y vecinas, las y los principales candidatos de la izquierda para las elecciones del pr\u00f3ximo domingo cerraron la campa\u00f1a en La Matanza. <br><br>El candidato a diputado por la Tercera Secci\u00f3n, Nicol\u00e1s del Ca\u00f1o, fue uno de los oradores y estuvo acompa\u00f1ado por Myriam Bregman. Tambi\u00e9n particip\u00f3 Romina del Pl\u00e1, que encabeza la lista en la Primera Secci\u00f3n. <br><br>Del Ca\u00f1o destac\u00f3 que &#8220;hicimos una enorme campa\u00f1a militante, recorriendo la Provincia y acompa\u00f1ando a los que est\u00e1n enfrentando en serio el ajuste y la represi\u00f3n de este gobierno. Nosotros podemos caminar por las calles del conurbano con la tranquilidad y la convicci\u00f3n de haber estado desde el primer minuto movilizando contra este gobierno y acompa\u00f1ando todas y cada una de las peleas. Ese reconocimiento lo podemos sentir en cada recorrida\u00a0y es nuestro orgullo&#8221;. <br><br>Y agreg\u00f3: &#8220;Estamos frente a una profunda crisis por los esc\u00e1ndalos de corrupci\u00f3n de este gobierno que dijo que ven\u00eda a combatir a la casta y usa sus peores m\u00e9todos, pero tambi\u00e9n por la grave crisis econ\u00f3mica que asfixia el consumo y los salarios de las\u00a0mayor\u00edas trabajadoras. Ni hablar de las y los jubilados a los que acompa\u00f1amos cada mi\u00e9rcoles frente al Congreso. Para castigar a los que nos han mentido y enga\u00f1ado en todos estos a\u00f1os votar al Frente de Izquierda Unidad es una garant\u00eda de que vamos a seguir peleando por sus derechos y un fuerte mensaje a los poderosos&#8221;.<\/p>\n\n\n\n<p>Del cierre tambi\u00e9n particip\u00f3 Myriam Bregman, que destac\u00f3 que &#8220;tomamos el desaf\u00edo de dar pelea en condiciones desiguales en una elecci\u00f3n muy dif\u00edcil, que solo se explica por las internas del peronismo, pero donde cada voto al Frente de Izquierda Unidad vale mucho. Somos la \u00fanica coalici\u00f3n pol\u00edtica que cada dos a\u00f1os no se cambia de nombre, no se cambia de colores, no tiene que esconderse y transformarse en otra cosa para poder presentarse a elecciones&#8221;. <\/p>\n\n\n\n<p>Y llam\u00f3 a defender el voto al Frente de Izquierda porque &#8220;cada banca es una conquista para los trabajadores y los sectores populares, es un puesto de lucha para derrotar el plan del FMI, el plan de Milei y para fortalecer la pelea por un gobierno de las y los trabajadores&#8221;.<\/p>\n","protected":false},"excerpt":{"rendered":"<p>Luego de una caminata por la peatonal de San Justo junto a la militancia del FIT y vecinos y vecinas, las y los principales candidatos de la izquierda para las elecciones del pr&oacute;ximo domingo cerraron la campa&ntilde;a en La Matanza. El candidato a diputado por la Tercera Secci&oacute;n, Nicol&aacute;s del Ca&ntilde;o, fue uno de los &hellip; <\/p>\n","protected":false},"author":5,"featured_media":27315,"comment_status":"closed","ping_status":"closed","sticky":false,"template":"","format":"standard","meta":{"om_disable_all_campaigns":false,"_joinchat":[]},"categories":[26,4],"tags":[46,43,569],"featured_image_urls":{"full":["https:\/\/infotep.com.ar\/wp-content\/uploads\/2025\/09\/WhatsApp-Image-2025-09-03-at-20.45.25.jpeg",1280,853,false],"thumbnail":["https:\/\/infotep.com.ar\/wp-content\/uploads\/2025\/09\/WhatsApp-Image-2025-09-03-at-20.45.25-150x150.jpeg",150,150,true],"medium":["https:\/\/infotep.com.ar\/wp-content\/uploads\/2025\/09\/WhatsApp-Image-2025-09-03-at-20.45.25-300x200.jpeg",300,200,true],"medium_large":["https:\/\/infotep.com.ar\/wp-content\/uploads\/2025\/09\/WhatsApp-Image-2025-09-03-at-20.45.25-768x512.jpeg",768,512,true],"large":["https:\/\/infotep.com.ar\/wp-content\/uploads\/2025\/09\/WhatsApp-Image-2025-09-03-at-20.45.25-1024x682.jpeg",1020,679,true],"1536x1536":["https:\/\/infotep.com.ar\/wp-content\/uploads\/2025\/09\/WhatsApp-Image-2025-09-03-at-20.45.25.jpeg",1280,853,false],"2048x2048":["https:\/\/infotep.com.ar\/wp-content\/uploads\/2025\/09\/WhatsApp-Image-2025-09-03-at-20.45.25.jpeg",1280,853,false],"blossom-feminine-slider":["https:\/\/infotep.com.ar\/wp-content\/uploads\/2025\/09\/WhatsApp-Image-2025-09-03-at-20.45.25-1280x649.jpeg",1280,649,true],"blossom-feminine-featured":["https:\/\/infotep.com.ar\/wp-content\/uploads\/2025\/09\/WhatsApp-Image-2025-09-03-at-20.45.25-1280x600.jpeg",1280,600,true],"blossom-feminine-with-sidebar":["https:\/\/infotep.com.ar\/wp-content\/uploads\/2025\/09\/WhatsApp-Image-2025-09-03-at-20.45.25-1020x600.jpeg",1020,600,true],"blossom-feminine-blog":["https:\/\/infotep.com.ar\/wp-content\/uploads\/2025\/09\/WhatsApp-Image-2025-09-03-at-20.45.25-435x435.jpeg",435,435,true],"blossom-feminine-cat":["https:\/\/infotep.com.ar\/wp-content\/uploads\/2025\/09\/WhatsApp-Image-2025-09-03-at-20.45.25-450x300.jpeg",450,300,true],"blossom-feminine-related":["https:\/\/infotep.com.ar\/wp-content\/uploads\/2025\/09\/WhatsApp-Image-2025-09-03-at-20.45.25-320x200.jpeg",320,200,true],"blossom-feminine-schema":["https:\/\/infotep.com.ar\/wp-content\/uploads\/2025\/09\/WhatsApp-Image-2025-09-03-at-20.45.25-90x60.jpeg",90,60,true],"blossom-mommy-blog-slider-big":["https:\/\/infotep.com.ar\/wp-content\/uploads\/2025\/09\/WhatsApp-Image-2025-09-03-at-20.45.25-920x650.jpeg",920,650,true],"blossom-mommy-blog-slider":["https:\/\/infotep.com.ar\/wp-content\/uploads\/2025\/09\/WhatsApp-Image-2025-09-03-at-20.45.25-460x310.jpeg",460,310,true],"blossom-mommy-blog-two":["https:\/\/infotep.com.ar\/wp-content\/uploads\/2025\/09\/WhatsApp-Image-2025-09-03-at-20.45.25-768x480.jpeg",768,480,true]},"author_info":{"info":["Angela Tobar"]},"category_info":"<a href=\"https:\/\/infotep.com.ar\/index.php\/category\/municipales\/la-matanza\/\" rel=\"category tag\">La Matanza<\/a> <a href=\"https:\/\/infotep.com.ar\/index.php\/category\/provinciales\/\" rel=\"category tag\">Provinciales<\/a>","tag_info":"Provinciales","comment_count":"0","_links":{"self":[{"href":"https:\/\/infotep.com.ar\/index.php\/wp-json\/wp\/v2\/posts\/27314"}],"collection":[{"href":"https:\/\/infotep.com.ar\/index.php\/wp-json\/wp\/v2\/posts"}],"about":[{"href":"https:\/\/infotep.com.ar\/index.php\/wp-json\/wp\/v2\/types\/post"}],"author":[{"embeddable":true,"href":"https:\/\/infotep.com.ar\/index.php\/wp-json\/wp\/v2\/users\/5"}],"replies":[{"embeddable":true,"href":"https:\/\/infotep.com.ar\/index.php\/wp-json\/wp\/v2\/comments?post=27314"}],"version-history":[{"count":1,"href":"https:\/\/infotep.com.ar\/index.php\/wp-json\/wp\/v2\/posts\/27314\/revisions"}],"predecessor-version":[{"id":27316,"href":"https:\/\/infotep.com.ar\/index.php\/wp-json\/wp\/v2\/posts\/27314\/revisions\/27316"}],"wp:featuredmedia":[{"embeddable":true,"href":"https:\/\/infotep.com.ar\/index.php\/wp-json\/wp\/v2\/media\/27315"}],"wp:attachment":[{"href":"https:\/\/infotep.com.ar\/index.php\/wp-json\/wp\/v2\/media?parent=27314"}],"wp:term":[{"taxonomy":"category","embeddable":true,"href":"https:\/\/infotep.com.ar\/index.php\/wp-json\/wp\/v2\/categories?post=27314"},{"taxonomy":"post_tag","embeddable":true,"href":"https:\/\/infotep.com.ar\/index.php\/wp-json\/wp\/v2\/tags?post=27314"}],"curies":[{"name":"wp","href":"https:\/\/api.w.org\/{rel}","templated":true}]}}