{"id":27317,"date":"2025-09-04T00:35:43","date_gmt":"2025-09-04T03:35:43","guid":{"rendered":"https:\/\/infotep.com.ar\/?p=27317"},"modified":"2025-09-04T00:35:44","modified_gmt":"2025-09-04T03:35:44","slug":"espinoza-nuestros-deportistas-discapacitados-son-un-ejemplo-para-toda-la-argentina","status":"publish","type":"post","link":"https:\/\/infotep.com.ar\/index.php\/2025\/09\/04\/espinoza-nuestros-deportistas-discapacitados-son-un-ejemplo-para-toda-la-argentina\/","title":{"rendered":"Espinoza: \u201cNuestros deportistas discapacitados son un ejemplo para toda la Argentina\u201d"},"content":{"rendered":"\n<p><\/p>\n\n\n\n<p>Mientras el gobierno de Milei toma decisiones que afectan a la econom\u00eda y la calidad de vida de las personas discapacitadas, en La Matanza, Capital Nacional del Deporte social, se hace de los deportes paral\u00edmpicos una raz\u00f3n de vida. Muchos de los deportistas con discapacidad del distrito son campeones que conquistan medallas y representan al pa\u00eds entero.<\/p>\n\n\n\n<p>Durante un encuentro con deportistas paral\u00edmpicos, en su espacio de entrenamiento el Polideportivo Alberto Balestrini, el intendente de La Matanza y presidente de la Federaci\u00f3n Argentina de Municipios (FAM), Fernando Espinoza, analiz\u00f3 junto a ellos las pol\u00edticas p\u00fablicas deportivas, llevadas a cabo en el distrito, que promueven la inclusi\u00f3n social, el bienestar f\u00edsico y mental, crean oportunidades de participaci\u00f3n plena y brindan herramientas para el ejercicio efectivo de sus derechos.<\/p>\n\n\n\n<p>Mientras presenciaba uno de los entrenamientos, Fernando Espinoza resalt\u00f3: \u201cLa Matanza es la Capital Nacional del Deporte Social, pero si hay algo que nos enorgullece son nuestros deportistas discapacitados\u201d, y agreg\u00f3: \u201cEllos se acercan a los centros para aprender y perfeccionarse, pero los que nos perfeccionamos y aprendemos somos nosotros con el amor, la fuerza y el aura que ellos tienen\u201d.<\/p>\n\n\n\n<p>Por su parte, la atleta Milagros Pereira detall\u00f3: \u201cHace ya diez a\u00f1os aproximadamente que vengo a hacer entrenamientos al Polideportivo Balestrini. Ahora nos estamos preparando para la semana que viene, que llegan los regionales de atletismo, y tambi\u00e9n se vienen los de nataci\u00f3n\u201d, y agreg\u00f3: \u201cMe pone orgullosa de que todav\u00eda tengamos un Municipio, un Intendente y personas alrededor, que apoyen el deporte adaptado m\u00e1s que nada, que se est\u00e9 haciendo visible, y que pueda sustentarse de alguna forma, porque en la situaci\u00f3n que estamos actualmente est\u00e1 muy dif\u00edcil para todos\u201d.<\/p>\n\n\n\n<p>\u201cEn estos momentos tan dif\u00edciles que estamos viviendo en Argentina los discapacitados son un ejemplo\u201d, valor\u00f3 Fernando Espinoza y enfatiz\u00f3: \u201cMientras Milei los trata con crueldad e insensibilidad, les quita sus pensiones, los hace pasar penurias econ\u00f3micas y no les brinda ning\u00fan tipo de contenci\u00f3n, nosotros en La Matanza hacemos todo lo contrario, los incentivamos y los acompa\u00f1amos para que sigan adelante\u201d.<\/p>\n\n\n\n<p>\u201cEl a\u00f1o pasado tuvimos la felicidad de que cinco deportistas discapacitados de La Matanza compitan en las Olimp\u00edadas paral\u00edmpicas que se realizaron en Par\u00eds, Francia, y eso nos llena de orgullo\u201d, indic\u00f3 Fernando Espinoza y concluy\u00f3: \u201cNosotros siempre vamos a proteger, a cuidar y a acompa\u00f1ar a nuestros chicos y j\u00f3venes con discapacidad. Nuestros deportistas discapacitados son un ejemplo para todas las vecinas y vecinos de La Matanza y para toda la Argentina\u201d.<\/p>\n","protected":false},"excerpt":{"rendered":"<p>Mientras el gobierno de Milei toma decisiones que afectan a la econom&iacute;a y la calidad de vida de las personas discapacitadas, en La Matanza, Capital Nacional del Deporte social, se hace de los deportes paral&iacute;mpicos una raz&oacute;n de vida. Muchos de los deportistas con discapacidad del distrito son campeones que conquistan medallas y representan al &hellip; <\/p>\n","protected":false},"author":5,"featured_media":27318,"comment_status":"closed","ping_status":"closed","sticky":false,"template":"","format":"standard","meta":{"om_disable_all_campaigns":false,"_joinchat":[]},"categories":[26],"tags":[46,43,569],"featured_image_urls":{"full":["https:\/\/infotep.com.ar\/wp-content\/uploads\/2025\/09\/FE-ENCUENTRO-DEPORTISTAS-PARALIMPICOS-2-scaled.jpg",2560,1706,false],"thumbnail":["https:\/\/infotep.com.ar\/wp-content\/uploads\/2025\/09\/FE-ENCUENTRO-DEPORTISTAS-PARALIMPICOS-2-150x150.jpg",150,150,true],"medium":["https:\/\/infotep.com.ar\/wp-content\/uploads\/2025\/09\/FE-ENCUENTRO-DEPORTISTAS-PARALIMPICOS-2-300x200.jpg",300,200,true],"medium_large":["https:\/\/infotep.com.ar\/wp-content\/uploads\/2025\/09\/FE-ENCUENTRO-DEPORTISTAS-PARALIMPICOS-2-768x512.jpg",768,512,true],"large":["https:\/\/infotep.com.ar\/wp-content\/uploads\/2025\/09\/FE-ENCUENTRO-DEPORTISTAS-PARALIMPICOS-2-1024x683.jpg",1020,680,true],"1536x1536":["https:\/\/infotep.com.ar\/wp-content\/uploads\/2025\/09\/FE-ENCUENTRO-DEPORTISTAS-PARALIMPICOS-2-1536x1024.jpg",1536,1024,true],"2048x2048":["https:\/\/infotep.com.ar\/wp-content\/uploads\/2025\/09\/FE-ENCUENTRO-DEPORTISTAS-PARALIMPICOS-2-2048x1365.jpg",2048,1365,true],"blossom-feminine-slider":["https:\/\/infotep.com.ar\/wp-content\/uploads\/2025\/09\/FE-ENCUENTRO-DEPORTISTAS-PARALIMPICOS-2-1920x649.jpg",1920,649,true],"blossom-feminine-featured":["https:\/\/infotep.com.ar\/wp-content\/uploads\/2025\/09\/FE-ENCUENTRO-DEPORTISTAS-PARALIMPICOS-2-1410x600.jpg",1410,600,true],"blossom-feminine-with-sidebar":["https:\/\/infotep.com.ar\/wp-content\/uploads\/2025\/09\/FE-ENCUENTRO-DEPORTISTAS-PARALIMPICOS-2-1020x600.jpg",1020,600,true],"blossom-feminine-blog":["https:\/\/infotep.com.ar\/wp-content\/uploads\/2025\/09\/FE-ENCUENTRO-DEPORTISTAS-PARALIMPICOS-2-435x435.jpg",435,435,true],"blossom-feminine-cat":["https:\/\/infotep.com.ar\/wp-content\/uploads\/2025\/09\/FE-ENCUENTRO-DEPORTISTAS-PARALIMPICOS-2-450x300.jpg",450,300,true],"blossom-feminine-related":["https:\/\/infotep.com.ar\/wp-content\/uploads\/2025\/09\/FE-ENCUENTRO-DEPORTISTAS-PARALIMPICOS-2-320x200.jpg",320,200,true],"blossom-feminine-schema":["https:\/\/infotep.com.ar\/wp-content\/uploads\/2025\/09\/FE-ENCUENTRO-DEPORTISTAS-PARALIMPICOS-2-90x60.jpg",90,60,true],"blossom-mommy-blog-slider-big":["https:\/\/infotep.com.ar\/wp-content\/uploads\/2025\/09\/FE-ENCUENTRO-DEPORTISTAS-PARALIMPICOS-2-920x650.jpg",920,650,true],"blossom-mommy-blog-slider":["https:\/\/infotep.com.ar\/wp-content\/uploads\/2025\/09\/FE-ENCUENTRO-DEPORTISTAS-PARALIMPICOS-2-460x310.jpg",460,310,true],"blossom-mommy-blog-two":["https:\/\/infotep.com.ar\/wp-content\/uploads\/2025\/09\/FE-ENCUENTRO-DEPORTISTAS-PARALIMPICOS-2-768x480.jpg",768,480,true]},"author_info":{"info":["Angela Tobar"]},"category_info":"<a href=\"https:\/\/infotep.com.ar\/index.php\/category\/municipales\/la-matanza\/\" rel=\"category tag\">La Matanza<\/a>","tag_info":"La Matanza","comment_count":"0","_links":{"self":[{"href":"https:\/\/infotep.com.ar\/index.php\/wp-json\/wp\/v2\/posts\/27317"}],"collection":[{"href":"https:\/\/infotep.com.ar\/index.php\/wp-json\/wp\/v2\/posts"}],"about":[{"href":"https:\/\/infotep.com.ar\/index.php\/wp-json\/wp\/v2\/types\/post"}],"author":[{"embeddable":true,"href":"https:\/\/infotep.com.ar\/index.php\/wp-json\/wp\/v2\/users\/5"}],"replies":[{"embeddable":true,"href":"https:\/\/infotep.com.ar\/index.php\/wp-json\/wp\/v2\/comments?post=27317"}],"version-history":[{"count":1,"href":"https:\/\/infotep.com.ar\/index.php\/wp-json\/wp\/v2\/posts\/27317\/revisions"}],"predecessor-version":[{"id":27319,"href":"https:\/\/infotep.com.ar\/index.php\/wp-json\/wp\/v2\/posts\/27317\/revisions\/27319"}],"wp:featuredmedia":[{"embeddable":true,"href":"https:\/\/infotep.com.ar\/index.php\/wp-json\/wp\/v2\/media\/27318"}],"wp:attachment":[{"href":"https:\/\/infotep.com.ar\/index.php\/wp-json\/wp\/v2\/media?parent=27317"}],"wp:term":[{"taxonomy":"category","embeddable":true,"href":"https:\/\/infotep.com.ar\/index.php\/wp-json\/wp\/v2\/categories?post=27317"},{"taxonomy":"post_tag","embeddable":true,"href":"https:\/\/infotep.com.ar\/index.php\/wp-json\/wp\/v2\/tags?post=27317"}],"curies":[{"name":"wp","href":"https:\/\/api.w.org\/{rel}","templated":true}]}}