{"id":27513,"date":"2025-09-09T16:38:56","date_gmt":"2025-09-09T19:38:56","guid":{"rendered":"https:\/\/infotep.com.ar\/?p=27513"},"modified":"2025-09-09T16:38:57","modified_gmt":"2025-09-09T19:38:57","slug":"javier-milei-suspendio-su-viaje-a-madrid-tras-la-derrota-electoral-bonaerense","status":"publish","type":"post","link":"https:\/\/infotep.com.ar\/index.php\/2025\/09\/09\/javier-milei-suspendio-su-viaje-a-madrid-tras-la-derrota-electoral-bonaerense\/","title":{"rendered":"Javier Milei suspendi\u00f3 su viaje a Madrid tras la derrota electoral bonaerense"},"content":{"rendered":"\n<p>El Presidente cancel\u00f3 su visita a la capital de Espa\u00f1a prevista para el pr\u00f3ximo s\u00e1bado.<br>martes 9 de septiembre de 2025 14:53<br><br>El presidente Javier Milei suspendi\u00f3 su viaje a Espa\u00f1a previsto para el jueves 11 de septiembre luego de la dura derrota que recibi\u00f3 La Libertad Avanza en las elecciones por la composici\u00f3n de la Legislatura bonaerense.<\/p>\n\n\n\n<p>Fuentes oficiales confirmaron que el mandatario no viajar\u00e1 a Madrid como estaba previsto, aunque aclararon que nunca estuvo completamente confirmada la partida.<\/p>\n\n\n\n<p>Originalmente, el cronograma en dise\u00f1o preve\u00eda la salida de la comitiva presidencial para el domingo 14 de septiembre, aunque hab\u00eda intenciones de anticipar la fecha al jueves 11 de septiembre. Tambi\u00e9n se evaluaba un paso por Portugal, con eventuales reuniones con autoridades de dicha naci\u00f3n, que fue r\u00e1pidamente descartado.<\/p>\n\n\n\n<p>Sin intenci\u00f3n concretar reuniones con autoridades del gobierno espa\u00f1ol de Pedro S\u00e1nchez, el libertario esperaba dar el presente en la celebraci\u00f3n del segundo encuentro de los Patriots, convocado por el partido opositor VOX, que se celebrar\u00e1 los d\u00edas 13 y 14 de septiembre en el Palacio de Vistalegre de Madrid.<\/p>\n\n\n\n<p>El anfitri\u00f3n Santiago Abascal espera reunir m\u00e1s de 14 mil asistentes con la presencia destacada de l\u00edderes de la derecha internacional, y por eso hab\u00eda hecho extensible la invitaci\u00f3n al libertario. Se trata de un importante evento conservador que se dividir\u00e1 en dos jornadas: la primera con paneles de debate y la segunda con disertaciones individuales.<\/p>\n\n\n\n<p>Lo cierto es que el mandatario debi\u00f3 suspender su cuarta visita a Madrid, en la que esperaba adem\u00e1s concretar reuniones con empresarios, a ra\u00edz de la magra performance de su espacio en las elecciones bonaerense, en las que fueron aventajados por Fuerza Patria por m\u00e1s de 13 puntos y medio.<\/p>\n\n\n\n<p>Con la mente en la recuperaci\u00f3n electoral camino a los comicios nacionales del 26 de octubre, Milei se muestra en control de la situaci\u00f3n y protagoniza una intensa semana de actividades.<\/p>\n\n\n\n<p>Con dos reuniones de Gabinete celebradas el lunes posterior a la derrota, este martes reedit\u00f3 la vieja mesa pol\u00edtica, con sus funcionarios m\u00e1s cercanos, y por est\u00e1s horas, la coordinaci\u00f3n pol\u00edtica bonaerense, con participaci\u00f3n del PRO, analiza en detalle los resultados del domingo.<\/p>\n\n\n\n<p>Para el mi\u00e9rcoles, el jefe de Estado espera volver a reunir a los ministros para ordenar la tropa y neutralizar las diferencias registradas entre los v\u00e9rtices del sulfatado Tri\u00e1ngulo de Hierro que enfrenta a la secretaria general de la Presidencia, Karina Milei, con el asesor, Santiago Caputo, por la estrategia en los armados y el sistema de alianzas con los aliados.<\/p>\n","protected":false},"excerpt":{"rendered":"<p>El Presidente cancel&oacute; su visita a la capital de Espa&ntilde;a prevista para el pr&oacute;ximo s&aacute;bado.martes 9 de septiembre de 2025 14:53 El presidente Javier Milei suspendi&oacute; su viaje a Espa&ntilde;a previsto para el jueves 11 de septiembre luego de la dura derrota que recibi&oacute; La Libertad Avanza en las elecciones por la composici&oacute;n de la &hellip; <\/p>\n","protected":false},"author":5,"featured_media":27501,"comment_status":"closed","ping_status":"closed","sticky":false,"template":"","format":"standard","meta":{"om_disable_all_campaigns":false,"_joinchat":[]},"categories":[3],"tags":[46,43,569],"featured_image_urls":{"full":["https:\/\/infotep.com.ar\/wp-content\/uploads\/2025\/09\/milei-1.webp",1066,720,false],"thumbnail":["https:\/\/infotep.com.ar\/wp-content\/uploads\/2025\/09\/milei-1-150x150.webp",150,150,true],"medium":["https:\/\/infotep.com.ar\/wp-content\/uploads\/2025\/09\/milei-1-300x203.webp",300,203,true],"medium_large":["https:\/\/infotep.com.ar\/wp-content\/uploads\/2025\/09\/milei-1-768x519.webp",768,519,true],"large":["https:\/\/infotep.com.ar\/wp-content\/uploads\/2025\/09\/milei-1-1024x692.webp",1020,689,true],"1536x1536":["https:\/\/infotep.com.ar\/wp-content\/uploads\/2025\/09\/milei-1.webp",1066,720,false],"2048x2048":["https:\/\/infotep.com.ar\/wp-content\/uploads\/2025\/09\/milei-1.webp",1066,720,false],"blossom-feminine-slider":["https:\/\/infotep.com.ar\/wp-content\/uploads\/2025\/09\/milei-1-1066x649.webp",1066,649,true],"blossom-feminine-featured":["https:\/\/infotep.com.ar\/wp-content\/uploads\/2025\/09\/milei-1-1066x600.webp",1066,600,true],"blossom-feminine-with-sidebar":["https:\/\/infotep.com.ar\/wp-content\/uploads\/2025\/09\/milei-1-1020x600.webp",1020,600,true],"blossom-feminine-blog":["https:\/\/infotep.com.ar\/wp-content\/uploads\/2025\/09\/milei-1-435x435.webp",435,435,true],"blossom-feminine-cat":["https:\/\/infotep.com.ar\/wp-content\/uploads\/2025\/09\/milei-1-450x300.webp",450,300,true],"blossom-feminine-related":["https:\/\/infotep.com.ar\/wp-content\/uploads\/2025\/09\/milei-1-320x200.webp",320,200,true],"blossom-feminine-schema":["https:\/\/infotep.com.ar\/wp-content\/uploads\/2025\/09\/milei-1-89x60.webp",89,60,true],"blossom-mommy-blog-slider-big":["https:\/\/infotep.com.ar\/wp-content\/uploads\/2025\/09\/milei-1-920x650.webp",920,650,true],"blossom-mommy-blog-slider":["https:\/\/infotep.com.ar\/wp-content\/uploads\/2025\/09\/milei-1-460x310.webp",460,310,true],"blossom-mommy-blog-two":["https:\/\/infotep.com.ar\/wp-content\/uploads\/2025\/09\/milei-1-768x480.webp",768,480,true]},"author_info":{"info":["Angela Tobar"]},"category_info":"<a href=\"https:\/\/infotep.com.ar\/index.php\/category\/nacionales\/\" rel=\"category tag\">Nacionales<\/a>","tag_info":"Nacionales","comment_count":"0","_links":{"self":[{"href":"https:\/\/infotep.com.ar\/index.php\/wp-json\/wp\/v2\/posts\/27513"}],"collection":[{"href":"https:\/\/infotep.com.ar\/index.php\/wp-json\/wp\/v2\/posts"}],"about":[{"href":"https:\/\/infotep.com.ar\/index.php\/wp-json\/wp\/v2\/types\/post"}],"author":[{"embeddable":true,"href":"https:\/\/infotep.com.ar\/index.php\/wp-json\/wp\/v2\/users\/5"}],"replies":[{"embeddable":true,"href":"https:\/\/infotep.com.ar\/index.php\/wp-json\/wp\/v2\/comments?post=27513"}],"version-history":[{"count":1,"href":"https:\/\/infotep.com.ar\/index.php\/wp-json\/wp\/v2\/posts\/27513\/revisions"}],"predecessor-version":[{"id":27514,"href":"https:\/\/infotep.com.ar\/index.php\/wp-json\/wp\/v2\/posts\/27513\/revisions\/27514"}],"wp:featuredmedia":[{"embeddable":true,"href":"https:\/\/infotep.com.ar\/index.php\/wp-json\/wp\/v2\/media\/27501"}],"wp:attachment":[{"href":"https:\/\/infotep.com.ar\/index.php\/wp-json\/wp\/v2\/media?parent=27513"}],"wp:term":[{"taxonomy":"category","embeddable":true,"href":"https:\/\/infotep.com.ar\/index.php\/wp-json\/wp\/v2\/categories?post=27513"},{"taxonomy":"post_tag","embeddable":true,"href":"https:\/\/infotep.com.ar\/index.php\/wp-json\/wp\/v2\/tags?post=27513"}],"curies":[{"name":"wp","href":"https:\/\/api.w.org\/{rel}","templated":true}]}}