{"id":27538,"date":"2025-09-09T17:09:58","date_gmt":"2025-09-09T20:09:58","guid":{"rendered":"https:\/\/infotep.com.ar\/?p=27538"},"modified":"2025-09-09T17:13:17","modified_gmt":"2025-09-09T20:13:17","slug":"nuevos-centros-de-monitoreo-descentralizados-en-castelar-norte-y-sur","status":"publish","type":"post","link":"https:\/\/infotep.com.ar\/index.php\/2025\/09\/09\/nuevos-centros-de-monitoreo-descentralizados-en-castelar-norte-y-sur\/","title":{"rendered":"Nuevos Centros de Monitoreo descentralizados en Castelar norte y sur"},"content":{"rendered":"\n<p>El intendente Lucas Ghi supervis\u00f3 el funcionamiento de los espacios que refuerzan la prevenci\u00f3n y la respuesta inmediata en la comunidad.<\/p>\n\n\n\n<p>El Municipio de Mor\u00f3n avanza en el fortalecimiento de las pol\u00edticas de seguridad ciudadana con la puesta en funcionamiento de los Centros de Monitoreo Descentralizados (CMD) en Castelar norte y sur. En ese marco, el intendente Lucas Ghi y el secretario de Seguridad, Dami\u00e1n Cardoso, recorrieron las instalaciones ubicadas en las plazas De los Espa\u00f1oles y San Juan.<\/p>\n\n\n\n<p><strong>Estos espacios cuentan con equipos de vigilancia activa las 24 horas, m\u00f3viles de Seguridad Ciudadana y efectivos policiales con base operativa en el lugar. Adem\u00e1s, disponen de l\u00edneas de contacto directo y operadores especializados para atender denuncias y responder de forma inmediata a las alertas de los vecinos y vecinas.<\/strong><\/p>\n\n\n\n<p>La iniciativa busca brindar mayor cercan\u00eda en el territorio y garantizar un abordaje r\u00e1pido y eficiente frente a situaciones de emergencia o prevenci\u00f3n comunitaria.<\/p>\n\n\n\n<p>Los nuevos centros se suman a los ya existentes en El Palomar (Plaza Cattaneo), en Mor\u00f3n sur (destacamentos San Jos\u00e9 y Manzanar), en Castelar (destacamento Berra) y en Haedo norte (destacamento Fasola).<\/p>\n\n\n\n<p>De la recorrida tambi\u00e9n participaron la secretaria de Unidad Intendente, Estefan\u00eda Franco, y el secretario de Educaci\u00f3n y Desarrollo de la Comunidad, Jos\u00e9 Mar\u00eda Ghi, junto a otros funcionarios y funcionarias.<\/p>\n","protected":false},"excerpt":{"rendered":"<p>El intendente Lucas Ghi supervis&oacute; el funcionamiento de los espacios que refuerzan la prevenci&oacute;n y la respuesta inmediata en la comunidad. El Municipio de Mor&oacute;n avanza en el fortalecimiento de las pol&iacute;ticas de seguridad ciudadana con la puesta en funcionamiento de los Centros de Monitoreo Descentralizados (CMD) en Castelar norte y sur. En ese marco, &hellip; <\/p>\n","protected":false},"author":5,"featured_media":27539,"comment_status":"closed","ping_status":"closed","sticky":false,"template":"","format":"standard","meta":{"om_disable_all_campaigns":false,"_joinchat":[]},"categories":[9],"tags":[46,53,43,569],"featured_image_urls":{"full":["https:\/\/infotep.com.ar\/wp-content\/uploads\/2025\/09\/COM-CASTELAR-alerta.jpeg",1280,853,false],"thumbnail":["https:\/\/infotep.com.ar\/wp-content\/uploads\/2025\/09\/COM-CASTELAR-alerta-150x150.jpeg",150,150,true],"medium":["https:\/\/infotep.com.ar\/wp-content\/uploads\/2025\/09\/COM-CASTELAR-alerta-300x200.jpeg",300,200,true],"medium_large":["https:\/\/infotep.com.ar\/wp-content\/uploads\/2025\/09\/COM-CASTELAR-alerta-768x512.jpeg",768,512,true],"large":["https:\/\/infotep.com.ar\/wp-content\/uploads\/2025\/09\/COM-CASTELAR-alerta-1024x682.jpeg",1020,679,true],"1536x1536":["https:\/\/infotep.com.ar\/wp-content\/uploads\/2025\/09\/COM-CASTELAR-alerta.jpeg",1280,853,false],"2048x2048":["https:\/\/infotep.com.ar\/wp-content\/uploads\/2025\/09\/COM-CASTELAR-alerta.jpeg",1280,853,false],"blossom-feminine-slider":["https:\/\/infotep.com.ar\/wp-content\/uploads\/2025\/09\/COM-CASTELAR-alerta-1280x649.jpeg",1280,649,true],"blossom-feminine-featured":["https:\/\/infotep.com.ar\/wp-content\/uploads\/2025\/09\/COM-CASTELAR-alerta-1280x600.jpeg",1280,600,true],"blossom-feminine-with-sidebar":["https:\/\/infotep.com.ar\/wp-content\/uploads\/2025\/09\/COM-CASTELAR-alerta-1020x600.jpeg",1020,600,true],"blossom-feminine-blog":["https:\/\/infotep.com.ar\/wp-content\/uploads\/2025\/09\/COM-CASTELAR-alerta-435x435.jpeg",435,435,true],"blossom-feminine-cat":["https:\/\/infotep.com.ar\/wp-content\/uploads\/2025\/09\/COM-CASTELAR-alerta-450x300.jpeg",450,300,true],"blossom-feminine-related":["https:\/\/infotep.com.ar\/wp-content\/uploads\/2025\/09\/COM-CASTELAR-alerta-320x200.jpeg",320,200,true],"blossom-feminine-schema":["https:\/\/infotep.com.ar\/wp-content\/uploads\/2025\/09\/COM-CASTELAR-alerta-90x60.jpeg",90,60,true],"blossom-mommy-blog-slider-big":["https:\/\/infotep.com.ar\/wp-content\/uploads\/2025\/09\/COM-CASTELAR-alerta-920x650.jpeg",920,650,true],"blossom-mommy-blog-slider":["https:\/\/infotep.com.ar\/wp-content\/uploads\/2025\/09\/COM-CASTELAR-alerta-460x310.jpeg",460,310,true],"blossom-mommy-blog-two":["https:\/\/infotep.com.ar\/wp-content\/uploads\/2025\/09\/COM-CASTELAR-alerta-768x480.jpeg",768,480,true]},"author_info":{"info":["Angela Tobar"]},"category_info":"<a href=\"https:\/\/infotep.com.ar\/index.php\/category\/municipales\/moron\/\" rel=\"category tag\">Mor\u00f3n<\/a>","tag_info":"Mor\u00f3n","comment_count":"0","_links":{"self":[{"href":"https:\/\/infotep.com.ar\/index.php\/wp-json\/wp\/v2\/posts\/27538"}],"collection":[{"href":"https:\/\/infotep.com.ar\/index.php\/wp-json\/wp\/v2\/posts"}],"about":[{"href":"https:\/\/infotep.com.ar\/index.php\/wp-json\/wp\/v2\/types\/post"}],"author":[{"embeddable":true,"href":"https:\/\/infotep.com.ar\/index.php\/wp-json\/wp\/v2\/users\/5"}],"replies":[{"embeddable":true,"href":"https:\/\/infotep.com.ar\/index.php\/wp-json\/wp\/v2\/comments?post=27538"}],"version-history":[{"count":1,"href":"https:\/\/infotep.com.ar\/index.php\/wp-json\/wp\/v2\/posts\/27538\/revisions"}],"predecessor-version":[{"id":27540,"href":"https:\/\/infotep.com.ar\/index.php\/wp-json\/wp\/v2\/posts\/27538\/revisions\/27540"}],"wp:featuredmedia":[{"embeddable":true,"href":"https:\/\/infotep.com.ar\/index.php\/wp-json\/wp\/v2\/media\/27539"}],"wp:attachment":[{"href":"https:\/\/infotep.com.ar\/index.php\/wp-json\/wp\/v2\/media?parent=27538"}],"wp:term":[{"taxonomy":"category","embeddable":true,"href":"https:\/\/infotep.com.ar\/index.php\/wp-json\/wp\/v2\/categories?post=27538"},{"taxonomy":"post_tag","embeddable":true,"href":"https:\/\/infotep.com.ar\/index.php\/wp-json\/wp\/v2\/tags?post=27538"}],"curies":[{"name":"wp","href":"https:\/\/api.w.org\/{rel}","templated":true}]}}