{"id":27616,"date":"2025-09-12T23:43:21","date_gmt":"2025-09-13T02:43:21","guid":{"rendered":"https:\/\/infotep.com.ar\/?p=27616"},"modified":"2025-09-12T23:43:22","modified_gmt":"2025-09-13T02:43:22","slug":"aseguran-que-aparecio-por-primera-vez-en-un-contrato-el-pago-de-gastos-por-adelantado-del-3","status":"publish","type":"post","link":"https:\/\/infotep.com.ar\/index.php\/2025\/09\/12\/aseguran-que-aparecio-por-primera-vez-en-un-contrato-el-pago-de-gastos-por-adelantado-del-3\/","title":{"rendered":"Aseguran que apareci\u00f3 por primera vez en un contrato el pago de \u201cgastos&#8221; por adelantado del 3%"},"content":{"rendered":"\n<p>El periodista Mauro Federico, tras declarar por espionaje ilegal, revel\u00f3 un contrato donde figura un pago del 3% en una licitaci\u00f3n de pa\u00f1ales del PAMI.<br><br>El periodista Mauro Federico revel\u00f3 un dato explosivo que podr\u00eda complicar a\u00fan m\u00e1s la situaci\u00f3n del Gobierno, al asegurar que &#8220;apareci\u00f3 por primera vez en un contrato el pago de &#8216;gastos&#8217; por adelantado del 3%&#8221;. Esta afirmaci\u00f3n surge luego de su declaraci\u00f3n en la causa por presunto espionaje ilegal iniciada por la ministra Patricia Bullrich, donde fue denunciado junto a Jorge Rial. La revelaci\u00f3n apunta a la secretaria general de la Presidencia, Karina Milei, y se suma a las investigaciones por la droguer\u00eda Suizo Argentina.<\/p>\n\n\n\n<p>En declaraciones a Radio 10 este viernes, Federico hizo referencia a la declaraci\u00f3n de Fernando Cerimedo, asesor libertario, quien ratific\u00f3 los dichos de Diego Spagnuolo sobre coimas. Seg\u00fan supo Noticias Argentinas, una fuente de la fiscal\u00eda le coment\u00f3 a Federico que &#8220;Cerimedo aport\u00f3 la pieza que faltaba para terminar de cerrar una parte de la investigaci\u00f3n, que sigue&#8221;.<\/p>\n\n\n\n<p><strong>La revelaci\u00f3n de Federico se centra en el esc\u00e1ndalo de los pa\u00f1ales del PAMI y la empresa Urbano Express SA, a la que se vincular\u00eda con los Menem:<\/strong><\/p>\n\n\n\n<p>Licitaci\u00f3n direccionada: &#8220;La empresa que est\u00e1 en la mira es la misma de los pa\u00f1ales con otro organismo p\u00fablico, porque la licitaci\u00f3n estuvo armada y direccionada para que la gane esa empresa&#8221;, afirm\u00f3 Federico. Se refiere a la licitaci\u00f3n p\u00fablica de abril pasado, por la cual Urbano Express SA fue adjudicada el 7 de mayo con un contrato de $466.554 millones y un plazo de 36 meses.<br><br>Dudas y acusaciones: Las dudas surgieron cuando solo Urbano lleg\u00f3 a presentar la documentaci\u00f3n requerida, debido al corto tiempo para el tr\u00e1mite. Competidoras que quedaron afuera acusaron p\u00fablicamente al PAMI de armar un proceso licitatorio a medida de Urbano.<br><br>El &#8220;3%&#8221; registrado: &#8220;En la causa de los pa\u00f1ales, encontramos un detalle con la empresa Urbano \u2013Urbano Express que se vincula a los Menem- como no tienen pa\u00f1ales compraban a empresas que aparecen objetadas por el PAMI y otros organismos\u2026 direccionaban la operaci\u00f3n para que la ganara esta empresa\u201d, cont\u00f3 Federico. Y agreg\u00f3 el dato clave: \u201caparece por primera vez en un contrato el pago adelantado para \u2018gastos\u2019 del 3%\u201d.<br><br>Prueba en la Justicia: &#8220;Ten\u00edan que pagarlo por adelantado y lo dejaron asentado en un contrato, eso ya fue aportado a la Justicia tambi\u00e9n\u201d, concluy\u00f3 el periodista, citando fuentes judiciales de la causa.<br><br>Cabe recordar que el 12 de mayo, el vocero presidencial Manuel Adorni sali\u00f3 a negar las versiones de sobreprecios en pa\u00f1ales del PAMI, acusando a un grupo de empresas de hacer &#8220;lobby&#8221; y dejando la investigaci\u00f3n en manos de la Justicia, sin contestar sobre la continuidad de funcionarios sospechados.<br><br> Adorni anunci\u00f3 un nuevo sistema de entrega de pa\u00f1ales a domicilio que implicar\u00eda un ahorro de $5.000 millones, &#8220;quitando a todos los intermediarios&#8221; y &#8220;evitando que ning\u00fan vivo pueda venderlos en marketplace&#8221;. Sin embargo, la revelaci\u00f3n de Federico sugiere que la trama de corrupci\u00f3n podr\u00eda ser m\u00e1s profunda y estar documentada.<br><br><\/p>\n","protected":false},"excerpt":{"rendered":"<p>El periodista Mauro Federico, tras declarar por espionaje ilegal, revel&oacute; un contrato donde figura un pago del 3% en una licitaci&oacute;n de pa&ntilde;ales del PAMI. El periodista Mauro Federico revel&oacute; un dato explosivo que podr&iacute;a complicar a&uacute;n m&aacute;s la situaci&oacute;n del Gobierno, al asegurar que &ldquo;apareci&oacute; por primera vez en un contrato el pago de &hellip; <\/p>\n","protected":false},"author":5,"featured_media":27617,"comment_status":"closed","ping_status":"closed","sticky":false,"template":"","format":"standard","meta":{"om_disable_all_campaigns":false,"_joinchat":[]},"categories":[3],"tags":[46,43,569],"featured_image_urls":{"full":["https:\/\/infotep.com.ar\/wp-content\/uploads\/2025\/09\/garcas4.webp",1280,720,false],"thumbnail":["https:\/\/infotep.com.ar\/wp-content\/uploads\/2025\/09\/garcas4-150x150.webp",150,150,true],"medium":["https:\/\/infotep.com.ar\/wp-content\/uploads\/2025\/09\/garcas4-300x169.webp",300,169,true],"medium_large":["https:\/\/infotep.com.ar\/wp-content\/uploads\/2025\/09\/garcas4-768x432.webp",768,432,true],"large":["https:\/\/infotep.com.ar\/wp-content\/uploads\/2025\/09\/garcas4-1024x576.webp",1020,574,true],"1536x1536":["https:\/\/infotep.com.ar\/wp-content\/uploads\/2025\/09\/garcas4.webp",1280,720,false],"2048x2048":["https:\/\/infotep.com.ar\/wp-content\/uploads\/2025\/09\/garcas4.webp",1280,720,false],"blossom-feminine-slider":["https:\/\/infotep.com.ar\/wp-content\/uploads\/2025\/09\/garcas4-1280x649.webp",1280,649,true],"blossom-feminine-featured":["https:\/\/infotep.com.ar\/wp-content\/uploads\/2025\/09\/garcas4-1280x600.webp",1280,600,true],"blossom-feminine-with-sidebar":["https:\/\/infotep.com.ar\/wp-content\/uploads\/2025\/09\/garcas4-1020x600.webp",1020,600,true],"blossom-feminine-blog":["https:\/\/infotep.com.ar\/wp-content\/uploads\/2025\/09\/garcas4-435x435.webp",435,435,true],"blossom-feminine-cat":["https:\/\/infotep.com.ar\/wp-content\/uploads\/2025\/09\/garcas4-450x300.webp",450,300,true],"blossom-feminine-related":["https:\/\/infotep.com.ar\/wp-content\/uploads\/2025\/09\/garcas4-320x200.webp",320,200,true],"blossom-feminine-schema":["https:\/\/infotep.com.ar\/wp-content\/uploads\/2025\/09\/garcas4-107x60.webp",107,60,true],"blossom-mommy-blog-slider-big":["https:\/\/infotep.com.ar\/wp-content\/uploads\/2025\/09\/garcas4-920x650.webp",920,650,true],"blossom-mommy-blog-slider":["https:\/\/infotep.com.ar\/wp-content\/uploads\/2025\/09\/garcas4-460x310.webp",460,310,true],"blossom-mommy-blog-two":["https:\/\/infotep.com.ar\/wp-content\/uploads\/2025\/09\/garcas4-768x480.webp",768,480,true]},"author_info":{"info":["Angela Tobar"]},"category_info":"<a href=\"https:\/\/infotep.com.ar\/index.php\/category\/nacionales\/\" rel=\"category tag\">Nacionales<\/a>","tag_info":"Nacionales","comment_count":"0","_links":{"self":[{"href":"https:\/\/infotep.com.ar\/index.php\/wp-json\/wp\/v2\/posts\/27616"}],"collection":[{"href":"https:\/\/infotep.com.ar\/index.php\/wp-json\/wp\/v2\/posts"}],"about":[{"href":"https:\/\/infotep.com.ar\/index.php\/wp-json\/wp\/v2\/types\/post"}],"author":[{"embeddable":true,"href":"https:\/\/infotep.com.ar\/index.php\/wp-json\/wp\/v2\/users\/5"}],"replies":[{"embeddable":true,"href":"https:\/\/infotep.com.ar\/index.php\/wp-json\/wp\/v2\/comments?post=27616"}],"version-history":[{"count":1,"href":"https:\/\/infotep.com.ar\/index.php\/wp-json\/wp\/v2\/posts\/27616\/revisions"}],"predecessor-version":[{"id":27618,"href":"https:\/\/infotep.com.ar\/index.php\/wp-json\/wp\/v2\/posts\/27616\/revisions\/27618"}],"wp:featuredmedia":[{"embeddable":true,"href":"https:\/\/infotep.com.ar\/index.php\/wp-json\/wp\/v2\/media\/27617"}],"wp:attachment":[{"href":"https:\/\/infotep.com.ar\/index.php\/wp-json\/wp\/v2\/media?parent=27616"}],"wp:term":[{"taxonomy":"category","embeddable":true,"href":"https:\/\/infotep.com.ar\/index.php\/wp-json\/wp\/v2\/categories?post=27616"},{"taxonomy":"post_tag","embeddable":true,"href":"https:\/\/infotep.com.ar\/index.php\/wp-json\/wp\/v2\/tags?post=27616"}],"curies":[{"name":"wp","href":"https:\/\/api.w.org\/{rel}","templated":true}]}}