{"id":27626,"date":"2025-09-13T00:05:29","date_gmt":"2025-09-13T03:05:29","guid":{"rendered":"https:\/\/infotep.com.ar\/?p=27626"},"modified":"2025-09-13T00:05:30","modified_gmt":"2025-09-13T03:05:30","slug":"vuelve-el-ciclo-de-cine-dedicado-a-sandro-al-teatro-municipal-de-moron","status":"publish","type":"post","link":"https:\/\/infotep.com.ar\/index.php\/2025\/09\/13\/vuelve-el-ciclo-de-cine-dedicado-a-sandro-al-teatro-municipal-de-moron\/","title":{"rendered":"Vuelve el Ciclo de Cine dedicado a Sandro al Teatro Municipal de Mor\u00f3n"},"content":{"rendered":"\n<p><strong>El evento re\u00fane pel\u00edculas dedicadas al \u00eddolo popular, a 80 a\u00f1os de su nacimiento. Ser\u00e1 desde el viernes 19 en el Espacio INCAA del Teatro Municipal Gregorio de Laferrere. Tambi\u00e9n habr\u00e1 actividades en la Biblioteca municipal.<\/strong><\/p>\n\n\n\n<p>El Municipio de Mor\u00f3n invita a disfrutar del ciclo \u201cUn gitano en el coraz\u00f3n del Oeste\u201d, una programaci\u00f3n especial en homenaje a Sandro, una de las figuras m\u00e1s destacadas de la cultura popular argentina y latinoamericana.<\/p>\n\n\n\n<p>Esta edici\u00f3n contar\u00e1 con dos sedes y diversas propuestas art\u00edsticas que permitir\u00e1n revivir la obra y trayectoria del gran Roberto S\u00e1nchez.<\/p>\n\n\n\n<p><strong>Las funciones de cine gratuitas se desarrollar\u00e1n en el Espacio INCAA Mor\u00f3n (Brown y San Mart\u00edn, Mor\u00f3n), con la siguiente programaci\u00f3n:<\/strong><\/p>\n\n\n\n<p>Viernes 19 \u2013 20 hs.: Quiero llenarme de ti, de Emilio Vieyra.<\/p>\n\n\n\n<p>S\u00e1bado 20 \u2013 19 hs.: Yo, Sandro, de Miguel Mato.<\/p>\n\n\n\n<p>S\u00e1bado 20 \u2013 20:30 hs.: Operaci\u00f3n Rosa Rosa, de Leo Fleider.<\/p>\n\n\n\n<p>Domingo 21 \u2013 20 hs.: Muchacho, de Leo Fleider.<\/p>\n\n\n\n<p><strong>Las entradas pueden reservarse a trav\u00e9s de la p\u00e1gina web del Municipio, en el \u00e1rea de \u201cTurnos y reservas\u201d. Tambi\u00e9n estar\u00e1n disponibles sin costo en la boleter\u00eda del Teatro, desde una hora antes de cada funci\u00f3n.<\/strong><\/p>\n\n\n\n<p>Adem\u00e1s, el homenaje incluir\u00e1 actividades especiales en la Biblioteca Municipal (Brown 763, Mor\u00f3n), como una muestra de arte y charlas. Desde el viernes 12 de septiembre se podr\u00e1 visitar una exposici\u00f3n de fotos, objetos, discos y material audiovisual sobre la vida y carrera del artista, que permanecer\u00e1 abierta de lunes a viernes de 10 a 14 hs.<\/p>\n\n\n\n<p class=\"has-light-green-cyan-background-color has-background\">En tanto, el s\u00e1bado 13 a las 16:30 hs. habr\u00e1 una charla abierta con la periodista y bi\u00f3grafa Graciela Gui\u00f1az\u00fa, seguida de la presentaci\u00f3n \u201cPenumbras, Sandro en el imaginario de las mujeres de la \u00e9poca\u201d, una performance de m\u00fasica, poes\u00eda y cocina a cargo de Ciela Asad, Flavia Cuello, Camil, Pauli Andrea y Marcos Romano.<\/p>\n","protected":false},"excerpt":{"rendered":"<p>El evento re&uacute;ne pel&iacute;culas dedicadas al &iacute;dolo popular, a 80 a&ntilde;os de su nacimiento. Ser&aacute; desde el viernes 19 en el Espacio INCAA del Teatro Municipal Gregorio de Laferrere. Tambi&eacute;n habr&aacute; actividades en la Biblioteca municipal. El Municipio de Mor&oacute;n invita a disfrutar del ciclo &ldquo;Un gitano en el coraz&oacute;n del Oeste&rdquo;, una programaci&oacute;n especial &hellip; <\/p>\n","protected":false},"author":5,"featured_media":17497,"comment_status":"closed","ping_status":"closed","sticky":false,"template":"","format":"standard","meta":{"om_disable_all_campaigns":false,"_joinchat":[]},"categories":[9],"tags":[46,43,569],"featured_image_urls":{"full":["https:\/\/infotep.com.ar\/wp-content\/uploads\/2024\/10\/sandro.webp",720,405,false],"thumbnail":["https:\/\/infotep.com.ar\/wp-content\/uploads\/2024\/10\/sandro-150x150.webp",150,150,true],"medium":["https:\/\/infotep.com.ar\/wp-content\/uploads\/2024\/10\/sandro-300x169.webp",300,169,true],"medium_large":["https:\/\/infotep.com.ar\/wp-content\/uploads\/2024\/10\/sandro.webp",720,405,false],"large":["https:\/\/infotep.com.ar\/wp-content\/uploads\/2024\/10\/sandro.webp",720,405,false],"1536x1536":["https:\/\/infotep.com.ar\/wp-content\/uploads\/2024\/10\/sandro.webp",720,405,false],"2048x2048":["https:\/\/infotep.com.ar\/wp-content\/uploads\/2024\/10\/sandro.webp",720,405,false],"blossom-feminine-slider":["https:\/\/infotep.com.ar\/wp-content\/uploads\/2024\/10\/sandro.webp",720,405,false],"blossom-feminine-featured":["https:\/\/infotep.com.ar\/wp-content\/uploads\/2024\/10\/sandro.webp",720,405,false],"blossom-feminine-with-sidebar":["https:\/\/infotep.com.ar\/wp-content\/uploads\/2024\/10\/sandro.webp",720,405,false],"blossom-feminine-blog":["https:\/\/infotep.com.ar\/wp-content\/uploads\/2024\/10\/sandro-435x405.webp",435,405,true],"blossom-feminine-cat":["https:\/\/infotep.com.ar\/wp-content\/uploads\/2024\/10\/sandro-450x300.webp",450,300,true],"blossom-feminine-related":["https:\/\/infotep.com.ar\/wp-content\/uploads\/2024\/10\/sandro-320x200.webp",320,200,true],"blossom-feminine-schema":["https:\/\/infotep.com.ar\/wp-content\/uploads\/2024\/10\/sandro-107x60.webp",107,60,true],"blossom-mommy-blog-slider-big":["https:\/\/infotep.com.ar\/wp-content\/uploads\/2024\/10\/sandro.webp",720,405,false],"blossom-mommy-blog-slider":["https:\/\/infotep.com.ar\/wp-content\/uploads\/2024\/10\/sandro-460x310.webp",460,310,true],"blossom-mommy-blog-two":["https:\/\/infotep.com.ar\/wp-content\/uploads\/2024\/10\/sandro.webp",720,405,false]},"author_info":{"info":["Angela Tobar"]},"category_info":"<a href=\"https:\/\/infotep.com.ar\/index.php\/category\/municipales\/moron\/\" rel=\"category tag\">Mor\u00f3n<\/a>","tag_info":"Mor\u00f3n","comment_count":"0","_links":{"self":[{"href":"https:\/\/infotep.com.ar\/index.php\/wp-json\/wp\/v2\/posts\/27626"}],"collection":[{"href":"https:\/\/infotep.com.ar\/index.php\/wp-json\/wp\/v2\/posts"}],"about":[{"href":"https:\/\/infotep.com.ar\/index.php\/wp-json\/wp\/v2\/types\/post"}],"author":[{"embeddable":true,"href":"https:\/\/infotep.com.ar\/index.php\/wp-json\/wp\/v2\/users\/5"}],"replies":[{"embeddable":true,"href":"https:\/\/infotep.com.ar\/index.php\/wp-json\/wp\/v2\/comments?post=27626"}],"version-history":[{"count":1,"href":"https:\/\/infotep.com.ar\/index.php\/wp-json\/wp\/v2\/posts\/27626\/revisions"}],"predecessor-version":[{"id":27627,"href":"https:\/\/infotep.com.ar\/index.php\/wp-json\/wp\/v2\/posts\/27626\/revisions\/27627"}],"wp:featuredmedia":[{"embeddable":true,"href":"https:\/\/infotep.com.ar\/index.php\/wp-json\/wp\/v2\/media\/17497"}],"wp:attachment":[{"href":"https:\/\/infotep.com.ar\/index.php\/wp-json\/wp\/v2\/media?parent=27626"}],"wp:term":[{"taxonomy":"category","embeddable":true,"href":"https:\/\/infotep.com.ar\/index.php\/wp-json\/wp\/v2\/categories?post=27626"},{"taxonomy":"post_tag","embeddable":true,"href":"https:\/\/infotep.com.ar\/index.php\/wp-json\/wp\/v2\/tags?post=27626"}],"curies":[{"name":"wp","href":"https:\/\/api.w.org\/{rel}","templated":true}]}}