{"id":27628,"date":"2025-09-13T00:08:07","date_gmt":"2025-09-13T03:08:07","guid":{"rendered":"https:\/\/infotep.com.ar\/?p=27628"},"modified":"2025-09-13T00:08:08","modified_gmt":"2025-09-13T03:08:08","slug":"llega-una-nueva-edicion-de-la-feria-del-libro-de-la-matanza-2","status":"publish","type":"post","link":"https:\/\/infotep.com.ar\/index.php\/2025\/09\/13\/llega-una-nueva-edicion-de-la-feria-del-libro-de-la-matanza-2\/","title":{"rendered":"Llega una nueva edici\u00f3n de la Feria del Libro de La Matanza"},"content":{"rendered":"\n<p>La 18\u00b0 edici\u00f3n de la Feria del Libro municipal se llevar\u00e1 a cabo del 19 al 28 de septiembre, con una variada oferta cultural, literaria y de entretenimiento, con entrada libre y gratuita, para que disfruten todas las chicas, chicos, j\u00f3venes y familias del distrito y de las ciudades vecinas.<\/p>\n\n\n\n<p><strong>La propuesta de este 2025 incluye presentaciones de libros, stand de editoriales, charlas, shows musicales, proyecciones audiovisuales, la participaci\u00f3n de personalidades destacadas de la cultura, el periodismo y el espect\u00e1culo nacional, actividades para chicas y chicos, entre muchas sorpresas m\u00e1s, que las y los visitantes podr\u00e1n disfrutar desde el 19 al 28 de septiembre, en la renovada Plaza San Mart\u00edn de San Justo.<\/strong><\/p>\n\n\n\n<p>La colorida Feria del Libro de La Matanza, impulsada por el Gobierno local, a trav\u00e9s de la Secretar\u00eda de Cultura y Educaci\u00f3n a cargo de Silvia Francese, se instalar\u00e1, como lo hace de forma ininterrumpida desde hace casi dos d\u00e9cadas, en las instalaciones montadas en la Plaza central de la ciudad cabecera del distrito.<\/p>\n\n\n\n<p>Como es tradicional, habr\u00e1 un acto inaugural, que se llevar\u00e1 adelante el 22 de septiembre, con distintos eventos art\u00edsticos y la entrega de menciones y premios a los ganadores de los diferentes concursos de Cultura de MTZ.<\/p>\n\n\n\n<p>Durante toda la semana, acompa\u00f1ar\u00e1n a las actividades que se desarrollen en la Feria del Libro, los tradicionales Food Truck, que ofrecen una variedad gastron\u00f3mica, con especialidades regionales. Finalmente el domingo 28 de septiembre se cerrar\u00e1 el evento con el tradicional Peric\u00f3n Nacional, del que participar\u00e1n integrantes de los Centros de Jubilados de La Matanza.<\/p>\n\n\n\n<p>Todos los a\u00f1os, asisten a la Feria del Libro de La Matanza m\u00e1s de 500 mil personas de todas las edades. Este a\u00f1o los horarios ser\u00e1n: viernes 19 de septiembre y fines de semana, de 12 a 20 h, y de lunes a viernes de 10 a 20 h.<\/p>\n","protected":false},"excerpt":{"rendered":"<p>La 18&deg; edici&oacute;n de la Feria del Libro municipal se llevar&aacute; a cabo del 19 al 28 de septiembre, con una variada oferta cultural, literaria y de entretenimiento, con entrada libre y gratuita, para que disfruten todas las chicas, chicos, j&oacute;venes y familias del distrito y de las ciudades vecinas. La propuesta de este 2025 &hellip; <\/p>\n","protected":false},"author":5,"featured_media":1100,"comment_status":"closed","ping_status":"closed","sticky":false,"template":"","format":"standard","meta":{"om_disable_all_campaigns":false,"_joinchat":[]},"categories":[31,26],"tags":[46,59,43,569],"featured_image_urls":{"full":["https:\/\/infotep.com.ar\/wp-content\/uploads\/2022\/09\/feria-del-libro-la-matanza.jpg",880,493,false],"thumbnail":["https:\/\/infotep.com.ar\/wp-content\/uploads\/2022\/09\/feria-del-libro-la-matanza-150x150.jpg",150,150,true],"medium":["https:\/\/infotep.com.ar\/wp-content\/uploads\/2022\/09\/feria-del-libro-la-matanza-300x168.jpg",300,168,true],"medium_large":["https:\/\/infotep.com.ar\/wp-content\/uploads\/2022\/09\/feria-del-libro-la-matanza-768x430.jpg",768,430,true],"large":["https:\/\/infotep.com.ar\/wp-content\/uploads\/2022\/09\/feria-del-libro-la-matanza.jpg",880,493,false],"1536x1536":["https:\/\/infotep.com.ar\/wp-content\/uploads\/2022\/09\/feria-del-libro-la-matanza.jpg",880,493,false],"2048x2048":["https:\/\/infotep.com.ar\/wp-content\/uploads\/2022\/09\/feria-del-libro-la-matanza.jpg",880,493,false],"blossom-feminine-slider":["https:\/\/infotep.com.ar\/wp-content\/uploads\/2022\/09\/feria-del-libro-la-matanza.jpg",880,493,false],"blossom-feminine-featured":["https:\/\/infotep.com.ar\/wp-content\/uploads\/2022\/09\/feria-del-libro-la-matanza.jpg",880,493,false],"blossom-feminine-with-sidebar":["https:\/\/infotep.com.ar\/wp-content\/uploads\/2022\/09\/feria-del-libro-la-matanza.jpg",880,493,false],"blossom-feminine-blog":["https:\/\/infotep.com.ar\/wp-content\/uploads\/2022\/09\/feria-del-libro-la-matanza-435x435.jpg",435,435,true],"blossom-feminine-cat":["https:\/\/infotep.com.ar\/wp-content\/uploads\/2022\/09\/feria-del-libro-la-matanza-450x300.jpg",450,300,true],"blossom-feminine-related":["https:\/\/infotep.com.ar\/wp-content\/uploads\/2022\/09\/feria-del-libro-la-matanza-320x200.jpg",320,200,true],"blossom-feminine-schema":["https:\/\/infotep.com.ar\/wp-content\/uploads\/2022\/09\/feria-del-libro-la-matanza-107x60.jpg",107,60,true],"blossom-mommy-blog-slider-big":["https:\/\/infotep.com.ar\/wp-content\/uploads\/2022\/09\/feria-del-libro-la-matanza.jpg",880,493,false],"blossom-mommy-blog-slider":["https:\/\/infotep.com.ar\/wp-content\/uploads\/2022\/09\/feria-del-libro-la-matanza-460x310.jpg",460,310,true],"blossom-mommy-blog-two":["https:\/\/infotep.com.ar\/wp-content\/uploads\/2022\/09\/feria-del-libro-la-matanza-768x480.jpg",768,480,true]},"author_info":{"info":["Angela Tobar"]},"category_info":"<a href=\"https:\/\/infotep.com.ar\/index.php\/category\/destacadas\/\" rel=\"category tag\">Destacadas<\/a> <a href=\"https:\/\/infotep.com.ar\/index.php\/category\/municipales\/la-matanza\/\" rel=\"category tag\">La Matanza<\/a>","tag_info":"La Matanza","comment_count":"0","_links":{"self":[{"href":"https:\/\/infotep.com.ar\/index.php\/wp-json\/wp\/v2\/posts\/27628"}],"collection":[{"href":"https:\/\/infotep.com.ar\/index.php\/wp-json\/wp\/v2\/posts"}],"about":[{"href":"https:\/\/infotep.com.ar\/index.php\/wp-json\/wp\/v2\/types\/post"}],"author":[{"embeddable":true,"href":"https:\/\/infotep.com.ar\/index.php\/wp-json\/wp\/v2\/users\/5"}],"replies":[{"embeddable":true,"href":"https:\/\/infotep.com.ar\/index.php\/wp-json\/wp\/v2\/comments?post=27628"}],"version-history":[{"count":1,"href":"https:\/\/infotep.com.ar\/index.php\/wp-json\/wp\/v2\/posts\/27628\/revisions"}],"predecessor-version":[{"id":27629,"href":"https:\/\/infotep.com.ar\/index.php\/wp-json\/wp\/v2\/posts\/27628\/revisions\/27629"}],"wp:featuredmedia":[{"embeddable":true,"href":"https:\/\/infotep.com.ar\/index.php\/wp-json\/wp\/v2\/media\/1100"}],"wp:attachment":[{"href":"https:\/\/infotep.com.ar\/index.php\/wp-json\/wp\/v2\/media?parent=27628"}],"wp:term":[{"taxonomy":"category","embeddable":true,"href":"https:\/\/infotep.com.ar\/index.php\/wp-json\/wp\/v2\/categories?post=27628"},{"taxonomy":"post_tag","embeddable":true,"href":"https:\/\/infotep.com.ar\/index.php\/wp-json\/wp\/v2\/tags?post=27628"}],"curies":[{"name":"wp","href":"https:\/\/api.w.org\/{rel}","templated":true}]}}