{"id":27633,"date":"2025-09-13T00:14:13","date_gmt":"2025-09-13T03:14:13","guid":{"rendered":"https:\/\/infotep.com.ar\/?p=27633"},"modified":"2025-09-13T00:14:14","modified_gmt":"2025-09-13T03:14:14","slug":"kicillof-inauguro-la-escuela-secundaria-n58-en-san-martin","status":"publish","type":"post","link":"https:\/\/infotep.com.ar\/index.php\/2025\/09\/13\/kicillof-inauguro-la-escuela-secundaria-n58-en-san-martin\/","title":{"rendered":"Kicillof inaugur\u00f3 la Escuela Secundaria N\u00b058 en San Mart\u00edn"},"content":{"rendered":"\n<p>Adem\u00e1s, se realiz\u00f3 la entrega de guardapolvos y mobiliario escolar fabricado en unidades penitenciarias bonaerenses.<\/p>\n\n\n\n<p>El gobernador de la provincia de Buenos Aires, Axel Kicillof, encabez\u00f3 este viernes la inauguraci\u00f3n formal de la Escuela Secundaria N\u00b058 en el municipio de San Mart\u00edn. Fue junto a la vicegobernadora Ver\u00f3nica Magario; el director general de Cultura y Educaci\u00f3n, Alberto Sileoni; el intendente local, Fernando Moreira; el dirigente Jorge Taiana; y la directora de la instituci\u00f3n, Cecilia Bogado.<\/p>\n\n\n\n<p>En ese marco, Kicillof destac\u00f3: \u201cEsta escuela secundaria en San Mart\u00edn forma parte de un plan de infraestructura que presentamos ni bien asumimos en la Provincia y que nos permiti\u00f3 ya construir 287 nuevos edificios educativos\u201d. \u201cEn este contexto, sabemos que es a\u00fan m\u00e1s importante: ante un Gobierno nacional que no escuch\u00f3 a las urnas y vet\u00f3 la ley de financiamiento universitario, demostramos con hechos que siempre vamos a defender de manera inclaudicable a la educaci\u00f3n p\u00fablica, gratuita y de calidad en todos sus niveles\u201d, agreg\u00f3.<\/p>\n\n\n\n<p>A partir de una inversi\u00f3n de $1.933 millones del Organismo Provincial de Integraci\u00f3n Social y Urbana (OPISU), se dio respuesta a una demanda hist\u00f3rica de los vecinos y vecinas del barrio Libertador, que hasta el momento no contaba con oferta del nivel secundario. Funciona en el mismo predio de la Escuela Primaria N\u00b087 y cuenta con seis aulas, talleres y un sector de vestuarios.<\/p>\n\n\n\n<p>Al respecto, Magario se\u00f1al\u00f3: \u201cMientras la ausencia del gobierno nacional impacta negativamente en el desarrollo de nuestras comunidades, nosotros estamos comprometidos con el acceso a la educaci\u00f3n p\u00fablica para que m\u00e1s de 5 millones de estudiantes tengan la oportunidad de formarse\u201d. \u201cSabemos que falta mucho por hacer y vamos a seguir reclamando los fondos que les corresponden a los bonaerenses: con los $12 billones que Milei le adeuda a la Provincia podr\u00edan construirse m\u00e1s de 5.000 nuevas escuelas\u201d, indic\u00f3.<\/p>\n\n\n\n<p>En tanto, Taiana expres\u00f3: \u201cEsta inauguraci\u00f3n es el resultado de un Estado provincial que est\u00e1 presente en los barrios porque comprende que sin educaci\u00f3n p\u00fablica no hay futuro para nuestro pueblo\u201d. \u201cEsta escuela se construy\u00f3 a pesar de todas las dificultades que implica tener un Gobierno nacional que est\u00e1 en contra de la obra p\u00fablica: se pudo hacer porque aqu\u00ed estamos convencidos de que la funci\u00f3n de las y los gobernantes es trabajar para mejorar las condiciones de vida de los argentinos\u201d, a\u00f1adi\u00f3.<\/p>\n\n\n\n<p>Durante la jornada, se hizo entrega de 600 guardapolvos, 180 sillas y 90 mesas para instituciones educativas del distrito, producidas por internos del Polo Industrial Textil de la Unidad Penitenciaria N\u00b037 de Barker y del Polo Industrial de Mobiliario Escolar de la Unidad Penitenciaria N\u00b057 de Campana.<\/p>\n\n\n\n<p>\u201cEstamos distribuyendo guardapolvos y mobiliario que fueron elaborados por internos en los talleres de nuestras unidades penitenciarias como parte del programa \u2018M\u00e1s Trabajo, Menos Reincidencia\u2019\u201d, subray\u00f3 el Gobernador y a\u00f1adi\u00f3: \u201cLa articulaci\u00f3n entre diferentes \u00e1reas de Gobierno nos permite generar estas pol\u00edticas que generan trabajo para prevenir el delito y, al mismo tiempo, dar respuestas a las necesidades de los pibes y pibas de las escuelas bonaerenses\u201d.<\/p>\n\n\n\n<p>Por su parte, el intendente Moreira remarc\u00f3: \u201cHoy es un d\u00eda de celebraci\u00f3n para todos los que estamos orgullosos de la educaci\u00f3n p\u00fablica y creemos en un Estado presente, cercano y eficiente\u201d.\u201dEste polo educativo fue una demanda de nuestra comunidad durante muchos a\u00f1os y hoy es una realidad gracias a un Gobierno provincial sensible, que pone al bienestar de nuestro pueblo en el centro de sus prioridades\u201d, sostuvo.<\/p>\n\n\n\n<p>Por \u00faltimo, Kicillof resalt\u00f3: \u201cVamos a trabajar para que en las elecciones del pr\u00f3ximo 26 de octubre quede claro nuestro mensaje: hay que llenar el Congreso nacional de diputados y diputadas que est\u00e9n dispuestas a pelear para cuidar y defender la educaci\u00f3n p\u00fablica\u201d.<\/p>\n\n\n\n<p>Estuvieron presentes tambi\u00e9n los ministros de Infraestructura y Servicios P\u00fablicos, Gabriel Katopodis; de Justicia y Derechos Humanos, Juan Mart\u00edn Mena; y de H\u00e1bitat y Desarrollo Urbano, Silvina Batakis; la subsecretaria de Inclusi\u00f3n Laboral y Comunitaria de Personas en Conflicto con la Ley Penal del ministerio de Justicia y Derechos Humanos, Nora Calandra y el Director Provincial de Producci\u00f3n, Trabajo y Formaci\u00f3n Laboral en Contexto de Encierro, Trist\u00e1n Basile, entre otros funcionarios.<\/p>\n","protected":false},"excerpt":{"rendered":"<p>Adem&aacute;s, se realiz&oacute; la entrega de guardapolvos y mobiliario escolar fabricado en unidades penitenciarias bonaerenses. El gobernador de la provincia de Buenos Aires, Axel Kicillof, encabez&oacute; este viernes la inauguraci&oacute;n formal de la Escuela Secundaria N&deg;58 en el municipio de San Mart&iacute;n. Fue junto a la vicegobernadora Ver&oacute;nica Magario; el director general de Cultura y &hellip; <\/p>\n","protected":false},"author":5,"featured_media":27634,"comment_status":"closed","ping_status":"closed","sticky":false,"template":"","format":"standard","meta":{"om_disable_all_campaigns":false,"_joinchat":[]},"categories":[4],"tags":[46,43,569],"featured_image_urls":{"full":["https:\/\/infotep.com.ar\/wp-content\/uploads\/2025\/09\/701f916d-e2d4-4eae-8974-f07de035b451.jpeg",700,466,false],"thumbnail":["https:\/\/infotep.com.ar\/wp-content\/uploads\/2025\/09\/701f916d-e2d4-4eae-8974-f07de035b451-150x150.jpeg",150,150,true],"medium":["https:\/\/infotep.com.ar\/wp-content\/uploads\/2025\/09\/701f916d-e2d4-4eae-8974-f07de035b451-300x200.jpeg",300,200,true],"medium_large":["https:\/\/infotep.com.ar\/wp-content\/uploads\/2025\/09\/701f916d-e2d4-4eae-8974-f07de035b451.jpeg",700,466,false],"large":["https:\/\/infotep.com.ar\/wp-content\/uploads\/2025\/09\/701f916d-e2d4-4eae-8974-f07de035b451.jpeg",700,466,false],"1536x1536":["https:\/\/infotep.com.ar\/wp-content\/uploads\/2025\/09\/701f916d-e2d4-4eae-8974-f07de035b451.jpeg",700,466,false],"2048x2048":["https:\/\/infotep.com.ar\/wp-content\/uploads\/2025\/09\/701f916d-e2d4-4eae-8974-f07de035b451.jpeg",700,466,false],"blossom-feminine-slider":["https:\/\/infotep.com.ar\/wp-content\/uploads\/2025\/09\/701f916d-e2d4-4eae-8974-f07de035b451.jpeg",700,466,false],"blossom-feminine-featured":["https:\/\/infotep.com.ar\/wp-content\/uploads\/2025\/09\/701f916d-e2d4-4eae-8974-f07de035b451.jpeg",700,466,false],"blossom-feminine-with-sidebar":["https:\/\/infotep.com.ar\/wp-content\/uploads\/2025\/09\/701f916d-e2d4-4eae-8974-f07de035b451.jpeg",700,466,false],"blossom-feminine-blog":["https:\/\/infotep.com.ar\/wp-content\/uploads\/2025\/09\/701f916d-e2d4-4eae-8974-f07de035b451-435x435.jpeg",435,435,true],"blossom-feminine-cat":["https:\/\/infotep.com.ar\/wp-content\/uploads\/2025\/09\/701f916d-e2d4-4eae-8974-f07de035b451-450x300.jpeg",450,300,true],"blossom-feminine-related":["https:\/\/infotep.com.ar\/wp-content\/uploads\/2025\/09\/701f916d-e2d4-4eae-8974-f07de035b451-320x200.jpeg",320,200,true],"blossom-feminine-schema":["https:\/\/infotep.com.ar\/wp-content\/uploads\/2025\/09\/701f916d-e2d4-4eae-8974-f07de035b451-90x60.jpeg",90,60,true],"blossom-mommy-blog-slider-big":["https:\/\/infotep.com.ar\/wp-content\/uploads\/2025\/09\/701f916d-e2d4-4eae-8974-f07de035b451.jpeg",700,466,false],"blossom-mommy-blog-slider":["https:\/\/infotep.com.ar\/wp-content\/uploads\/2025\/09\/701f916d-e2d4-4eae-8974-f07de035b451-460x310.jpeg",460,310,true],"blossom-mommy-blog-two":["https:\/\/infotep.com.ar\/wp-content\/uploads\/2025\/09\/701f916d-e2d4-4eae-8974-f07de035b451.jpeg",700,466,false]},"author_info":{"info":["Angela Tobar"]},"category_info":"<a href=\"https:\/\/infotep.com.ar\/index.php\/category\/provinciales\/\" rel=\"category tag\">Provinciales<\/a>","tag_info":"Provinciales","comment_count":"0","_links":{"self":[{"href":"https:\/\/infotep.com.ar\/index.php\/wp-json\/wp\/v2\/posts\/27633"}],"collection":[{"href":"https:\/\/infotep.com.ar\/index.php\/wp-json\/wp\/v2\/posts"}],"about":[{"href":"https:\/\/infotep.com.ar\/index.php\/wp-json\/wp\/v2\/types\/post"}],"author":[{"embeddable":true,"href":"https:\/\/infotep.com.ar\/index.php\/wp-json\/wp\/v2\/users\/5"}],"replies":[{"embeddable":true,"href":"https:\/\/infotep.com.ar\/index.php\/wp-json\/wp\/v2\/comments?post=27633"}],"version-history":[{"count":1,"href":"https:\/\/infotep.com.ar\/index.php\/wp-json\/wp\/v2\/posts\/27633\/revisions"}],"predecessor-version":[{"id":27635,"href":"https:\/\/infotep.com.ar\/index.php\/wp-json\/wp\/v2\/posts\/27633\/revisions\/27635"}],"wp:featuredmedia":[{"embeddable":true,"href":"https:\/\/infotep.com.ar\/index.php\/wp-json\/wp\/v2\/media\/27634"}],"wp:attachment":[{"href":"https:\/\/infotep.com.ar\/index.php\/wp-json\/wp\/v2\/media?parent=27633"}],"wp:term":[{"taxonomy":"category","embeddable":true,"href":"https:\/\/infotep.com.ar\/index.php\/wp-json\/wp\/v2\/categories?post=27633"},{"taxonomy":"post_tag","embeddable":true,"href":"https:\/\/infotep.com.ar\/index.php\/wp-json\/wp\/v2\/tags?post=27633"}],"curies":[{"name":"wp","href":"https:\/\/api.w.org\/{rel}","templated":true}]}}