{"id":27690,"date":"2025-09-16T14:48:34","date_gmt":"2025-09-16T17:48:34","guid":{"rendered":"https:\/\/infotep.com.ar\/?p=27690"},"modified":"2025-09-16T14:48:35","modified_gmt":"2025-09-16T17:48:35","slug":"la-matanza-honra-a-sus-ex-combatientes-con-un-emotivo-regreso-a-las-islas-malvinas","status":"publish","type":"post","link":"https:\/\/infotep.com.ar\/index.php\/2025\/09\/16\/la-matanza-honra-a-sus-ex-combatientes-con-un-emotivo-regreso-a-las-islas-malvinas\/","title":{"rendered":"La Matanza honra a sus ex combatientes con un emotivo regreso a las Islas Malvinas"},"content":{"rendered":"\n<p><\/p>\n\n\n\n<p>Por tercer a\u00f1o consecutivo, y a pesar de la dif\u00edcil situaci\u00f3n econ\u00f3mica que vive el pa\u00eds, ex combatientes y familiares de los ca\u00eddos viajaron a las Islas Malvinas, por iniciativa del intendente Fernando Espinoza y con el apoyo del Gobierno local y la aprobaci\u00f3n del Concejo Deliberante del distrito. Con este nuevo contingente, ser\u00e1n 52 ex combatientes y 6 familiares que pisan suelo patrio para continuar construyendo memoria. soberan\u00eda y reparaci\u00f3n.<\/p>\n\n\n\n<p><strong>Una nueva iniciativa, impulsada por el Municipio de La Matanza, a trav\u00e9s de la Subsecretar\u00eda de Veteranos de Guerra local y el Centro de Veteranos de Guerra, permiti\u00f3 que, en esta oportunidad, catorce excombatientes y dos familiares directos de h\u00e9roes ca\u00eddos en el Crucero General Belgrano, viajen a las Islas Malvinas.<\/strong><\/p>\n\n\n\n<p>Este tercer viaje humanitario, que organiza el Gobierno local, es sumamente importante para cada veterano y los familiares de ex combatientes, porque vuelven al lugar que les dej\u00f3 una marca imborrable,y pretenden brindar un poco de reparaci\u00f3n a sus vidas.<\/p>\n\n\n\n<p>\u201cEllos son parte de nuestro gobierno, son parte de las decisiones, son un ejemplo vivo, un testimonio diario, donde todos los d\u00edas hacen acciones solidarias, generan concientizaci\u00f3n en nuestras escuelas y siempre est\u00e1n ayudando a nuestra querida Matanza. Son un ejemplo de patriotismo, un ejemplo de solidaridad y de amor\u201d, declar\u00f3 Fernando Espinoza y agreg\u00f3: \u201cEste viaje les permitir\u00e1 reencontrarse con su historia, con sus recuerdos y con esa lucha que no es s\u00f3lo de ellos, sino de todo un pueblo que nunca dejar\u00e1 de reclamar lo que nos pertenece\u201d.<\/p>\n\n\n\n<p><strong>Por su parte, Ram\u00f3n Robles, presidente de la Confederaci\u00f3n de Veteranos de Malvinas de la Rep\u00fablica Argentina sostuvo: \u201cPara el centro de excombatientes el sentimiento es como el primer d\u00eda, porque con el apoyo del Intendente, y del pueblo de La Matanza, podemos seguir d\u00e1ndoles esa caricia en el alma a nuestros h\u00e9roes para poder volver a cerrar esa herida tan grande que se abri\u00f3 hace 43 a\u00f1os\u201d.<\/strong><\/p>\n\n\n\n<figure class=\"wp-block-image size-large\"><img decoding=\"async\" loading=\"lazy\" width=\"1024\" height=\"601\" src=\"https:\/\/infotep.com.ar\/wp-content\/uploads\/2025\/09\/173.-El-Municipio-de-La-Matanza-honra-a-sus-veteranos-con-un-nuevo-viaje-humanitario-a-las-Islas-Malvinas_2-1-1024x601.jpg\" alt=\"\" class=\"wp-image-27691\" srcset=\"https:\/\/infotep.com.ar\/wp-content\/uploads\/2025\/09\/173.-El-Municipio-de-La-Matanza-honra-a-sus-veteranos-con-un-nuevo-viaje-humanitario-a-las-Islas-Malvinas_2-1-1024x601.jpg 1024w, https:\/\/infotep.com.ar\/wp-content\/uploads\/2025\/09\/173.-El-Municipio-de-La-Matanza-honra-a-sus-veteranos-con-un-nuevo-viaje-humanitario-a-las-Islas-Malvinas_2-1-300x176.jpg 300w, https:\/\/infotep.com.ar\/wp-content\/uploads\/2025\/09\/173.-El-Municipio-de-La-Matanza-honra-a-sus-veteranos-con-un-nuevo-viaje-humanitario-a-las-Islas-Malvinas_2-1-768x451.jpg 768w, https:\/\/infotep.com.ar\/wp-content\/uploads\/2025\/09\/173.-El-Municipio-de-La-Matanza-honra-a-sus-veteranos-con-un-nuevo-viaje-humanitario-a-las-Islas-Malvinas_2-1-1020x600.jpg 1020w, https:\/\/infotep.com.ar\/wp-content\/uploads\/2025\/09\/173.-El-Municipio-de-La-Matanza-honra-a-sus-veteranos-con-un-nuevo-viaje-humanitario-a-las-Islas-Malvinas_2-1-102x60.jpg 102w, https:\/\/infotep.com.ar\/wp-content\/uploads\/2025\/09\/173.-El-Municipio-de-La-Matanza-honra-a-sus-veteranos-con-un-nuevo-viaje-humanitario-a-las-Islas-Malvinas_2-1.jpg 1535w\" sizes=\"(max-width: 1024px) 100vw, 1024px\" \/><\/figure>\n\n\n\n<p>Por \u00faltimo, Fernando Espinoza expres\u00f3: \u201cSabemos que cuando nuestros h\u00e9roes pisen otra vez tierra malvinense, no van a estar solos, sino que va a haber dos millones y medio de vecinas y vecinos de La Matanza a su lado, acompa\u00f1\u00e1ndolos, apoy\u00e1ndolos y homenaje\u00e1ndolos, como se merecen siempre\u201d.<\/p>\n","protected":false},"excerpt":{"rendered":"<p>Por tercer a&ntilde;o consecutivo, y a pesar de la dif&iacute;cil situaci&oacute;n econ&oacute;mica que vive el pa&iacute;s, ex combatientes y familiares de los ca&iacute;dos viajaron a las Islas Malvinas, por iniciativa del intendente Fernando Espinoza y con el apoyo del Gobierno local y la aprobaci&oacute;n del Concejo Deliberante del distrito. Con este nuevo contingente, ser&aacute;n 52 &hellip; <\/p>\n","protected":false},"author":5,"featured_media":27692,"comment_status":"closed","ping_status":"closed","sticky":false,"template":"","format":"standard","meta":{"om_disable_all_campaigns":false,"_joinchat":[]},"categories":[26],"tags":[60,46,59,43,569],"featured_image_urls":{"full":["https:\/\/infotep.com.ar\/wp-content\/uploads\/2025\/09\/173.-El-Municipio-de-La-Matanza-honra-a-sus-veteranos-con-un-nuevo-viaje-humanitario-a-las-Islas-Malvinas_3.jpg",1282,855,false],"thumbnail":["https:\/\/infotep.com.ar\/wp-content\/uploads\/2025\/09\/173.-El-Municipio-de-La-Matanza-honra-a-sus-veteranos-con-un-nuevo-viaje-humanitario-a-las-Islas-Malvinas_3-150x150.jpg",150,150,true],"medium":["https:\/\/infotep.com.ar\/wp-content\/uploads\/2025\/09\/173.-El-Municipio-de-La-Matanza-honra-a-sus-veteranos-con-un-nuevo-viaje-humanitario-a-las-Islas-Malvinas_3-300x200.jpg",300,200,true],"medium_large":["https:\/\/infotep.com.ar\/wp-content\/uploads\/2025\/09\/173.-El-Municipio-de-La-Matanza-honra-a-sus-veteranos-con-un-nuevo-viaje-humanitario-a-las-Islas-Malvinas_3-768x512.jpg",768,512,true],"large":["https:\/\/infotep.com.ar\/wp-content\/uploads\/2025\/09\/173.-El-Municipio-de-La-Matanza-honra-a-sus-veteranos-con-un-nuevo-viaje-humanitario-a-las-Islas-Malvinas_3-1024x683.jpg",1020,680,true],"1536x1536":["https:\/\/infotep.com.ar\/wp-content\/uploads\/2025\/09\/173.-El-Municipio-de-La-Matanza-honra-a-sus-veteranos-con-un-nuevo-viaje-humanitario-a-las-Islas-Malvinas_3.jpg",1282,855,false],"2048x2048":["https:\/\/infotep.com.ar\/wp-content\/uploads\/2025\/09\/173.-El-Municipio-de-La-Matanza-honra-a-sus-veteranos-con-un-nuevo-viaje-humanitario-a-las-Islas-Malvinas_3.jpg",1282,855,false],"blossom-feminine-slider":["https:\/\/infotep.com.ar\/wp-content\/uploads\/2025\/09\/173.-El-Municipio-de-La-Matanza-honra-a-sus-veteranos-con-un-nuevo-viaje-humanitario-a-las-Islas-Malvinas_3-1282x649.jpg",1282,649,true],"blossom-feminine-featured":["https:\/\/infotep.com.ar\/wp-content\/uploads\/2025\/09\/173.-El-Municipio-de-La-Matanza-honra-a-sus-veteranos-con-un-nuevo-viaje-humanitario-a-las-Islas-Malvinas_3-1282x600.jpg",1282,600,true],"blossom-feminine-with-sidebar":["https:\/\/infotep.com.ar\/wp-content\/uploads\/2025\/09\/173.-El-Municipio-de-La-Matanza-honra-a-sus-veteranos-con-un-nuevo-viaje-humanitario-a-las-Islas-Malvinas_3-1020x600.jpg",1020,600,true],"blossom-feminine-blog":["https:\/\/infotep.com.ar\/wp-content\/uploads\/2025\/09\/173.-El-Municipio-de-La-Matanza-honra-a-sus-veteranos-con-un-nuevo-viaje-humanitario-a-las-Islas-Malvinas_3-435x435.jpg",435,435,true],"blossom-feminine-cat":["https:\/\/infotep.com.ar\/wp-content\/uploads\/2025\/09\/173.-El-Municipio-de-La-Matanza-honra-a-sus-veteranos-con-un-nuevo-viaje-humanitario-a-las-Islas-Malvinas_3-450x300.jpg",450,300,true],"blossom-feminine-related":["https:\/\/infotep.com.ar\/wp-content\/uploads\/2025\/09\/173.-El-Municipio-de-La-Matanza-honra-a-sus-veteranos-con-un-nuevo-viaje-humanitario-a-las-Islas-Malvinas_3-320x200.jpg",320,200,true],"blossom-feminine-schema":["https:\/\/infotep.com.ar\/wp-content\/uploads\/2025\/09\/173.-El-Municipio-de-La-Matanza-honra-a-sus-veteranos-con-un-nuevo-viaje-humanitario-a-las-Islas-Malvinas_3-90x60.jpg",90,60,true],"blossom-mommy-blog-slider-big":["https:\/\/infotep.com.ar\/wp-content\/uploads\/2025\/09\/173.-El-Municipio-de-La-Matanza-honra-a-sus-veteranos-con-un-nuevo-viaje-humanitario-a-las-Islas-Malvinas_3-920x650.jpg",920,650,true],"blossom-mommy-blog-slider":["https:\/\/infotep.com.ar\/wp-content\/uploads\/2025\/09\/173.-El-Municipio-de-La-Matanza-honra-a-sus-veteranos-con-un-nuevo-viaje-humanitario-a-las-Islas-Malvinas_3-460x310.jpg",460,310,true],"blossom-mommy-blog-two":["https:\/\/infotep.com.ar\/wp-content\/uploads\/2025\/09\/173.-El-Municipio-de-La-Matanza-honra-a-sus-veteranos-con-un-nuevo-viaje-humanitario-a-las-Islas-Malvinas_3-768x480.jpg",768,480,true]},"author_info":{"info":["Angela Tobar"]},"category_info":"<a href=\"https:\/\/infotep.com.ar\/index.php\/category\/municipales\/la-matanza\/\" rel=\"category tag\">La Matanza<\/a>","tag_info":"La Matanza","comment_count":"0","_links":{"self":[{"href":"https:\/\/infotep.com.ar\/index.php\/wp-json\/wp\/v2\/posts\/27690"}],"collection":[{"href":"https:\/\/infotep.com.ar\/index.php\/wp-json\/wp\/v2\/posts"}],"about":[{"href":"https:\/\/infotep.com.ar\/index.php\/wp-json\/wp\/v2\/types\/post"}],"author":[{"embeddable":true,"href":"https:\/\/infotep.com.ar\/index.php\/wp-json\/wp\/v2\/users\/5"}],"replies":[{"embeddable":true,"href":"https:\/\/infotep.com.ar\/index.php\/wp-json\/wp\/v2\/comments?post=27690"}],"version-history":[{"count":1,"href":"https:\/\/infotep.com.ar\/index.php\/wp-json\/wp\/v2\/posts\/27690\/revisions"}],"predecessor-version":[{"id":27693,"href":"https:\/\/infotep.com.ar\/index.php\/wp-json\/wp\/v2\/posts\/27690\/revisions\/27693"}],"wp:featuredmedia":[{"embeddable":true,"href":"https:\/\/infotep.com.ar\/index.php\/wp-json\/wp\/v2\/media\/27692"}],"wp:attachment":[{"href":"https:\/\/infotep.com.ar\/index.php\/wp-json\/wp\/v2\/media?parent=27690"}],"wp:term":[{"taxonomy":"category","embeddable":true,"href":"https:\/\/infotep.com.ar\/index.php\/wp-json\/wp\/v2\/categories?post=27690"},{"taxonomy":"post_tag","embeddable":true,"href":"https:\/\/infotep.com.ar\/index.php\/wp-json\/wp\/v2\/tags?post=27690"}],"curies":[{"name":"wp","href":"https:\/\/api.w.org\/{rel}","templated":true}]}}