{"id":27770,"date":"2025-09-18T13:57:15","date_gmt":"2025-09-18T16:57:15","guid":{"rendered":"https:\/\/infotep.com.ar\/?p=27770"},"modified":"2025-09-18T14:00:30","modified_gmt":"2025-09-18T17:00:30","slug":"manuel-adorni-tras-la-derrota-legislativa-apunta-a-generar-panico-social-y-dar-inicio-a-la-campana-del-miedo","status":"publish","type":"post","link":"https:\/\/infotep.com.ar\/index.php\/2025\/09\/18\/manuel-adorni-tras-la-derrota-legislativa-apunta-a-generar-panico-social-y-dar-inicio-a-la-campana-del-miedo\/","title":{"rendered":"Manuel Adorni tras la derrota legislativa apunta a generar p\u00e1nico social y dar inicio a la campa\u00f1a del miedo"},"content":{"rendered":"\n<p><br>El vocero presidencial carg\u00f3 contra la oposici\u00f3n por participar de la movilizaci\u00f3n a los que referenci\u00f3 como \u201clos enemigos del progreso\u201d. Y compar\u00f3, la necesaria actualizaci\u00f3n del presupuesto universitario con la quita de subsidios, programas sociales, asignaciones, con la clara finalidad de dividir a la sociedad. <\/p>\n\n\n\n<p>El vocero presidencial, Manuel Adorni, se mostr\u00f3 en disconformidad del rechazo de la C\u00e1mara de Diputados a los vetos presidenciales de las leyes de financiamiento universitario y pedi\u00e1trico, y responsabiliz\u00f3 a \u201cesquema pol\u00edtico que no quiere que la Argentina avance\u201d.<\/p>\n\n\n\n<p>\u201cEn relaci\u00f3n a lo sucedido en la jornada parlamentaria de ayer, recordarles que el Presidente de la Naci\u00f3n plante\u00f3 responsabilidad, y el Congreso respondi\u00f3 con demagogia\u201d, sentenci\u00f3 en la conferencia que protagoniz\u00f3 esta ma\u00f1ana, y aclar\u00f3: \u201cLo que falla es un sistema, un esquema de pol\u00edtica que no quiere que la Argentina avance\u201d.<\/p>\n\n\n\n<p>En la misma l\u00ednea, remarc\u00f3: \u201cQued\u00f3 expuesto, una vez m\u00e1s, el modus operandi de la casta: nulo inter\u00e9s en el equilibrio fiscal, obsesi\u00f3n por destruir el plan econ\u00f3mico que sac\u00f3 a millones de argentinos de la pobreza y que destruye la inflaci\u00f3n mes a mes\u201d.<\/p>\n\n\n\n<p>El funcionario expres\u00f3 que el monto anual de la Ley de Financiamiento Universitario que es de 1.9 billones de pesos equivale \u201csuspender el presupuesto total del Poder Legislativo por 4 meses\u201d.<\/p>\n\n\n\n<p>\u201cHay que ver si los diputados y senadores est\u00e1n dispuestos a renunciar a su sueldo durante este tiempo, durante cuatro meses, para financiar esta ley que propusieron rechazando el veto, el d\u00eda de ayer una de las c\u00e1maras\u201d, expres\u00f3.<\/p>\n\n\n\n<p><strong>Asimismo, continu\u00f3: \u201cOtra forma de financiarlo, por ejemplo, es aumentar el Impuesto al Valor Agregado del 21 al 24% por 45 d\u00edas. Habr\u00eda que ver c\u00f3mo le explican a la sociedad que la irresponsabilidad la financiamos o se financia con mayores impuestos a la gente\u201d.<\/strong><\/p>\n\n\n\n<p class=\"has-light-green-cyan-background-color has-background\">\u201cTengo otros ejemplos que me tom\u00e9 el trabajo de buscar como para que se entienda la gravedad en t\u00e9rminos de equilibrio fiscal que significa la Ley de Financiamiento Universitario. Por ejemplo, equivale a <strong>suspender todos los planes sociales por tres meses para poder financiar la ley, o suspender todos los subsidios energ\u00e9ticos por cuatro meses\u201d, insisti\u00f3, y complet\u00f3: \u201cTambi\u00e9n podemos suspender, el presupuesto total del Poder Judicial por cinco a\u00f1os, o suspender el total de los subsidios al transporte por un a\u00f1o y seis meses\u201d.<\/strong><\/p>\n\n\n\n<p>Tras el mensaje en X de Milei, el vocero subray\u00f3: \u201cEstas son algunas de las equivalencias para que la gente entienda y para que se entienda el horror que han votado en el d\u00eda de ayer\u201d, sostuvo dando inicio a la campa\u00f1a del miedo.<\/p>\n\n\n\n<p><strong>\u201cEl monto anual de la Ley de Emergencia Pedi\u00e1trica es de 130.000 millones de pesos para que se tenga el orden de magnitud de lo que significa esto en t\u00e9rminos de sacrificio fiscal o de equilibrio fiscal, esto es el equivalente a suspender las jubilaciones de privilegio por tres meses\u201d, ejemplific\u00f3 adem\u00e1s.<\/strong><\/p>\n\n\n\n<p>En la previa a la reuni\u00f3n con los candidatos nacionales en la quinta de Olivos, Adorni cuestion\u00f3 la composici\u00f3n de la protesta en defensa de la educaci\u00f3n p\u00fablica que tuvo lugar ayer durante la sesi\u00f3n en la C\u00e1mara de Diputados, a los que calific\u00f3 como \u201clos enemigos del progreso\u201d.<\/p>\n\n\n\n<p>\u201cEn la marcha de ayer se alinearon todos, absolutamente todos, los enemigos del progreso: la CGT, la CTA, ATE, Kicillof, la izquierda, kirchneristas disfrazados de otros partidos pol\u00edticos e incluso abanderados de Palestina\u201d, enumer\u00f3, ignorando el apoyo social que acompa\u00f1a la defensa de este derecho.<\/p>\n\n\n\n<p>Camino a los comicios legislativos nacionales, el funcionario afirm\u00f3: \u201cEl 26 de octubre tenemos una oportunidad hist\u00f3rica de renovar el Congreso nacional y evitar que el Partido del Estado, compuesto por kirchneristas y kirchneristas disfrazados por republicanos, dilapide el futuro de los argentinos\u201d, un Congreso afin al gobierno para que pueda vetar derechos adquiridos sin resistencia legislativa y en contra de los y las trabajadores.<\/p>\n\n\n\n<p>A ra\u00edz de las cr\u00edticas del Presidente a la oposici\u00f3n, Adorni asegur\u00f3 que el Poder Ejecutivo \u201cjam\u00e1s ha incluido a todos los actores en una misma bolsa\u201d, y evit\u00f3 criticar a los gobernadores aliados con los que intenta negociar camino a los comicios de octubre. \u201cEl Presidente entiende que el partido del Estado quienes efectivamente desean euf\u00f3ricamente que no sea presidente, incluye a gobernadores, diputados, senadores, pero no a todos\u201d, aclar\u00f3.<\/p>\n\n\n\n<p>\u201cNosotros no queremos m\u00e1s ver ni\u00f1os, no quiero que tus hijos o los m\u00edos, en alg\u00fan momento, tengan que ir a Ezeiza a despedirlos. Lo que queremos es que vayamos a Ezeiza a recibirlos, que no se vaya m\u00e1s nadie y que se puedan quedar en Argentina porque saben que es un pa\u00eds libre\u201d, expres\u00f3.<\/p>\n\n\n\n<p>Por \u00faltimo, el vocero asegur\u00f3 en modo de victima sin autocritica al descalabro que realiz\u00f3 el gobierno nacional con el feroz ajuste, que la oposici\u00f3n \u201cquiere destruirlo todo\u201d al tiempo que aclar\u00f3 que La Libertad Avanza har\u00e1 \u201ctodo lo que sea posible para que eso no pase\u201d, y descart\u00f3 que la secretaria general de la Presidencia, Karina Milei, pueda asistir a la comisi\u00f3n que investiga el caso $LIBRA, que tiene fecha el pr\u00f3ximo 23 de septiembre.<\/p>\n\n\n\n<p>\u201cLo que en realidad hay que marcar es que todo ha sido una burda operaci\u00f3n muy bien dise\u00f1ada, que lo \u00fanico que quisieron hacer es da\u00f1o. Ojal\u00e1 que estas cosas se terminen por el bien de todos\u201d, concluy\u00f3 Adorni.<\/p>\n","protected":false},"excerpt":{"rendered":"<p>El vocero presidencial carg&oacute; contra la oposici&oacute;n por participar de la movilizaci&oacute;n a los que referenci&oacute; como &ldquo;los enemigos del progreso&rdquo;. Y compar&oacute;, la necesaria actualizaci&oacute;n del presupuesto universitario con la quita de subsidios, programas sociales, asignaciones, con la clara finalidad de dividir a la sociedad. El vocero presidencial, Manuel Adorni, se mostr&oacute; en disconformidad &hellip; <\/p>\n","protected":false},"author":5,"featured_media":14409,"comment_status":"closed","ping_status":"closed","sticky":false,"template":"","format":"standard","meta":{"om_disable_all_campaigns":false,"_joinchat":[]},"categories":[31,3],"tags":[46,43,569],"featured_image_urls":{"full":["https:\/\/infotep.com.ar\/wp-content\/uploads\/2024\/07\/adorni.webp",1007,720,false],"thumbnail":["https:\/\/infotep.com.ar\/wp-content\/uploads\/2024\/07\/adorni-150x150.webp",150,150,true],"medium":["https:\/\/infotep.com.ar\/wp-content\/uploads\/2024\/07\/adorni-300x214.webp",300,214,true],"medium_large":["https:\/\/infotep.com.ar\/wp-content\/uploads\/2024\/07\/adorni-768x549.webp",768,549,true],"large":["https:\/\/infotep.com.ar\/wp-content\/uploads\/2024\/07\/adorni.webp",1007,720,false],"1536x1536":["https:\/\/infotep.com.ar\/wp-content\/uploads\/2024\/07\/adorni.webp",1007,720,false],"2048x2048":["https:\/\/infotep.com.ar\/wp-content\/uploads\/2024\/07\/adorni.webp",1007,720,false],"blossom-feminine-slider":["https:\/\/infotep.com.ar\/wp-content\/uploads\/2024\/07\/adorni-1007x649.webp",1007,649,true],"blossom-feminine-featured":["https:\/\/infotep.com.ar\/wp-content\/uploads\/2024\/07\/adorni-1007x600.webp",1007,600,true],"blossom-feminine-with-sidebar":["https:\/\/infotep.com.ar\/wp-content\/uploads\/2024\/07\/adorni-1007x600.webp",1007,600,true],"blossom-feminine-blog":["https:\/\/infotep.com.ar\/wp-content\/uploads\/2024\/07\/adorni-435x435.webp",435,435,true],"blossom-feminine-cat":["https:\/\/infotep.com.ar\/wp-content\/uploads\/2024\/07\/adorni-450x300.webp",450,300,true],"blossom-feminine-related":["https:\/\/infotep.com.ar\/wp-content\/uploads\/2024\/07\/adorni-320x200.webp",320,200,true],"blossom-feminine-schema":["https:\/\/infotep.com.ar\/wp-content\/uploads\/2024\/07\/adorni-84x60.webp",84,60,true],"blossom-mommy-blog-slider-big":["https:\/\/infotep.com.ar\/wp-content\/uploads\/2024\/07\/adorni-920x650.webp",920,650,true],"blossom-mommy-blog-slider":["https:\/\/infotep.com.ar\/wp-content\/uploads\/2024\/07\/adorni-460x310.webp",460,310,true],"blossom-mommy-blog-two":["https:\/\/infotep.com.ar\/wp-content\/uploads\/2024\/07\/adorni-768x480.webp",768,480,true]},"author_info":{"info":["Angela Tobar"]},"category_info":"<a href=\"https:\/\/infotep.com.ar\/index.php\/category\/destacadas\/\" rel=\"category tag\">Destacadas<\/a> <a href=\"https:\/\/infotep.com.ar\/index.php\/category\/nacionales\/\" rel=\"category tag\">Nacionales<\/a>","tag_info":"Nacionales","comment_count":"0","_links":{"self":[{"href":"https:\/\/infotep.com.ar\/index.php\/wp-json\/wp\/v2\/posts\/27770"}],"collection":[{"href":"https:\/\/infotep.com.ar\/index.php\/wp-json\/wp\/v2\/posts"}],"about":[{"href":"https:\/\/infotep.com.ar\/index.php\/wp-json\/wp\/v2\/types\/post"}],"author":[{"embeddable":true,"href":"https:\/\/infotep.com.ar\/index.php\/wp-json\/wp\/v2\/users\/5"}],"replies":[{"embeddable":true,"href":"https:\/\/infotep.com.ar\/index.php\/wp-json\/wp\/v2\/comments?post=27770"}],"version-history":[{"count":2,"href":"https:\/\/infotep.com.ar\/index.php\/wp-json\/wp\/v2\/posts\/27770\/revisions"}],"predecessor-version":[{"id":27772,"href":"https:\/\/infotep.com.ar\/index.php\/wp-json\/wp\/v2\/posts\/27770\/revisions\/27772"}],"wp:featuredmedia":[{"embeddable":true,"href":"https:\/\/infotep.com.ar\/index.php\/wp-json\/wp\/v2\/media\/14409"}],"wp:attachment":[{"href":"https:\/\/infotep.com.ar\/index.php\/wp-json\/wp\/v2\/media?parent=27770"}],"wp:term":[{"taxonomy":"category","embeddable":true,"href":"https:\/\/infotep.com.ar\/index.php\/wp-json\/wp\/v2\/categories?post=27770"},{"taxonomy":"post_tag","embeddable":true,"href":"https:\/\/infotep.com.ar\/index.php\/wp-json\/wp\/v2\/tags?post=27770"}],"curies":[{"name":"wp","href":"https:\/\/api.w.org\/{rel}","templated":true}]}}