{"id":27795,"date":"2025-09-20T13:08:54","date_gmt":"2025-09-20T16:08:54","guid":{"rendered":"https:\/\/infotep.com.ar\/?p=27795"},"modified":"2025-09-20T13:09:23","modified_gmt":"2025-09-20T16:09:23","slug":"axel-kicillof-a-100-dias-de-la-detencion-de-cristina-kirchner-con-ella-presa-la-democracia-es-mas-debil","status":"publish","type":"post","link":"https:\/\/infotep.com.ar\/index.php\/2025\/09\/20\/axel-kicillof-a-100-dias-de-la-detencion-de-cristina-kirchner-con-ella-presa-la-democracia-es-mas-debil\/","title":{"rendered":"Axel Kicillof, a 100 d\u00edas de la detenci\u00f3n de Cristina Kirchner: \u201cCon ella presa, la democracia es m\u00e1s d\u00e9bil\u201d"},"content":{"rendered":"\n<p>El gobernador record\u00f3 los 100 d\u00edas de la detenci\u00f3n de Cristina Kirchner y apunt\u00f3 a Milei. Denunci\u00f3 que se persigue, reprime y se ataca la divisi\u00f3n de poderes.<br><\/p>\n\n\n\n<p>El gobernador de la provincia de Buenos Aires, Axel Kicillof, public\u00f3 un duro mensaje al cumplirse 100 d\u00edas de la detenci\u00f3n de la expresidenta Cristina Kirchner. En sus redes sociales, el mandatario bonaerense asegur\u00f3 que &#8220;cada d\u00eda con Cristina detenida, Argentina es un pa\u00eds m\u00e1s injusto y una democracia m\u00e1s d\u00e9bil&#8221;.<\/p>\n\n\n\n<p>Kicillof afirm\u00f3 que la detenci\u00f3n se produjo &#8220;bajo un Gobierno con evidentes impulsos autoritarios&#8221; y denunci\u00f3 que en &#8220;la Argentina de Milei se reprime con ferocidad, se persigue al que protesta, se demoniza al periodismo cr\u00edtico, se ataca la divisi\u00f3n de poderes y se proscribe y encarcela a la principal dirigente del peronismo&#8221;. Seg\u00fan supo Noticias Argentinas, el gobernador enmarc\u00f3 la situaci\u00f3n como el punto culminante de un proceso de &#8220;revanchismo&#8221; que incluy\u00f3 a\u00f1os de &#8220;acoso, difamaci\u00f3n y persecuci\u00f3n&#8221; contra la exmandataria.<\/p>\n\n\n\n<p><br>El gobernador record\u00f3 el atentado que sufri\u00f3 la expresidenta, asegurando que el &#8220;odio engendrado contra ella y su familia, condujo a que la intenten asesinar a la vista de todos&#8221;.<\/p>\n\n\n\n<p>Finalmente, Kicillof cerr\u00f3 su mensaje con una defensa f\u00e9rrea de la figura de la exvicepresidenta: &#8220;La persiguieron, la encarcelaron, pero no pudieron ni podr\u00e1n someterla&#8221;. Sostuvo que su &#8220;injusta condena es, adem\u00e1s, una advertencia del poder concentrado para toda la dirigencia que lo enfrenta&#8221;.<\/p>\n","protected":false},"excerpt":{"rendered":"<p>El gobernador record&oacute; los 100 d&iacute;as de la detenci&oacute;n de Cristina Kirchner y apunt&oacute; a Milei. Denunci&oacute; que se persigue, reprime y se ataca la divisi&oacute;n de poderes. El gobernador de la provincia de Buenos Aires, Axel Kicillof, public&oacute; un duro mensaje al cumplirse 100 d&iacute;as de la detenci&oacute;n de la expresidenta Cristina Kirchner. En &hellip; <\/p>\n","protected":false},"author":5,"featured_media":27842,"comment_status":"closed","ping_status":"closed","sticky":false,"template":"","format":"standard","meta":{"om_disable_all_campaigns":false,"_joinchat":[]},"categories":[4],"tags":[46,43,569],"featured_image_urls":{"full":["https:\/\/infotep.com.ar\/wp-content\/uploads\/2025\/09\/axel-y-cristina.webp",1096,720,false],"thumbnail":["https:\/\/infotep.com.ar\/wp-content\/uploads\/2025\/09\/axel-y-cristina-150x150.webp",150,150,true],"medium":["https:\/\/infotep.com.ar\/wp-content\/uploads\/2025\/09\/axel-y-cristina-300x197.webp",300,197,true],"medium_large":["https:\/\/infotep.com.ar\/wp-content\/uploads\/2025\/09\/axel-y-cristina-768x505.webp",768,505,true],"large":["https:\/\/infotep.com.ar\/wp-content\/uploads\/2025\/09\/axel-y-cristina-1024x673.webp",1020,670,true],"1536x1536":["https:\/\/infotep.com.ar\/wp-content\/uploads\/2025\/09\/axel-y-cristina.webp",1096,720,false],"2048x2048":["https:\/\/infotep.com.ar\/wp-content\/uploads\/2025\/09\/axel-y-cristina.webp",1096,720,false],"blossom-feminine-slider":["https:\/\/infotep.com.ar\/wp-content\/uploads\/2025\/09\/axel-y-cristina-1096x649.webp",1096,649,true],"blossom-feminine-featured":["https:\/\/infotep.com.ar\/wp-content\/uploads\/2025\/09\/axel-y-cristina-1096x600.webp",1096,600,true],"blossom-feminine-with-sidebar":["https:\/\/infotep.com.ar\/wp-content\/uploads\/2025\/09\/axel-y-cristina-1020x600.webp",1020,600,true],"blossom-feminine-blog":["https:\/\/infotep.com.ar\/wp-content\/uploads\/2025\/09\/axel-y-cristina-435x435.webp",435,435,true],"blossom-feminine-cat":["https:\/\/infotep.com.ar\/wp-content\/uploads\/2025\/09\/axel-y-cristina-450x300.webp",450,300,true],"blossom-feminine-related":["https:\/\/infotep.com.ar\/wp-content\/uploads\/2025\/09\/axel-y-cristina-320x200.webp",320,200,true],"blossom-feminine-schema":["https:\/\/infotep.com.ar\/wp-content\/uploads\/2025\/09\/axel-y-cristina-91x60.webp",91,60,true],"blossom-mommy-blog-slider-big":["https:\/\/infotep.com.ar\/wp-content\/uploads\/2025\/09\/axel-y-cristina-920x650.webp",920,650,true],"blossom-mommy-blog-slider":["https:\/\/infotep.com.ar\/wp-content\/uploads\/2025\/09\/axel-y-cristina-460x310.webp",460,310,true],"blossom-mommy-blog-two":["https:\/\/infotep.com.ar\/wp-content\/uploads\/2025\/09\/axel-y-cristina-768x480.webp",768,480,true]},"author_info":{"info":["Angela Tobar"]},"category_info":"<a href=\"https:\/\/infotep.com.ar\/index.php\/category\/provinciales\/\" rel=\"category tag\">Provinciales<\/a>","tag_info":"Provinciales","comment_count":"0","_links":{"self":[{"href":"https:\/\/infotep.com.ar\/index.php\/wp-json\/wp\/v2\/posts\/27795"}],"collection":[{"href":"https:\/\/infotep.com.ar\/index.php\/wp-json\/wp\/v2\/posts"}],"about":[{"href":"https:\/\/infotep.com.ar\/index.php\/wp-json\/wp\/v2\/types\/post"}],"author":[{"embeddable":true,"href":"https:\/\/infotep.com.ar\/index.php\/wp-json\/wp\/v2\/users\/5"}],"replies":[{"embeddable":true,"href":"https:\/\/infotep.com.ar\/index.php\/wp-json\/wp\/v2\/comments?post=27795"}],"version-history":[{"count":1,"href":"https:\/\/infotep.com.ar\/index.php\/wp-json\/wp\/v2\/posts\/27795\/revisions"}],"predecessor-version":[{"id":27843,"href":"https:\/\/infotep.com.ar\/index.php\/wp-json\/wp\/v2\/posts\/27795\/revisions\/27843"}],"wp:featuredmedia":[{"embeddable":true,"href":"https:\/\/infotep.com.ar\/index.php\/wp-json\/wp\/v2\/media\/27842"}],"wp:attachment":[{"href":"https:\/\/infotep.com.ar\/index.php\/wp-json\/wp\/v2\/media?parent=27795"}],"wp:term":[{"taxonomy":"category","embeddable":true,"href":"https:\/\/infotep.com.ar\/index.php\/wp-json\/wp\/v2\/categories?post=27795"},{"taxonomy":"post_tag","embeddable":true,"href":"https:\/\/infotep.com.ar\/index.php\/wp-json\/wp\/v2\/tags?post=27795"}],"curies":[{"name":"wp","href":"https:\/\/api.w.org\/{rel}","templated":true}]}}