{"id":27926,"date":"2025-09-23T14:40:11","date_gmt":"2025-09-23T17:40:11","guid":{"rendered":"https:\/\/infotep.com.ar\/?p=27926"},"modified":"2025-09-23T14:40:11","modified_gmt":"2025-09-23T17:40:11","slug":"tras-frustrarse-la-reestructuracion-el-gobierno-designo-autoridades-en-el-inta-y-otros-organismos","status":"publish","type":"post","link":"https:\/\/infotep.com.ar\/index.php\/2025\/09\/23\/tras-frustrarse-la-reestructuracion-el-gobierno-designo-autoridades-en-el-inta-y-otros-organismos\/","title":{"rendered":"Tras frustrarse la reestructuraci\u00f3n, el Gobierno design\u00f3 autoridades en el INTA y otros organismos"},"content":{"rendered":"\n<p>Los nombramientos tienen vigencia desde principios de septiembre.<br><br>El Gobierno nacional design\u00f3 autoridades de organismos restituidos en sus funciones tras el rechazo legislativo a los decretos delegados que propiciaban el cierre o la reestructuraci\u00f3n de las \u00e1reas dependientes del Ministerio de Econom\u00eda.<\/p>\n\n\n\n<p><strong>El Decreto 684\/2025, publicado este martes en el Bolet\u00edn Oficial, comunic\u00f3 los nombramientos en el Instituto Nacional de Tecnolog\u00eda Agropecuaria (INTA), el Instituto Nacional de Semillas (INASE) y el Instituto Nacional de Vitivinicultura (INV).<\/strong><\/p>\n\n\n\n<p class=\"has-light-green-cyan-background-color has-background\">La normativa design\u00f3 con vigencia desde el 3 de septiembre como presidente del INTA al ingeniero agr\u00f3nomo Nicol\u00e1s Bronzovich y en el cargo de vicepresidente al m\u00e9dico veterinario Carlos Alberto Antonio Vera.<\/p>\n\n\n\n<p>Asimismo, la presidencia del INASE durante los pr\u00f3ximos dos a\u00f1os, qued\u00f3 a cargo del ingeniero agr\u00f3nomo Mart\u00edn Famulari. En tanto que al frente del organismo de Vitivinicultura fue oficializado el ingeniero agr\u00f3nomo Carlos Ra\u00fal Tizio Mayer.<\/p>\n\n\n\n<p><strong>Las designaciones se dan luego de que el Congreso le ponga un freno a la intenci\u00f3n gubernamental de disolver el INASE y reestructurar el INTA y el INV, junto con otras \u00e1reas reguladoras de la cartera que encabeza Luis Caputo.<\/strong><\/p>\n\n\n\n<p>A principios de septiembre, tambi\u00e9n se nombraron nuevos responsables del Instituto Nacional de Tecnolog\u00eda Industrial (INTI) y el Instituto Nacional de Propiedad Intelectual (INPI), luego de que el Congreso rechazara los decretos que propon\u00edan su reestructuraci\u00f3n.<\/p>\n\n\n\n<p>Lo mismo sucedi\u00f3 al volver a poner en funciones a los responsables de la Junta de Seguridad en el Transporte (JST) y la Direcci\u00f3n Nacional de Vialidad (DNV), y nombrar nuevos funcionarios para la Comisi\u00f3n Nacional de Regulaci\u00f3n del Transporte (CNRT) y la Agencia Nacional de Seguridad Vial (ANSV).<\/p>\n\n\n\n<p>El pasado 3 de septiembre se publicaron los Decretos 627\/2025 y 628\/2025, los cuales restituyeron las disposiciones que hab\u00edan sido derogadas, modificadas o sustituidas por los Decretos 345\/25, 351\/25, 461\/25 y 462\/25.<\/p>\n","protected":false},"excerpt":{"rendered":"<p>Los nombramientos tienen vigencia desde principios de septiembre. El Gobierno nacional design&oacute; autoridades de organismos restituidos en sus funciones tras el rechazo legislativo a los decretos delegados que propiciaban el cierre o la reestructuraci&oacute;n de las &aacute;reas dependientes del Ministerio de Econom&iacute;a. El Decreto 684\/2025, publicado este martes en el Bolet&iacute;n Oficial, comunic&oacute; los nombramientos &hellip; <\/p>\n","protected":false},"author":5,"featured_media":27927,"comment_status":"closed","ping_status":"closed","sticky":false,"template":"","format":"standard","meta":{"om_disable_all_campaigns":false,"_joinchat":[]},"categories":[7,3],"tags":[46,43,569],"featured_image_urls":{"full":["https:\/\/infotep.com.ar\/wp-content\/uploads\/2025\/09\/inta.webp",1280,720,false],"thumbnail":["https:\/\/infotep.com.ar\/wp-content\/uploads\/2025\/09\/inta-150x150.webp",150,150,true],"medium":["https:\/\/infotep.com.ar\/wp-content\/uploads\/2025\/09\/inta-300x169.webp",300,169,true],"medium_large":["https:\/\/infotep.com.ar\/wp-content\/uploads\/2025\/09\/inta-768x432.webp",768,432,true],"large":["https:\/\/infotep.com.ar\/wp-content\/uploads\/2025\/09\/inta-1024x576.webp",1020,574,true],"1536x1536":["https:\/\/infotep.com.ar\/wp-content\/uploads\/2025\/09\/inta.webp",1280,720,false],"2048x2048":["https:\/\/infotep.com.ar\/wp-content\/uploads\/2025\/09\/inta.webp",1280,720,false],"blossom-feminine-slider":["https:\/\/infotep.com.ar\/wp-content\/uploads\/2025\/09\/inta-1280x649.webp",1280,649,true],"blossom-feminine-featured":["https:\/\/infotep.com.ar\/wp-content\/uploads\/2025\/09\/inta-1280x600.webp",1280,600,true],"blossom-feminine-with-sidebar":["https:\/\/infotep.com.ar\/wp-content\/uploads\/2025\/09\/inta-1020x600.webp",1020,600,true],"blossom-feminine-blog":["https:\/\/infotep.com.ar\/wp-content\/uploads\/2025\/09\/inta-435x435.webp",435,435,true],"blossom-feminine-cat":["https:\/\/infotep.com.ar\/wp-content\/uploads\/2025\/09\/inta-450x300.webp",450,300,true],"blossom-feminine-related":["https:\/\/infotep.com.ar\/wp-content\/uploads\/2025\/09\/inta-320x200.webp",320,200,true],"blossom-feminine-schema":["https:\/\/infotep.com.ar\/wp-content\/uploads\/2025\/09\/inta-107x60.webp",107,60,true],"blossom-mommy-blog-slider-big":["https:\/\/infotep.com.ar\/wp-content\/uploads\/2025\/09\/inta-920x650.webp",920,650,true],"blossom-mommy-blog-slider":["https:\/\/infotep.com.ar\/wp-content\/uploads\/2025\/09\/inta-460x310.webp",460,310,true],"blossom-mommy-blog-two":["https:\/\/infotep.com.ar\/wp-content\/uploads\/2025\/09\/inta-768x480.webp",768,480,true]},"author_info":{"info":["Angela Tobar"]},"category_info":"<a href=\"https:\/\/infotep.com.ar\/index.php\/category\/gremios\/\" rel=\"category tag\">Gremios<\/a> <a href=\"https:\/\/infotep.com.ar\/index.php\/category\/nacionales\/\" rel=\"category tag\">Nacionales<\/a>","tag_info":"Nacionales","comment_count":"0","_links":{"self":[{"href":"https:\/\/infotep.com.ar\/index.php\/wp-json\/wp\/v2\/posts\/27926"}],"collection":[{"href":"https:\/\/infotep.com.ar\/index.php\/wp-json\/wp\/v2\/posts"}],"about":[{"href":"https:\/\/infotep.com.ar\/index.php\/wp-json\/wp\/v2\/types\/post"}],"author":[{"embeddable":true,"href":"https:\/\/infotep.com.ar\/index.php\/wp-json\/wp\/v2\/users\/5"}],"replies":[{"embeddable":true,"href":"https:\/\/infotep.com.ar\/index.php\/wp-json\/wp\/v2\/comments?post=27926"}],"version-history":[{"count":1,"href":"https:\/\/infotep.com.ar\/index.php\/wp-json\/wp\/v2\/posts\/27926\/revisions"}],"predecessor-version":[{"id":27928,"href":"https:\/\/infotep.com.ar\/index.php\/wp-json\/wp\/v2\/posts\/27926\/revisions\/27928"}],"wp:featuredmedia":[{"embeddable":true,"href":"https:\/\/infotep.com.ar\/index.php\/wp-json\/wp\/v2\/media\/27927"}],"wp:attachment":[{"href":"https:\/\/infotep.com.ar\/index.php\/wp-json\/wp\/v2\/media?parent=27926"}],"wp:term":[{"taxonomy":"category","embeddable":true,"href":"https:\/\/infotep.com.ar\/index.php\/wp-json\/wp\/v2\/categories?post=27926"},{"taxonomy":"post_tag","embeddable":true,"href":"https:\/\/infotep.com.ar\/index.php\/wp-json\/wp\/v2\/tags?post=27926"}],"curies":[{"name":"wp","href":"https:\/\/api.w.org\/{rel}","templated":true}]}}