{"id":27929,"date":"2025-09-23T12:43:15","date_gmt":"2025-09-23T15:43:15","guid":{"rendered":"https:\/\/infotep.com.ar\/?p=27929"},"modified":"2025-09-24T12:21:27","modified_gmt":"2025-09-24T15:21:27","slug":"continua-la-busqueda-de-las-tres-jovenes-que-desaparecieron-en-la-matanza","status":"publish","type":"post","link":"https:\/\/infotep.com.ar\/index.php\/2025\/09\/23\/continua-la-busqueda-de-las-tres-jovenes-que-desaparecieron-en-la-matanza\/","title":{"rendered":"Contin\u00faa la b\u00fasqueda de las tres j\u00f3venes que desaparecieron en La Matanza"},"content":{"rendered":"\n<p>Morena Verri, Brenda Loreley Del Castillo y Lara Morena Guti\u00e9rrez fueron vistas por \u00faltima vez el viernes 19 de septiembre.<br><br><strong>La b\u00fasqueda de Morena Verri (20), Brenda Loreley Del Castillo (20) y Lara Morena Guti\u00e9rrez (15), las j\u00f3venes que est\u00e1n desaparecidas desde el viernes 19 de septiembre en La Matanza, contin\u00faa y sus familiares sostienen que los celulares siguen apagados.<\/strong><\/p>\n\n\n\n<p>Las tres j\u00f3venes fueron vistas el viernes por la noche cuando salieron de sus casas en el Complejo 17 de Camino de Cintura en direcci\u00f3n a una sucursal de YPF situada en Avenida Crovara y Monse\u00f1or Bufano.<\/p>\n\n\n\n<p>La causa, que est\u00e1 a cargo de UFI Descentralizada N\u00b02 de La Matanza, avanza con la idea de saber los \u00faltimos movimientos de Verri, Del Castillo y Guti\u00e9rrez y las posibles conexiones con un trabajo en el que iban a recibir 300 d\u00f3lares cada una.<\/p>\n\n\n\n<p>Las denunciantes afirmaron que sus hijas ejerc\u00edan prostituci\u00f3n de manera frecuente en el barrio porte\u00f1o de Flores, motivo por el cual los investigadores tratan de constatar si sus desapariciones est\u00e1n ligadas a la posible comisi\u00f3n del delito de trata de personas.<\/p>\n\n\n\n<figure class=\"wp-block-image size-large\"><img decoding=\"async\" loading=\"lazy\" width=\"819\" height=\"1024\" src=\"https:\/\/infotep.com.ar\/wp-content\/uploads\/2025\/09\/47960bd3-07a2-4af6-9c36-077cd222be85-819x1024.jpg\" alt=\"\" class=\"wp-image-27892\" srcset=\"https:\/\/infotep.com.ar\/wp-content\/uploads\/2025\/09\/47960bd3-07a2-4af6-9c36-077cd222be85-819x1024.jpg 819w, https:\/\/infotep.com.ar\/wp-content\/uploads\/2025\/09\/47960bd3-07a2-4af6-9c36-077cd222be85-240x300.jpg 240w, https:\/\/infotep.com.ar\/wp-content\/uploads\/2025\/09\/47960bd3-07a2-4af6-9c36-077cd222be85-768x960.jpg 768w, https:\/\/infotep.com.ar\/wp-content\/uploads\/2025\/09\/47960bd3-07a2-4af6-9c36-077cd222be85-48x60.jpg 48w, https:\/\/infotep.com.ar\/wp-content\/uploads\/2025\/09\/47960bd3-07a2-4af6-9c36-077cd222be85.jpg 1024w\" sizes=\"(max-width: 819px) 100vw, 819px\" \/><\/figure>\n\n\n\n<p>En este marco, los familiares sostienen que sus celulares contin\u00faan apagados y piden que siga la viralizaci\u00f3n de las im\u00e1genes de las chicas para dar con sus paraderos.<\/p>\n\n\n\n<p>En estos momentos se analizan las c\u00e1maras de seguridad de la zona, se realizan rastrillajes y se trata de peritar los registros telef\u00f3nicos.<\/p>\n","protected":false},"excerpt":{"rendered":"<p>Morena Verri, Brenda Loreley Del Castillo y Lara Morena Guti&eacute;rrez fueron vistas por &uacute;ltima vez el viernes 19 de septiembre. La b&uacute;squeda de Morena Verri (20), Brenda Loreley Del Castillo (20) y Lara Morena Guti&eacute;rrez (15), las j&oacute;venes que est&aacute;n desaparecidas desde el viernes 19 de septiembre en La Matanza, contin&uacute;a y sus familiares sostienen &hellip; <\/p>\n","protected":false},"author":5,"featured_media":27893,"comment_status":"closed","ping_status":"closed","sticky":false,"template":"","format":"standard","meta":{"om_disable_all_campaigns":false,"_joinchat":[]},"categories":[31,26],"tags":[46,59,43,569],"featured_image_urls":{"full":["https:\/\/infotep.com.ar\/wp-content\/uploads\/2025\/09\/720-4.webp",1280,720,false],"thumbnail":["https:\/\/infotep.com.ar\/wp-content\/uploads\/2025\/09\/720-4-150x150.webp",150,150,true],"medium":["https:\/\/infotep.com.ar\/wp-content\/uploads\/2025\/09\/720-4-300x169.webp",300,169,true],"medium_large":["https:\/\/infotep.com.ar\/wp-content\/uploads\/2025\/09\/720-4-768x432.webp",768,432,true],"large":["https:\/\/infotep.com.ar\/wp-content\/uploads\/2025\/09\/720-4-1024x576.webp",1020,574,true],"1536x1536":["https:\/\/infotep.com.ar\/wp-content\/uploads\/2025\/09\/720-4.webp",1280,720,false],"2048x2048":["https:\/\/infotep.com.ar\/wp-content\/uploads\/2025\/09\/720-4.webp",1280,720,false],"blossom-feminine-slider":["https:\/\/infotep.com.ar\/wp-content\/uploads\/2025\/09\/720-4-1280x649.webp",1280,649,true],"blossom-feminine-featured":["https:\/\/infotep.com.ar\/wp-content\/uploads\/2025\/09\/720-4-1280x600.webp",1280,600,true],"blossom-feminine-with-sidebar":["https:\/\/infotep.com.ar\/wp-content\/uploads\/2025\/09\/720-4-1020x600.webp",1020,600,true],"blossom-feminine-blog":["https:\/\/infotep.com.ar\/wp-content\/uploads\/2025\/09\/720-4-435x435.webp",435,435,true],"blossom-feminine-cat":["https:\/\/infotep.com.ar\/wp-content\/uploads\/2025\/09\/720-4-450x300.webp",450,300,true],"blossom-feminine-related":["https:\/\/infotep.com.ar\/wp-content\/uploads\/2025\/09\/720-4-320x200.webp",320,200,true],"blossom-feminine-schema":["https:\/\/infotep.com.ar\/wp-content\/uploads\/2025\/09\/720-4-107x60.webp",107,60,true],"blossom-mommy-blog-slider-big":["https:\/\/infotep.com.ar\/wp-content\/uploads\/2025\/09\/720-4-920x650.webp",920,650,true],"blossom-mommy-blog-slider":["https:\/\/infotep.com.ar\/wp-content\/uploads\/2025\/09\/720-4-460x310.webp",460,310,true],"blossom-mommy-blog-two":["https:\/\/infotep.com.ar\/wp-content\/uploads\/2025\/09\/720-4-768x480.webp",768,480,true]},"author_info":{"info":["Angela Tobar"]},"category_info":"<a href=\"https:\/\/infotep.com.ar\/index.php\/category\/destacadas\/\" rel=\"category tag\">Destacadas<\/a> <a href=\"https:\/\/infotep.com.ar\/index.php\/category\/municipales\/la-matanza\/\" rel=\"category tag\">La Matanza<\/a>","tag_info":"La Matanza","comment_count":"0","_links":{"self":[{"href":"https:\/\/infotep.com.ar\/index.php\/wp-json\/wp\/v2\/posts\/27929"}],"collection":[{"href":"https:\/\/infotep.com.ar\/index.php\/wp-json\/wp\/v2\/posts"}],"about":[{"href":"https:\/\/infotep.com.ar\/index.php\/wp-json\/wp\/v2\/types\/post"}],"author":[{"embeddable":true,"href":"https:\/\/infotep.com.ar\/index.php\/wp-json\/wp\/v2\/users\/5"}],"replies":[{"embeddable":true,"href":"https:\/\/infotep.com.ar\/index.php\/wp-json\/wp\/v2\/comments?post=27929"}],"version-history":[{"count":1,"href":"https:\/\/infotep.com.ar\/index.php\/wp-json\/wp\/v2\/posts\/27929\/revisions"}],"predecessor-version":[{"id":27930,"href":"https:\/\/infotep.com.ar\/index.php\/wp-json\/wp\/v2\/posts\/27929\/revisions\/27930"}],"wp:featuredmedia":[{"embeddable":true,"href":"https:\/\/infotep.com.ar\/index.php\/wp-json\/wp\/v2\/media\/27893"}],"wp:attachment":[{"href":"https:\/\/infotep.com.ar\/index.php\/wp-json\/wp\/v2\/media?parent=27929"}],"wp:term":[{"taxonomy":"category","embeddable":true,"href":"https:\/\/infotep.com.ar\/index.php\/wp-json\/wp\/v2\/categories?post=27929"},{"taxonomy":"post_tag","embeddable":true,"href":"https:\/\/infotep.com.ar\/index.php\/wp-json\/wp\/v2\/tags?post=27929"}],"curies":[{"name":"wp","href":"https:\/\/api.w.org\/{rel}","templated":true}]}}