{"id":27931,"date":"2025-09-23T14:45:31","date_gmt":"2025-09-23T17:45:31","guid":{"rendered":"https:\/\/infotep.com.ar\/?p=27931"},"modified":"2025-09-23T14:45:33","modified_gmt":"2025-09-23T17:45:33","slug":"paro-en-el-garrahan-el-plan-de-lucha-sigue-activo-y-mas-fuerte-que-nunca","status":"publish","type":"post","link":"https:\/\/infotep.com.ar\/index.php\/2025\/09\/23\/paro-en-el-garrahan-el-plan-de-lucha-sigue-activo-y-mas-fuerte-que-nunca\/","title":{"rendered":"Paro en el Garrahan: \u201cel plan de lucha sigue activo\u201d y \u201cm\u00e1s fuerte que nunca\u201d."},"content":{"rendered":"\n<p>Trabajadores del Hospital pedi\u00e1trico comenzaron un nuevo paro y aseguraron que \u201cel plan de lucha sigue activo\u201d y \u201cm\u00e1s fuerte que nunca\u201d.<br><br>Trabajadores del Hospital Garrahan comenzaron hoy, a primera hora de la ma\u00f1ana, un nuevo paro por 48hs. y aseguraron que el aumento anunciado ayer por el Gobierno Nacional, a trav\u00e9s del ministro de Salud Mario Lugones, &#8220;es un parche&#8221; y aseguraron que &#8220;el plan de lucha sigue activo&#8221; y &#8220;m\u00e1s fuerte que nunca&#8221;.<\/p>\n\n\n\n<p><strong>Empleados nucleados en la Asociaci\u00f3n de Profesionales y T\u00e9cnicos (APyT) indicaron que este paro se da en un contexto &#8220;marcado por el esc\u00e1ndalo del fondo de inversi\u00f3n&#8221; donde el Gobierno &#8220;destin\u00f3 40.000 millones de pesos&#8221; que pertenecen al trabajo genuino de los trabajadores del Garrahan y que son recursos que &#8220;por ley&#8221; deben &#8220;reforzar&#8221; sus salarios.<\/strong><\/p>\n\n\n\n<p>&#8220;Ante esta situaci\u00f3n, el Gobierno anunci\u00f3 un aumento que es un parche, es inconsulto, insuficiente y, adem\u00e1s, es discriminatorio, ya que los montos no son iguales para todos&#8221;, sostuvieron.<\/p>\n\n\n\n<p>En la misma l\u00ednea, destacaron que estas jornadas &#8220;llevan meses&#8221; y est\u00e1n &#8220;m\u00e1s vigente que nunca&#8221;, despu\u00e9s del veto que firm\u00f3 el presidente Javier Milei para anular la Ley de Emergencia Pedi\u00e1trica, aprobada por el Congreso de la Naci\u00f3n, lucha que llevaron adelante junto a la comunidad universitaria que atraviesa la misma situaci\u00f3n.<\/p>\n\n\n\n<p><strong>Paralelamente, recordaron que, el pr\u00f3ximo 2 de octubre, est\u00e1 programada una sesi\u00f3n en el Senado en la que se tratar\u00e1 el rechazo al veto presidencial. En el caso de que esto suceda, Milei &#8220;tendr\u00e1 la obligaci\u00f3n de promulgar la ley&#8221;: &#8220;Esperamos que no haya sorpresas&#8221;, a\u00f1adieron.<\/strong><\/p>\n\n\n\n<p class=\"has-light-green-cyan-background-color has-background\">&#8220;Tenemos el p\u00e9simo antecedente de la ley para las personas con discapacidad, cuya implementaci\u00f3n fue condicionada de manera inconstitucional, antidemocr\u00e1tica, inhumana, de forma amoral, incluso pasible de denuncias penales y de todo tipo, por eso estamos en alerta. Luego de que el Senado, eventualmente, rechace el veto, seguiremos de cerca cada paso del Gobierno y mantendremos la vigilia hasta que la Ley de Emergencia Pedi\u00e1trica est\u00e9 implementada efectivamente&#8221;, expresaron desde APyT.<\/p>\n\n\n\n<p>La medida de fuerza, que los trabajadores comenzaron en el d\u00eda de hoy, fue votada en la \u00faltima asamblea de trabajadores de la instituci\u00f3n, con participaci\u00f3n de la APyT, la Junta Interna de la Asociaci\u00f3n de Trabajadores del Estado (ATE), Autoconvocados y otros sectores, donde se resolvi\u00f3 continuar con las jornadas de lucha.<\/p>\n","protected":false},"excerpt":{"rendered":"<p>Trabajadores del Hospital pedi&aacute;trico comenzaron un nuevo paro y aseguraron que &ldquo;el plan de lucha sigue activo&rdquo; y &ldquo;m&aacute;s fuerte que nunca&rdquo;. Trabajadores del Hospital Garrahan comenzaron hoy, a primera hora de la ma&ntilde;ana, un nuevo paro por 48hs. y aseguraron que el aumento anunciado ayer por el Gobierno Nacional, a trav&eacute;s del ministro de &hellip; <\/p>\n","protected":false},"author":5,"featured_media":16857,"comment_status":"closed","ping_status":"closed","sticky":false,"template":"","format":"standard","meta":{"om_disable_all_campaigns":false,"_joinchat":[]},"categories":[7,3],"tags":[46,43,569],"featured_image_urls":{"full":["https:\/\/infotep.com.ar\/wp-content\/uploads\/2024\/10\/garraham.webp",1154,720,false],"thumbnail":["https:\/\/infotep.com.ar\/wp-content\/uploads\/2024\/10\/garraham-150x150.webp",150,150,true],"medium":["https:\/\/infotep.com.ar\/wp-content\/uploads\/2024\/10\/garraham-300x187.webp",300,187,true],"medium_large":["https:\/\/infotep.com.ar\/wp-content\/uploads\/2024\/10\/garraham-768x479.webp",768,479,true],"large":["https:\/\/infotep.com.ar\/wp-content\/uploads\/2024\/10\/garraham-1024x639.webp",1020,637,true],"1536x1536":["https:\/\/infotep.com.ar\/wp-content\/uploads\/2024\/10\/garraham.webp",1154,720,false],"2048x2048":["https:\/\/infotep.com.ar\/wp-content\/uploads\/2024\/10\/garraham.webp",1154,720,false],"blossom-feminine-slider":["https:\/\/infotep.com.ar\/wp-content\/uploads\/2024\/10\/garraham-1154x649.webp",1154,649,true],"blossom-feminine-featured":["https:\/\/infotep.com.ar\/wp-content\/uploads\/2024\/10\/garraham-1154x600.webp",1154,600,true],"blossom-feminine-with-sidebar":["https:\/\/infotep.com.ar\/wp-content\/uploads\/2024\/10\/garraham-1020x600.webp",1020,600,true],"blossom-feminine-blog":["https:\/\/infotep.com.ar\/wp-content\/uploads\/2024\/10\/garraham-435x435.webp",435,435,true],"blossom-feminine-cat":["https:\/\/infotep.com.ar\/wp-content\/uploads\/2024\/10\/garraham-450x300.webp",450,300,true],"blossom-feminine-related":["https:\/\/infotep.com.ar\/wp-content\/uploads\/2024\/10\/garraham-320x200.webp",320,200,true],"blossom-feminine-schema":["https:\/\/infotep.com.ar\/wp-content\/uploads\/2024\/10\/garraham-96x60.webp",96,60,true],"blossom-mommy-blog-slider-big":["https:\/\/infotep.com.ar\/wp-content\/uploads\/2024\/10\/garraham-920x650.webp",920,650,true],"blossom-mommy-blog-slider":["https:\/\/infotep.com.ar\/wp-content\/uploads\/2024\/10\/garraham-460x310.webp",460,310,true],"blossom-mommy-blog-two":["https:\/\/infotep.com.ar\/wp-content\/uploads\/2024\/10\/garraham-768x480.webp",768,480,true]},"author_info":{"info":["Angela Tobar"]},"category_info":"<a href=\"https:\/\/infotep.com.ar\/index.php\/category\/gremios\/\" rel=\"category tag\">Gremios<\/a> <a href=\"https:\/\/infotep.com.ar\/index.php\/category\/nacionales\/\" rel=\"category tag\">Nacionales<\/a>","tag_info":"Nacionales","comment_count":"0","_links":{"self":[{"href":"https:\/\/infotep.com.ar\/index.php\/wp-json\/wp\/v2\/posts\/27931"}],"collection":[{"href":"https:\/\/infotep.com.ar\/index.php\/wp-json\/wp\/v2\/posts"}],"about":[{"href":"https:\/\/infotep.com.ar\/index.php\/wp-json\/wp\/v2\/types\/post"}],"author":[{"embeddable":true,"href":"https:\/\/infotep.com.ar\/index.php\/wp-json\/wp\/v2\/users\/5"}],"replies":[{"embeddable":true,"href":"https:\/\/infotep.com.ar\/index.php\/wp-json\/wp\/v2\/comments?post=27931"}],"version-history":[{"count":1,"href":"https:\/\/infotep.com.ar\/index.php\/wp-json\/wp\/v2\/posts\/27931\/revisions"}],"predecessor-version":[{"id":27932,"href":"https:\/\/infotep.com.ar\/index.php\/wp-json\/wp\/v2\/posts\/27931\/revisions\/27932"}],"wp:featuredmedia":[{"embeddable":true,"href":"https:\/\/infotep.com.ar\/index.php\/wp-json\/wp\/v2\/media\/16857"}],"wp:attachment":[{"href":"https:\/\/infotep.com.ar\/index.php\/wp-json\/wp\/v2\/media?parent=27931"}],"wp:term":[{"taxonomy":"category","embeddable":true,"href":"https:\/\/infotep.com.ar\/index.php\/wp-json\/wp\/v2\/categories?post=27931"},{"taxonomy":"post_tag","embeddable":true,"href":"https:\/\/infotep.com.ar\/index.php\/wp-json\/wp\/v2\/tags?post=27931"}],"curies":[{"name":"wp","href":"https:\/\/api.w.org\/{rel}","templated":true}]}}