{"id":27977,"date":"2025-09-24T22:37:35","date_gmt":"2025-09-25T01:37:35","guid":{"rendered":"https:\/\/infotep.com.ar\/?p=27977"},"modified":"2025-09-24T22:37:36","modified_gmt":"2025-09-25T01:37:36","slug":"quienes-son-los-cuatro-detenidos-por-el-triple-femicidio-con-sello-narco-de-florencio-varela","status":"publish","type":"post","link":"https:\/\/infotep.com.ar\/index.php\/2025\/09\/24\/quienes-son-los-cuatro-detenidos-por-el-triple-femicidio-con-sello-narco-de-florencio-varela\/","title":{"rendered":"\u00bfQui\u00e9nes son los cuatro detenidos por el triple femicidio con sello narco de Florencio Varela?"},"content":{"rendered":"\n<p>Dieron a conocer las identidades de los cuatro detenidos por el asesinato de Morena Verri, Lara Guti\u00e9rrez y Brenda Del Castillo.<br><br>Se dieron a conocer las identidades de los cuatro detenidos acusados por el brutal triple femicidio de Morena Verri (20), Lara Guti\u00e9rrez (15) y Brenda Del Castillo (20), las j\u00f3venes torturadas y asesinadas en la localidad bonaerense de Florencio Varela.<\/p>\n\n\n\n<p>Fuentes del caso confirmaron los nombres de los dos hombres y dos mujeres implicados en los cr\u00edmenes. Se trata de:<\/p>\n\n\n\n<p>Magal\u00ed Celeste Gonz\u00e1lez Guerrero, de 28 a\u00f1os<\/p>\n\n\n\n<p>Miguel \u00c1ngel Villanueva Silva, de 25<\/p>\n\n\n\n<p>Daniela Iara Ibarra, de 19<\/p>\n\n\n\n<p>Maximiliano Andr\u00e9s Parra, de 18.<\/p>\n\n\n\n<p>Todos los sospechosos se encuentran alojados en la Direcci\u00f3n de Investigaciones (DDI) de La Matanza y se espera que se les tome declaraci\u00f3n indagatoria en las pr\u00f3ximas horas.<\/p>\n\n\n\n<p>Mientras tanto, la investigaci\u00f3n contin\u00faa con la b\u00fasqueda de un quinto implicado, un hombre de nacionalidad peruana que, seg\u00fan la principal hip\u00f3tesis, ser\u00eda el l\u00edder de la organizaci\u00f3n narco para la que operaban y el presunto autor intelectual del hecho.<\/p>\n","protected":false},"excerpt":{"rendered":"<p>Dieron a conocer las identidades de los cuatro detenidos por el asesinato de Morena Verri, Lara Guti&eacute;rrez y Brenda Del Castillo. Se dieron a conocer las identidades de los cuatro detenidos acusados por el brutal triple femicidio de Morena Verri (20), Lara Guti&eacute;rrez (15) y Brenda Del Castillo (20), las j&oacute;venes torturadas y asesinadas en &hellip; <\/p>\n","protected":false},"author":5,"featured_media":27978,"comment_status":"closed","ping_status":"closed","sticky":false,"template":"","format":"standard","meta":{"om_disable_all_campaigns":false,"_joinchat":[]},"categories":[26],"tags":[46,59,43,569],"featured_image_urls":{"full":["https:\/\/infotep.com.ar\/wp-content\/uploads\/2025\/09\/720-1-1.webp",1280,720,false],"thumbnail":["https:\/\/infotep.com.ar\/wp-content\/uploads\/2025\/09\/720-1-1-150x150.webp",150,150,true],"medium":["https:\/\/infotep.com.ar\/wp-content\/uploads\/2025\/09\/720-1-1-300x169.webp",300,169,true],"medium_large":["https:\/\/infotep.com.ar\/wp-content\/uploads\/2025\/09\/720-1-1-768x432.webp",768,432,true],"large":["https:\/\/infotep.com.ar\/wp-content\/uploads\/2025\/09\/720-1-1-1024x576.webp",1020,574,true],"1536x1536":["https:\/\/infotep.com.ar\/wp-content\/uploads\/2025\/09\/720-1-1.webp",1280,720,false],"2048x2048":["https:\/\/infotep.com.ar\/wp-content\/uploads\/2025\/09\/720-1-1.webp",1280,720,false],"blossom-feminine-slider":["https:\/\/infotep.com.ar\/wp-content\/uploads\/2025\/09\/720-1-1-1280x649.webp",1280,649,true],"blossom-feminine-featured":["https:\/\/infotep.com.ar\/wp-content\/uploads\/2025\/09\/720-1-1-1280x600.webp",1280,600,true],"blossom-feminine-with-sidebar":["https:\/\/infotep.com.ar\/wp-content\/uploads\/2025\/09\/720-1-1-1020x600.webp",1020,600,true],"blossom-feminine-blog":["https:\/\/infotep.com.ar\/wp-content\/uploads\/2025\/09\/720-1-1-435x435.webp",435,435,true],"blossom-feminine-cat":["https:\/\/infotep.com.ar\/wp-content\/uploads\/2025\/09\/720-1-1-450x300.webp",450,300,true],"blossom-feminine-related":["https:\/\/infotep.com.ar\/wp-content\/uploads\/2025\/09\/720-1-1-320x200.webp",320,200,true],"blossom-feminine-schema":["https:\/\/infotep.com.ar\/wp-content\/uploads\/2025\/09\/720-1-1-107x60.webp",107,60,true],"blossom-mommy-blog-slider-big":["https:\/\/infotep.com.ar\/wp-content\/uploads\/2025\/09\/720-1-1-920x650.webp",920,650,true],"blossom-mommy-blog-slider":["https:\/\/infotep.com.ar\/wp-content\/uploads\/2025\/09\/720-1-1-460x310.webp",460,310,true],"blossom-mommy-blog-two":["https:\/\/infotep.com.ar\/wp-content\/uploads\/2025\/09\/720-1-1-768x480.webp",768,480,true]},"author_info":{"info":["Angela Tobar"]},"category_info":"<a href=\"https:\/\/infotep.com.ar\/index.php\/category\/municipales\/la-matanza\/\" rel=\"category tag\">La Matanza<\/a>","tag_info":"La Matanza","comment_count":"0","_links":{"self":[{"href":"https:\/\/infotep.com.ar\/index.php\/wp-json\/wp\/v2\/posts\/27977"}],"collection":[{"href":"https:\/\/infotep.com.ar\/index.php\/wp-json\/wp\/v2\/posts"}],"about":[{"href":"https:\/\/infotep.com.ar\/index.php\/wp-json\/wp\/v2\/types\/post"}],"author":[{"embeddable":true,"href":"https:\/\/infotep.com.ar\/index.php\/wp-json\/wp\/v2\/users\/5"}],"replies":[{"embeddable":true,"href":"https:\/\/infotep.com.ar\/index.php\/wp-json\/wp\/v2\/comments?post=27977"}],"version-history":[{"count":1,"href":"https:\/\/infotep.com.ar\/index.php\/wp-json\/wp\/v2\/posts\/27977\/revisions"}],"predecessor-version":[{"id":27979,"href":"https:\/\/infotep.com.ar\/index.php\/wp-json\/wp\/v2\/posts\/27977\/revisions\/27979"}],"wp:featuredmedia":[{"embeddable":true,"href":"https:\/\/infotep.com.ar\/index.php\/wp-json\/wp\/v2\/media\/27978"}],"wp:attachment":[{"href":"https:\/\/infotep.com.ar\/index.php\/wp-json\/wp\/v2\/media?parent=27977"}],"wp:term":[{"taxonomy":"category","embeddable":true,"href":"https:\/\/infotep.com.ar\/index.php\/wp-json\/wp\/v2\/categories?post=27977"},{"taxonomy":"post_tag","embeddable":true,"href":"https:\/\/infotep.com.ar\/index.php\/wp-json\/wp\/v2\/tags?post=27977"}],"curies":[{"name":"wp","href":"https:\/\/api.w.org\/{rel}","templated":true}]}}