{"id":27984,"date":"2025-09-24T22:47:24","date_gmt":"2025-09-25T01:47:24","guid":{"rendered":"https:\/\/infotep.com.ar\/?p=27984"},"modified":"2025-09-24T22:47:25","modified_gmt":"2025-09-25T01:47:25","slug":"mesa-por-la-ciencia-y-la-tecnologia-afirma-que-privatizar-el-sector-nuclear-pone-en-riesgo-al-pais","status":"publish","type":"post","link":"https:\/\/infotep.com.ar\/index.php\/2025\/09\/24\/mesa-por-la-ciencia-y-la-tecnologia-afirma-que-privatizar-el-sector-nuclear-pone-en-riesgo-al-pais\/","title":{"rendered":"Mesa por la Ciencia y la Tecnolog\u00eda afirma que privatizar el sector nuclear \u201cpone en riesgo al pa\u00eds\u201d"},"content":{"rendered":"\n<p>Las agrupaciones nucleadas en ese espacio afirman que el Gobierno \u201cha profundizado la crisis en el marco de un \u2018cientificidio\u2019\u201d.<br><br>La Mesa Federal por la Ciencia y la Tecnolog\u00eda manifest\u00f3 su \u201crechazo absoluto\u201d a las iniciativas que buscan \u201cla privatizaci\u00f3n parcial y la extranjerizaci\u00f3n del sector nuclear argentino\u201d, y afirm\u00f3 que el Gobierno \u201cha profundizado la crisis en el marco de un \u2018cientificidio\u2019\u201d.<\/p>\n\n\n\n<p><strong>El agrupamiento sostiene en un comunicado que las iniciativas privatizadoras anunciadas por el Gobierno \u201cincluyen la venta del 44% de las acciones de Nucleoel\u00e9ctrica Argentina S.A. (NA-SA), una empresa superavitaria que constituye un motor clave del desarrollo tecnol\u00f3gico e industrial del pa\u00eds\u201d.<\/strong><\/p>\n\n\n\n<p>Adem\u00e1s, afirma que implican \u201cla reducci\u00f3n del rol de la Comisi\u00f3n Nacional de Energ\u00eda At\u00f3mica (CNEA) y el fomento de una miner\u00eda de uranio con l\u00f3gica meramente extractivista, orientada principalmente a la exportaci\u00f3n\u201d.<\/p>\n\n\n\n<p>\u201cA ello se suma el compromiso de \u2018colaboraci\u00f3n\u2019 con Estados Unidos en el marco de la iniciativa FIRST, en condiciones de clara subordinaci\u00f3n, en un \u00e1rea en la que la Argentina fue l\u00edder mundial gracias al desarrollo de reactores modulares peque\u00f1os como el CAREM\u201d.<\/p>\n\n\n\n<p>El escrito destaca que \u201cel supuesto \u2018plan nuclear\u2019 anunciado por el presidente Javier Milei y el actual presidente de NA-SA, Demian Reidel, en diciembre de 2024, ha profundizado la crisis del sector en el marco del cientificidio que afecta al conjunto del complejo cient\u00edfico-tecnol\u00f3gico\u201d.<\/p>\n\n\n\n<p>Como impactos negativos la Mesa destaca el \u201cdesfinanciamiento y desarticulaci\u00f3n institucional\u201d, la \u201cp\u00e9rdida de t\u00e9cnicos y profesionales especializados\u201d y la consolidaci\u00f3n de un \u201cmodelo extractivista\u201d que toma al uranio \u201ccomo materia prima en lugar de integrarlo a una cadena de valor del ciclo de combustible\u201d.<\/p>\n\n\n\n<p>\u201cEstas decisiones amenazan con destruir m\u00e1s de siete d\u00e9cadas de construcci\u00f3n de capacidades nacionales, en un sector estrat\u00e9gico que ha posicionado a nuestro pa\u00eds como referente regional en ciencia, tecnolog\u00eda, generaci\u00f3n de energ\u00eda limpia y segura y aplicaciones al \u00e1rea de medicina nuclear\u201d, se\u00f1ala el escrito.<\/p>\n\n\n\n<p>Integran la Mesa Federal la Asamblea Multisectorial del Instituto Nacional de Tecnolog\u00eda Industrial (INTI); la Asamblea Nacional de Becarixs (ANB); la Asociaci\u00f3n del Personal de INTA (APINTA); la Asociaci\u00f3n de Trabajadores del Estado (ATE); el Ateneo Cient\u00edficxs Tucumanxs (ACT); Becarixs Agencia; Ciencia Nuestra; y Ciencia y T\u00e9cnica Argentina (CyTA).<\/p>\n\n\n\n<p>Tambien lo hacen Ciencia y Tecnolog\u00eda para una Argentina Humana; Ciencia y Universidad para Argentina desde Bariloche (CUyA Bariloche); CNEA Unida y Organizada (CNEA UyO); Comisi\u00f3n de CyT Instituto Patria; Agrupaci\u00f3n 31 de mayo (CNEA); y Agrupaci\u00f3n Rolando Garc\u00eda (ARG), entre otras.<\/p>\n","protected":false},"excerpt":{"rendered":"<p>Las agrupaciones nucleadas en ese espacio afirman que el Gobierno &ldquo;ha profundizado la crisis en el marco de un &lsquo;cientificidio&rsquo;&rdquo;. La Mesa Federal por la Ciencia y la Tecnolog&iacute;a manifest&oacute; su &ldquo;rechazo absoluto&rdquo; a las iniciativas que buscan &ldquo;la privatizaci&oacute;n parcial y la extranjerizaci&oacute;n del sector nuclear argentino&rdquo;, y afirm&oacute; que el Gobierno &ldquo;ha profundizado &hellip; <\/p>\n","protected":false},"author":5,"featured_media":27985,"comment_status":"closed","ping_status":"closed","sticky":false,"template":"","format":"standard","meta":{"om_disable_all_campaigns":false,"_joinchat":[]},"categories":[3],"tags":[46,43,569],"featured_image_urls":{"full":["https:\/\/infotep.com.ar\/wp-content\/uploads\/2025\/09\/720-2-1.webp",963,720,false],"thumbnail":["https:\/\/infotep.com.ar\/wp-content\/uploads\/2025\/09\/720-2-1-150x150.webp",150,150,true],"medium":["https:\/\/infotep.com.ar\/wp-content\/uploads\/2025\/09\/720-2-1-300x224.webp",300,224,true],"medium_large":["https:\/\/infotep.com.ar\/wp-content\/uploads\/2025\/09\/720-2-1-768x574.webp",768,574,true],"large":["https:\/\/infotep.com.ar\/wp-content\/uploads\/2025\/09\/720-2-1.webp",963,720,false],"1536x1536":["https:\/\/infotep.com.ar\/wp-content\/uploads\/2025\/09\/720-2-1.webp",963,720,false],"2048x2048":["https:\/\/infotep.com.ar\/wp-content\/uploads\/2025\/09\/720-2-1.webp",963,720,false],"blossom-feminine-slider":["https:\/\/infotep.com.ar\/wp-content\/uploads\/2025\/09\/720-2-1-963x649.webp",963,649,true],"blossom-feminine-featured":["https:\/\/infotep.com.ar\/wp-content\/uploads\/2025\/09\/720-2-1-963x600.webp",963,600,true],"blossom-feminine-with-sidebar":["https:\/\/infotep.com.ar\/wp-content\/uploads\/2025\/09\/720-2-1-963x600.webp",963,600,true],"blossom-feminine-blog":["https:\/\/infotep.com.ar\/wp-content\/uploads\/2025\/09\/720-2-1-435x435.webp",435,435,true],"blossom-feminine-cat":["https:\/\/infotep.com.ar\/wp-content\/uploads\/2025\/09\/720-2-1-450x300.webp",450,300,true],"blossom-feminine-related":["https:\/\/infotep.com.ar\/wp-content\/uploads\/2025\/09\/720-2-1-320x200.webp",320,200,true],"blossom-feminine-schema":["https:\/\/infotep.com.ar\/wp-content\/uploads\/2025\/09\/720-2-1-80x60.webp",80,60,true],"blossom-mommy-blog-slider-big":["https:\/\/infotep.com.ar\/wp-content\/uploads\/2025\/09\/720-2-1-920x650.webp",920,650,true],"blossom-mommy-blog-slider":["https:\/\/infotep.com.ar\/wp-content\/uploads\/2025\/09\/720-2-1-460x310.webp",460,310,true],"blossom-mommy-blog-two":["https:\/\/infotep.com.ar\/wp-content\/uploads\/2025\/09\/720-2-1-768x480.webp",768,480,true]},"author_info":{"info":["Angela Tobar"]},"category_info":"<a href=\"https:\/\/infotep.com.ar\/index.php\/category\/nacionales\/\" rel=\"category tag\">Nacionales<\/a>","tag_info":"Nacionales","comment_count":"0","_links":{"self":[{"href":"https:\/\/infotep.com.ar\/index.php\/wp-json\/wp\/v2\/posts\/27984"}],"collection":[{"href":"https:\/\/infotep.com.ar\/index.php\/wp-json\/wp\/v2\/posts"}],"about":[{"href":"https:\/\/infotep.com.ar\/index.php\/wp-json\/wp\/v2\/types\/post"}],"author":[{"embeddable":true,"href":"https:\/\/infotep.com.ar\/index.php\/wp-json\/wp\/v2\/users\/5"}],"replies":[{"embeddable":true,"href":"https:\/\/infotep.com.ar\/index.php\/wp-json\/wp\/v2\/comments?post=27984"}],"version-history":[{"count":1,"href":"https:\/\/infotep.com.ar\/index.php\/wp-json\/wp\/v2\/posts\/27984\/revisions"}],"predecessor-version":[{"id":27986,"href":"https:\/\/infotep.com.ar\/index.php\/wp-json\/wp\/v2\/posts\/27984\/revisions\/27986"}],"wp:featuredmedia":[{"embeddable":true,"href":"https:\/\/infotep.com.ar\/index.php\/wp-json\/wp\/v2\/media\/27985"}],"wp:attachment":[{"href":"https:\/\/infotep.com.ar\/index.php\/wp-json\/wp\/v2\/media?parent=27984"}],"wp:term":[{"taxonomy":"category","embeddable":true,"href":"https:\/\/infotep.com.ar\/index.php\/wp-json\/wp\/v2\/categories?post=27984"},{"taxonomy":"post_tag","embeddable":true,"href":"https:\/\/infotep.com.ar\/index.php\/wp-json\/wp\/v2\/tags?post=27984"}],"curies":[{"name":"wp","href":"https:\/\/api.w.org\/{rel}","templated":true}]}}