{"id":27988,"date":"2025-09-25T20:04:30","date_gmt":"2025-09-25T23:04:30","guid":{"rendered":"https:\/\/infotep.com.ar\/?p=27988"},"modified":"2025-09-25T20:04:31","modified_gmt":"2025-09-25T23:04:31","slug":"triple-crimen-de-florencio-varela-se-negaron-a-declarar-los-cuatro-sospechosos-y-seguiran-detenidos","status":"publish","type":"post","link":"https:\/\/infotep.com.ar\/index.php\/2025\/09\/25\/triple-crimen-de-florencio-varela-se-negaron-a-declarar-los-cuatro-sospechosos-y-seguiran-detenidos\/","title":{"rendered":"Triple crimen de Florencio Varela: se negaron a declarar los cuatro sospechosos y seguir\u00e1n detenidos"},"content":{"rendered":"\n<p>Los dos hombres y las dos mujeres se abstuvieron de responder preguntas ante el fiscal.<br><br>Los cuatro sospechosos por los cr\u00edmenes de Morena Verdi (20), Brenda Del Castillo (20) y Lara Guti\u00e9rrez (15) en el partido bonaerense de Florencio Varela se negaron a declarar ante el fiscal Gast\u00f3n Dupla\u00e1.<\/p>\n\n\n\n<p>De acuerdo al comunicado que accedi\u00f3 la agencia Noticias Argentinas, Miguel \u00c1ngel Villanueva Silva (25), Mar\u00eda Celeste Gonz\u00e1lez Guerrero (28), Daniela Iara Ibarra (19) y Maximiliano Andr\u00e9s Parra (18) \u201chicieron uso del derecho constitucional\u201d de no responder preguntas.<\/p>\n\n\n\n<p>El funcionario judicial dispuso que los dos hombres y las dos mujeres permanezcan arrestados por el delito de \u201cHomicidio calificado por ser cometido con el concurso premeditado de dos o mas personas, por ser cometido por alevos\u00eda y ensa\u00f1amiento y por su comisi\u00f3n por un hombre contra una mujer mediante violencia de g\u00e9nero\u201d.<\/p>\n\n\n\n<p>Sin embargo, Dupla\u00e1 abandon\u00f3 la investigaci\u00f3n y el caso ser\u00e1 asumido este viernes por el fiscal Adri\u00e1n Arribas, que le confirm\u00f3 a NA: \u201cLa ped\u00ed para ma\u00f1ana a las 8:00 de la ma\u00f1ana con todos los detalles y ya arm\u00e9 una mesa de trabajo con el jefe de la DDI La Matanza\u201d.<\/p>\n","protected":false},"excerpt":{"rendered":"<p>Los dos hombres y las dos mujeres se abstuvieron de responder preguntas ante el fiscal. Los cuatro sospechosos por los cr&iacute;menes de Morena Verdi (20), Brenda Del Castillo (20) y Lara Guti&eacute;rrez (15) en el partido bonaerense de Florencio Varela se negaron a declarar ante el fiscal Gast&oacute;n Dupla&aacute;. De acuerdo al comunicado que accedi&oacute; &hellip; <\/p>\n","protected":false},"author":5,"featured_media":27978,"comment_status":"closed","ping_status":"closed","sticky":false,"template":"","format":"standard","meta":{"om_disable_all_campaigns":false,"_joinchat":[]},"categories":[26],"tags":[46,59,43,569],"featured_image_urls":{"full":["https:\/\/infotep.com.ar\/wp-content\/uploads\/2025\/09\/720-1-1.webp",1280,720,false],"thumbnail":["https:\/\/infotep.com.ar\/wp-content\/uploads\/2025\/09\/720-1-1-150x150.webp",150,150,true],"medium":["https:\/\/infotep.com.ar\/wp-content\/uploads\/2025\/09\/720-1-1-300x169.webp",300,169,true],"medium_large":["https:\/\/infotep.com.ar\/wp-content\/uploads\/2025\/09\/720-1-1-768x432.webp",768,432,true],"large":["https:\/\/infotep.com.ar\/wp-content\/uploads\/2025\/09\/720-1-1-1024x576.webp",1020,574,true],"1536x1536":["https:\/\/infotep.com.ar\/wp-content\/uploads\/2025\/09\/720-1-1.webp",1280,720,false],"2048x2048":["https:\/\/infotep.com.ar\/wp-content\/uploads\/2025\/09\/720-1-1.webp",1280,720,false],"blossom-feminine-slider":["https:\/\/infotep.com.ar\/wp-content\/uploads\/2025\/09\/720-1-1-1280x649.webp",1280,649,true],"blossom-feminine-featured":["https:\/\/infotep.com.ar\/wp-content\/uploads\/2025\/09\/720-1-1-1280x600.webp",1280,600,true],"blossom-feminine-with-sidebar":["https:\/\/infotep.com.ar\/wp-content\/uploads\/2025\/09\/720-1-1-1020x600.webp",1020,600,true],"blossom-feminine-blog":["https:\/\/infotep.com.ar\/wp-content\/uploads\/2025\/09\/720-1-1-435x435.webp",435,435,true],"blossom-feminine-cat":["https:\/\/infotep.com.ar\/wp-content\/uploads\/2025\/09\/720-1-1-450x300.webp",450,300,true],"blossom-feminine-related":["https:\/\/infotep.com.ar\/wp-content\/uploads\/2025\/09\/720-1-1-320x200.webp",320,200,true],"blossom-feminine-schema":["https:\/\/infotep.com.ar\/wp-content\/uploads\/2025\/09\/720-1-1-107x60.webp",107,60,true],"blossom-mommy-blog-slider-big":["https:\/\/infotep.com.ar\/wp-content\/uploads\/2025\/09\/720-1-1-920x650.webp",920,650,true],"blossom-mommy-blog-slider":["https:\/\/infotep.com.ar\/wp-content\/uploads\/2025\/09\/720-1-1-460x310.webp",460,310,true],"blossom-mommy-blog-two":["https:\/\/infotep.com.ar\/wp-content\/uploads\/2025\/09\/720-1-1-768x480.webp",768,480,true]},"author_info":{"info":["Angela Tobar"]},"category_info":"<a href=\"https:\/\/infotep.com.ar\/index.php\/category\/municipales\/la-matanza\/\" rel=\"category tag\">La Matanza<\/a>","tag_info":"La Matanza","comment_count":"0","_links":{"self":[{"href":"https:\/\/infotep.com.ar\/index.php\/wp-json\/wp\/v2\/posts\/27988"}],"collection":[{"href":"https:\/\/infotep.com.ar\/index.php\/wp-json\/wp\/v2\/posts"}],"about":[{"href":"https:\/\/infotep.com.ar\/index.php\/wp-json\/wp\/v2\/types\/post"}],"author":[{"embeddable":true,"href":"https:\/\/infotep.com.ar\/index.php\/wp-json\/wp\/v2\/users\/5"}],"replies":[{"embeddable":true,"href":"https:\/\/infotep.com.ar\/index.php\/wp-json\/wp\/v2\/comments?post=27988"}],"version-history":[{"count":1,"href":"https:\/\/infotep.com.ar\/index.php\/wp-json\/wp\/v2\/posts\/27988\/revisions"}],"predecessor-version":[{"id":27990,"href":"https:\/\/infotep.com.ar\/index.php\/wp-json\/wp\/v2\/posts\/27988\/revisions\/27990"}],"wp:featuredmedia":[{"embeddable":true,"href":"https:\/\/infotep.com.ar\/index.php\/wp-json\/wp\/v2\/media\/27978"}],"wp:attachment":[{"href":"https:\/\/infotep.com.ar\/index.php\/wp-json\/wp\/v2\/media?parent=27988"}],"wp:term":[{"taxonomy":"category","embeddable":true,"href":"https:\/\/infotep.com.ar\/index.php\/wp-json\/wp\/v2\/categories?post=27988"},{"taxonomy":"post_tag","embeddable":true,"href":"https:\/\/infotep.com.ar\/index.php\/wp-json\/wp\/v2\/tags?post=27988"}],"curies":[{"name":"wp","href":"https:\/\/api.w.org\/{rel}","templated":true}]}}