{"id":28019,"date":"2025-09-26T15:20:52","date_gmt":"2025-09-26T18:20:52","guid":{"rendered":"https:\/\/infotep.com.ar\/?p=28019"},"modified":"2025-09-26T15:20:53","modified_gmt":"2025-09-26T18:20:53","slug":"abogado-de-las-familias-del-triple-crimen-sostuvo-que-hay-hipotesis-pero-nada-firme","status":"publish","type":"post","link":"https:\/\/infotep.com.ar\/index.php\/2025\/09\/26\/abogado-de-las-familias-del-triple-crimen-sostuvo-que-hay-hipotesis-pero-nada-firme\/","title":{"rendered":"Abogado de las familias del  triple crimen sostuvo que &#8220;hay hipotesis, pero nada firme&#8221;"},"content":{"rendered":"\n<p>Gonzalo Fuenzalida, abogado de la familia de Lara Guti\u00e9rrez, confirm\u00f3 que se est\u00e1 por reunir con el nuevo fiscal Adri\u00e1n Arribas y que este viernes va a realizar denuncias por amenazas contra la mam\u00e1 de la menor de 15 a\u00f1os y el tiroteo ocurrido d\u00edas atr\u00e1s.<\/p>\n\n\n\n<p>Ante la prensa, Fuenzalida anunci\u00f3 que &#8220;hay hip\u00f3tesis, pero nada firme&#8221; y que la causa se encuentra con secreto de sumario: &#8220;Me estoy por reunir con el fiscal. Hoy la causa se va a mover con el cambio de fiscal\u00eda&#8221;.<\/p>\n\n\n\n<p>Tras las imputaciones de los cuatro detenidos, el defensor remarc\u00f3 que &#8220;la causa tiene que ir al fuero federal&#8221; y que no se encuentran &#8220;conformes con la car\u00e1tula de homicidio&#8221;.<\/p>\n\n\n\n<p>Los cuatro se encuentran imputados por los delitos de homicidio calificado por ser cometido con el concurso premeditado de dos o mas personas, por ser cometido por alevos\u00eda y ensa\u00f1amiento y por su comisi\u00f3n por un hombre contra una mujer mediante violencia de g\u00e9nero.<\/p>\n\n\n\n<p>Otro punto que sum\u00f3 es que este viernes denunciar\u00e1 las amenazas a la mam\u00e1 de Lara, el tiroteo ocurrido el mi\u00e9rcoles por la tarde en el domicilio donde viv\u00eda la menor y contra la parte policial y judicial por el manejo de la investigaci\u00f3n.<\/p>\n\n\n\n<p>Por \u00faltimo, fue consultado sobre los dichos de Javier Alonso, ministro de Seguridad de la provincia de Buenos Aires, sobre la transmisi\u00f3n en vivo de los asesinatos: &#8220;El video que mencion\u00f3 Alonso no lleg\u00f3 a la fiscal\u00eda \u00bfC\u00f3mo sabe \u00e9l de su existencia?&#8221;.<\/p>\n","protected":false},"excerpt":{"rendered":"<p>Gonzalo Fuenzalida, abogado de la familia de Lara Guti&eacute;rrez, confirm&oacute; que se est&aacute; por reunir con el nuevo fiscal Adri&aacute;n Arribas y que este viernes va a realizar denuncias por amenazas contra la mam&aacute; de la menor de 15 a&ntilde;os y el tiroteo ocurrido d&iacute;as atr&aacute;s. Ante la prensa, Fuenzalida anunci&oacute; que &ldquo;hay hip&oacute;tesis, pero &hellip; <\/p>\n","protected":false},"author":5,"featured_media":28020,"comment_status":"closed","ping_status":"closed","sticky":false,"template":"","format":"standard","meta":{"om_disable_all_campaigns":false,"_joinchat":[]},"categories":[26],"tags":[46,43,569],"featured_image_urls":{"full":["https:\/\/infotep.com.ar\/wp-content\/uploads\/2025\/09\/720-3.webp",882,720,false],"thumbnail":["https:\/\/infotep.com.ar\/wp-content\/uploads\/2025\/09\/720-3-150x150.webp",150,150,true],"medium":["https:\/\/infotep.com.ar\/wp-content\/uploads\/2025\/09\/720-3-300x245.webp",300,245,true],"medium_large":["https:\/\/infotep.com.ar\/wp-content\/uploads\/2025\/09\/720-3-768x627.webp",768,627,true],"large":["https:\/\/infotep.com.ar\/wp-content\/uploads\/2025\/09\/720-3.webp",882,720,false],"1536x1536":["https:\/\/infotep.com.ar\/wp-content\/uploads\/2025\/09\/720-3.webp",882,720,false],"2048x2048":["https:\/\/infotep.com.ar\/wp-content\/uploads\/2025\/09\/720-3.webp",882,720,false],"blossom-feminine-slider":["https:\/\/infotep.com.ar\/wp-content\/uploads\/2025\/09\/720-3-882x649.webp",882,649,true],"blossom-feminine-featured":["https:\/\/infotep.com.ar\/wp-content\/uploads\/2025\/09\/720-3-882x600.webp",882,600,true],"blossom-feminine-with-sidebar":["https:\/\/infotep.com.ar\/wp-content\/uploads\/2025\/09\/720-3-882x600.webp",882,600,true],"blossom-feminine-blog":["https:\/\/infotep.com.ar\/wp-content\/uploads\/2025\/09\/720-3-435x435.webp",435,435,true],"blossom-feminine-cat":["https:\/\/infotep.com.ar\/wp-content\/uploads\/2025\/09\/720-3-450x300.webp",450,300,true],"blossom-feminine-related":["https:\/\/infotep.com.ar\/wp-content\/uploads\/2025\/09\/720-3-320x200.webp",320,200,true],"blossom-feminine-schema":["https:\/\/infotep.com.ar\/wp-content\/uploads\/2025\/09\/720-3-74x60.webp",74,60,true],"blossom-mommy-blog-slider-big":["https:\/\/infotep.com.ar\/wp-content\/uploads\/2025\/09\/720-3-882x650.webp",882,650,true],"blossom-mommy-blog-slider":["https:\/\/infotep.com.ar\/wp-content\/uploads\/2025\/09\/720-3-460x310.webp",460,310,true],"blossom-mommy-blog-two":["https:\/\/infotep.com.ar\/wp-content\/uploads\/2025\/09\/720-3-768x480.webp",768,480,true]},"author_info":{"info":["Angela Tobar"]},"category_info":"<a href=\"https:\/\/infotep.com.ar\/index.php\/category\/municipales\/la-matanza\/\" rel=\"category tag\">La Matanza<\/a>","tag_info":"La Matanza","comment_count":"0","_links":{"self":[{"href":"https:\/\/infotep.com.ar\/index.php\/wp-json\/wp\/v2\/posts\/28019"}],"collection":[{"href":"https:\/\/infotep.com.ar\/index.php\/wp-json\/wp\/v2\/posts"}],"about":[{"href":"https:\/\/infotep.com.ar\/index.php\/wp-json\/wp\/v2\/types\/post"}],"author":[{"embeddable":true,"href":"https:\/\/infotep.com.ar\/index.php\/wp-json\/wp\/v2\/users\/5"}],"replies":[{"embeddable":true,"href":"https:\/\/infotep.com.ar\/index.php\/wp-json\/wp\/v2\/comments?post=28019"}],"version-history":[{"count":1,"href":"https:\/\/infotep.com.ar\/index.php\/wp-json\/wp\/v2\/posts\/28019\/revisions"}],"predecessor-version":[{"id":28021,"href":"https:\/\/infotep.com.ar\/index.php\/wp-json\/wp\/v2\/posts\/28019\/revisions\/28021"}],"wp:featuredmedia":[{"embeddable":true,"href":"https:\/\/infotep.com.ar\/index.php\/wp-json\/wp\/v2\/media\/28020"}],"wp:attachment":[{"href":"https:\/\/infotep.com.ar\/index.php\/wp-json\/wp\/v2\/media?parent=28019"}],"wp:term":[{"taxonomy":"category","embeddable":true,"href":"https:\/\/infotep.com.ar\/index.php\/wp-json\/wp\/v2\/categories?post=28019"},{"taxonomy":"post_tag","embeddable":true,"href":"https:\/\/infotep.com.ar\/index.php\/wp-json\/wp\/v2\/tags?post=28019"}],"curies":[{"name":"wp","href":"https:\/\/api.w.org\/{rel}","templated":true}]}}