{"id":28027,"date":"2025-09-26T15:49:15","date_gmt":"2025-09-26T18:49:15","guid":{"rendered":"https:\/\/infotep.com.ar\/?p=28027"},"modified":"2025-09-26T18:12:03","modified_gmt":"2025-09-26T21:12:03","slug":"colectivo-en-discapacidad-convoca-a-una-nueva-movilizacion","status":"publish","type":"post","link":"https:\/\/infotep.com.ar\/index.php\/2025\/09\/26\/colectivo-en-discapacidad-convoca-a-una-nueva-movilizacion\/","title":{"rendered":"Colectivo en discapacidad convoca a una nueva movilizaci\u00f3n"},"content":{"rendered":"\n<p>El pr\u00f3ximo mi\u00e9rcoles 1\u00b0 de octubre a las 11 hs. en Plaza de Mayo, desde el Foro Permanente para la Promoci\u00f3n y la Defensa de los Derechos de las Personas con Discapacidad convoca a movilizarse para exigir la inmediata aplicaci\u00f3n de la Ley 27.793 de Emergencia en Discapacidad, recientemente promulgada por el Poder Ejecutivo pero postergada en su ejecuci\u00f3n.<\/p>\n\n\n\n<p>&#8220;La postergaci\u00f3n de esta ley constituye una grave vulneraci\u00f3n de derechos y un debilitamiento de nuestra democracia. Una norma votada y aprobada por el Congreso debe cumplirse: los derechos no pueden quedar a discreci\u00f3n del Gobierno&#8221;, se argument\u00f3.<\/p>\n\n\n\n<p>Tras el veto rechazado por el Congreso, el Gobierno promulg\u00f3 la Ley 27.793, que declara la Emergencia en Discapacidad hasta el 31 de diciembre de 2026.<\/p>\n\n\n\n<p>Sin embargo, la ejecuci\u00f3n qued\u00f3 suspendida hasta que el Congreso defina las fuentes de financiamiento e incluya las partidas en el presupuesto nacional.<\/p>\n\n\n\n<p><strong>Presupuesto y decreto complementarios:<br><\/strong><br> El Gobierno tambi\u00e9n public\u00f3 la Decisi\u00f3n Administrativa 24\/2025, que readec\u00faa partidas presupuestarias para la Agencia Nacional de Discapacidad a partir del 1\u00b0 de octubre, pero dejando claro que la aplicaci\u00f3n de la ley depender\u00e1 de que el Congreso apruebe el financiamiento.<br><br> Adem\u00e1s, a trav\u00e9s del Decreto 681\/2025, se oficializ\u00f3 la promulgaci\u00f3n de la ley, detallando el impacto fiscal proyectado y ratificando la suspensi\u00f3n de su ejecuci\u00f3n hasta tanto se definan los recursos.<\/p>\n\n\n\n<p>Manifestamos nuestro profundo descontento con un Gobierno que contin\u00faa desoyendo a una sociedad que ya le marc\u00f3 l\u00edmites claros en materia de derechos humanos b\u00e1sicos.<\/p>\n\n\n\n<p>&#8220;Desde el Foro Permanente hemos enviado una carta a organismos internacionales para informar sobre la grave situaci\u00f3n que atraviesan las personas con discapacidad en Argentina. En ella denunciamos la vulneraci\u00f3n de derechos, el incumplimiento de leyes clave como la Ley 27.793 y el impacto de las pol\u00edticas que afectan pensiones, prestaciones b\u00e1sicas y talleres protegidos&#8221;, se detall\u00f3.<\/p>\n\n\n\n<p>Y se explic\u00f3 que &#8220;con esta acci\u00f3n buscamos visibilizar la problem\u00e1tica y solicitar la atenci\u00f3n y solidaridad de la comunidad internacional, recordando al Estado argentino su obligaci\u00f3n de garantizar los derechos de este colectivo&#8221;.<\/p>\n\n\n\n<p><strong>La carta<\/strong><\/p>\n\n\n\n<p>El Foro Permanente para la Promoci\u00f3n y Defensa de los Derechos de las Personas con Discapacidad, record\u00f3 que desde 1997 impulsa acciones destinadas a la implementaci\u00f3n de pol\u00edticas inclusivas en la Argentina y a visibilizar las reiteradas vulneraciones de derechos que enfrenta esta poblaci\u00f3n, desea poner en conocimiento de la comunidad internacional y de las organizaciones vinculadas la grave situaci\u00f3n que actualmente atraviesa nuestro pa\u00eds.<\/p>\n\n\n\n<p>Y, se alert\u00f3: &#8220;lamentablemente, el Gobierno encabezado por Javier Milei no ha impulsado pol\u00edticas favorables para esta poblaci\u00f3n. Desde el inicio de su gesti\u00f3n ha desplegado una campa\u00f1a de estigmatizaci\u00f3n, vinculando a las personas con discapacidad con supuestas irregularidades en el otorgamiento de pensiones, seg\u00fan su propia consideraci\u00f3n&#8221;.<\/p>\n\n\n\n<p>&#8220;Este gobierno, con el objetivo de reducir el gasto p\u00fablico, ha intentado eliminar las pensiones no contributivas que, en los \u00faltimos 20 a\u00f1os, se otorgaron a personas con discapacidad en situaci\u00f3n de pobreza, y no \u00fanicamente a quienes presentan una incapacidad laboral&#8221;, se marc\u00f3.<\/p>\n\n\n\n<p>Y desde el espacio se asegur\u00f3 que &#8220;esta intenci\u00f3n qued\u00f3 evidenciada en el proyecto de Presupuesto Nacional 2025, que finalmente no fue tratado en el Congreso de la Naci\u00f3n, donde se preve\u00eda la eliminaci\u00f3n de 270.000 pensiones no contributivas. Como parte de esta estrategia, el Gobierno dispuso una reevaluaci\u00f3n masiva de todos los titulares de dichas pensiones&#8221;.<\/p>\n\n\n\n<p>Se calific\u00f3: &#8220;esta auditor\u00eda ha sido fuertemente cuestionada a partir de numerosas denuncias de irregularidades, tales como: telegramas de convocatoria que nunca fueron recibidos; exigencias de estudios innecesarios o de dif\u00edcil realizaci\u00f3n en los plazos fijados; citaciones en lugares inexistentes; turnos de atenci\u00f3n en condiciones que no respetaban la situaci\u00f3n de discapacidad de las personas; y bajas o suspensiones sin la debida notificaci\u00f3n&#8221;.<\/p>\n\n\n\n<p>&#8220;La baja o suspensi\u00f3n de aproximadamente 120.000 pensiones est\u00e1 siendo actualmente objeto de impugnaciones legales impulsadas por diversas organizaciones y por organismos gubernamentales de distintas provincias&#8221;, se expres\u00f3..<\/p>\n\n\n\n<p>A esta situaci\u00f3n se suma el atraso en la actualizaci\u00f3n arancelaria que padecen los prestadores de servicios para personas con discapacidad. Esta falta de actualizaci\u00f3n ha puesto en seria crisis al sistema de prestaciones b\u00e1sicas, regulado por la Ley 24.901, que obliga a obras sociales, empresas de medicina prepaga, al Estado y al Instituto de Servicios Sociales para Jubilados y Pensionados a garantizar la atenci\u00f3n de aproximadamente 250.000 personas con discapacidad.<\/p>\n\n\n\n<p>Durante 2024, el aumento de los aranceles de estos servicios se mantuvo por debajo del incremento del costo de vida en la Argentina. En lo que va de 2025, no se ha dispuesto ninguna actualizaci\u00f3n, a pesar de que el \u00cdndice de Precios al Consumidor (IPC) ya supera el 19% en el presente a\u00f1o.<\/p>\n\n\n\n<p>El apoyo del Estado Nacional destinado a m\u00e1s de 6.000 trabajadores con discapacidad de los Talleres Protegidos se mantiene, desde febrero de 2023, en apenas $28.000 mensuales (equivalentes a aproximadamente 20 d\u00f3lares estadounidenses).<\/p>\n\n\n\n<p>La Ley 27.793 de Emergencia en Discapacidad, que contemplaba diversas medidas para dar respuesta a esta cr\u00edtica situaci\u00f3n, fue vetada por el Presidente de la Naci\u00f3n, Javier Milei. Posteriormente, el Congreso rechaz\u00f3 dicho veto y reafirm\u00f3 la vigencia de la ley. Sin embargo, el Poder Ejecutivo, aun habiendo promulgado la norma, ha suspendido su aplicaci\u00f3n hasta que el Congreso determine las fuentes de financiamiento para cubrir los gastos que implica.<\/p>\n\n\n\n<p>Se destac\u00f3 que &#8220;el Gobierno no ha presentado obst\u00e1culos para destinar recursos a otros fines, mientras que, frente a esta problem\u00e1tica, exige precisiones adicionales al Congreso, generando una dilataci\u00f3n injustificada en la ejecuci\u00f3n de la ley&#8221;.<\/p>\n\n\n\n<p>&#8220;Por todos estos motivos, albergamos la esperanza de que la comunidad internacional exprese su preocupaci\u00f3n al Gobierno Argentino, record\u00e1ndole la obligaci\u00f3n que tiene con esta poblaci\u00f3n. Confiamos en la solidaridad internacional para que esta situaci\u00f3n encuentre una respuesta justa. Agradecemos su atenci\u00f3n y quedamos a disposici\u00f3n para ampliar la informaci\u00f3n que consideren necesaria&#8221;.<\/p>\n","protected":false},"excerpt":{"rendered":"<p>El pr&oacute;ximo mi&eacute;rcoles 1&deg; de octubre a las 11 hs. en Plaza de Mayo, desde el Foro Permanente para la Promoci&oacute;n y la Defensa de los Derechos de las Personas con Discapacidad convoca a movilizarse para exigir la inmediata aplicaci&oacute;n de la Ley 27.793 de Emergencia en Discapacidad, recientemente promulgada por el Poder Ejecutivo pero &hellip; <\/p>\n","protected":false},"author":5,"featured_media":24350,"comment_status":"closed","ping_status":"closed","sticky":false,"template":"","format":"standard","meta":{"om_disable_all_campaigns":false,"_joinchat":[]},"categories":[31,3],"tags":[46,43,569],"featured_image_urls":{"full":["https:\/\/infotep.com.ar\/wp-content\/uploads\/2025\/06\/disca.webp",1079,720,false],"thumbnail":["https:\/\/infotep.com.ar\/wp-content\/uploads\/2025\/06\/disca-150x150.webp",150,150,true],"medium":["https:\/\/infotep.com.ar\/wp-content\/uploads\/2025\/06\/disca-300x200.webp",300,200,true],"medium_large":["https:\/\/infotep.com.ar\/wp-content\/uploads\/2025\/06\/disca-768x512.webp",768,512,true],"large":["https:\/\/infotep.com.ar\/wp-content\/uploads\/2025\/06\/disca-1024x683.webp",1020,680,true],"1536x1536":["https:\/\/infotep.com.ar\/wp-content\/uploads\/2025\/06\/disca.webp",1079,720,false],"2048x2048":["https:\/\/infotep.com.ar\/wp-content\/uploads\/2025\/06\/disca.webp",1079,720,false],"blossom-feminine-slider":["https:\/\/infotep.com.ar\/wp-content\/uploads\/2025\/06\/disca-1079x649.webp",1079,649,true],"blossom-feminine-featured":["https:\/\/infotep.com.ar\/wp-content\/uploads\/2025\/06\/disca-1079x600.webp",1079,600,true],"blossom-feminine-with-sidebar":["https:\/\/infotep.com.ar\/wp-content\/uploads\/2025\/06\/disca-1020x600.webp",1020,600,true],"blossom-feminine-blog":["https:\/\/infotep.com.ar\/wp-content\/uploads\/2025\/06\/disca-435x435.webp",435,435,true],"blossom-feminine-cat":["https:\/\/infotep.com.ar\/wp-content\/uploads\/2025\/06\/disca-450x300.webp",450,300,true],"blossom-feminine-related":["https:\/\/infotep.com.ar\/wp-content\/uploads\/2025\/06\/disca-320x200.webp",320,200,true],"blossom-feminine-schema":["https:\/\/infotep.com.ar\/wp-content\/uploads\/2025\/06\/disca-90x60.webp",90,60,true],"blossom-mommy-blog-slider-big":["https:\/\/infotep.com.ar\/wp-content\/uploads\/2025\/06\/disca-920x650.webp",920,650,true],"blossom-mommy-blog-slider":["https:\/\/infotep.com.ar\/wp-content\/uploads\/2025\/06\/disca-460x310.webp",460,310,true],"blossom-mommy-blog-two":["https:\/\/infotep.com.ar\/wp-content\/uploads\/2025\/06\/disca-768x480.webp",768,480,true]},"author_info":{"info":["Angela Tobar"]},"category_info":"<a href=\"https:\/\/infotep.com.ar\/index.php\/category\/destacadas\/\" rel=\"category tag\">Destacadas<\/a> <a href=\"https:\/\/infotep.com.ar\/index.php\/category\/nacionales\/\" rel=\"category tag\">Nacionales<\/a>","tag_info":"Nacionales","comment_count":"0","_links":{"self":[{"href":"https:\/\/infotep.com.ar\/index.php\/wp-json\/wp\/v2\/posts\/28027"}],"collection":[{"href":"https:\/\/infotep.com.ar\/index.php\/wp-json\/wp\/v2\/posts"}],"about":[{"href":"https:\/\/infotep.com.ar\/index.php\/wp-json\/wp\/v2\/types\/post"}],"author":[{"embeddable":true,"href":"https:\/\/infotep.com.ar\/index.php\/wp-json\/wp\/v2\/users\/5"}],"replies":[{"embeddable":true,"href":"https:\/\/infotep.com.ar\/index.php\/wp-json\/wp\/v2\/comments?post=28027"}],"version-history":[{"count":2,"href":"https:\/\/infotep.com.ar\/index.php\/wp-json\/wp\/v2\/posts\/28027\/revisions"}],"predecessor-version":[{"id":28049,"href":"https:\/\/infotep.com.ar\/index.php\/wp-json\/wp\/v2\/posts\/28027\/revisions\/28049"}],"wp:featuredmedia":[{"embeddable":true,"href":"https:\/\/infotep.com.ar\/index.php\/wp-json\/wp\/v2\/media\/24350"}],"wp:attachment":[{"href":"https:\/\/infotep.com.ar\/index.php\/wp-json\/wp\/v2\/media?parent=28027"}],"wp:term":[{"taxonomy":"category","embeddable":true,"href":"https:\/\/infotep.com.ar\/index.php\/wp-json\/wp\/v2\/categories?post=28027"},{"taxonomy":"post_tag","embeddable":true,"href":"https:\/\/infotep.com.ar\/index.php\/wp-json\/wp\/v2\/tags?post=28027"}],"curies":[{"name":"wp","href":"https:\/\/api.w.org\/{rel}","templated":true}]}}