{"id":28056,"date":"2025-09-29T00:00:00","date_gmt":"2025-09-29T03:00:00","guid":{"rendered":"https:\/\/infotep.com.ar\/?p=28056"},"modified":"2025-09-28T23:20:15","modified_gmt":"2025-09-29T02:20:15","slug":"sandra-rey-la-situacion-de-las-pymes-es-muy-critica-y-las-maquinas-no-logran-ponerse-en-marcha","status":"publish","type":"post","link":"https:\/\/infotep.com.ar\/index.php\/2025\/09\/29\/sandra-rey-la-situacion-de-las-pymes-es-muy-critica-y-las-maquinas-no-logran-ponerse-en-marcha\/","title":{"rendered":"Sandra Rey: \u201cLa situaci\u00f3n de las Pymes es muy cr\u00edtica y las m\u00e1quinas no logran ponerse en marcha\u201d"},"content":{"rendered":"\n<p class=\"has-white-background-color has-background\">As\u00ed lo analiz\u00f3 la secretar\u00eda de Innovaci\u00f3n, Tecnolog\u00eda, Transparencia y Asuntos Estrat\u00e9gicos de Ituzaing\u00f3 y referente de CGERA nacional, Sandra Rey al marcar la \u201cdif\u00edcil\u201d situaci\u00f3n que atraviesa el sector de las peque\u00f1as y medianas empresas.<br><br><strong>Rey, detall\u00f3 que \u201ceste duro contexto\u201d, es el resultado directo de tres factores determinantes, que son \u201cla ca\u00edda del consumo, el freno de la producci\u00f3n y el aumento de las importaciones, lo que agrega la preocupaci\u00f3n sobre el futuro de miles de puestos de trabajo\u201d. <br><\/strong><br>Y advirti\u00f3 que \u201cse esperaba que el gobierno nacional despu\u00e9s del mensaje de las urnas el pasado 7 de septiembre, modifique el rumbo de la econom\u00eda a favor de los y las trabajadores, pero entendemos que, por el contrario, se reforz\u00f3 el rumbo del ajuste que da\u00f1a todo el tejido productivo\u201d.<br><br>La referente de CGERA, mostr\u00f3 preocupaci\u00f3n por \u201cla continuidad de un plan que excluye al sector productivo y que tiene como resultado la asfixia de las peque\u00f1as y medianas empresas que se encuentran en una situaci\u00f3n de desventaja ante una apertura indiscriminada de las importaciones, sumado al aumento de los costos de la producci\u00f3n\u201d.<br><br>Por lo que inmediatamente reafirm\u00f3, que \u201cdesde hace dos a\u00f1os buscamos enlaces y canales de di\u00e1logo, pero es muy dif\u00edcil. Se present\u00f3 desde el sector, la necesidad de generar un plan que atienda a la microeconom\u00eda para poder sostener, el empleo, el consumo, la producci\u00f3n y la tranquilidad social, a\u00fan esperamos respuestas positivas\u201d.<br><br>Finalmente, cuestion\u00f3 el proyecto de Presupuesto presentado por el presidente Javier Milei, al marcar que \u201cno contempla a la producci\u00f3n nacional y los n\u00fameros presentados no favorecen a las Pymes y hay que dejar en claro que sin ellas no va a existir una garant\u00eda genuina para seguir generando empleo de calidad, ni el contexto econ\u00f3mico que permita el desarrollo de la Naci\u00f3n\u201d.<\/p>\n","protected":false},"excerpt":{"rendered":"<p>As&iacute; lo analiz&oacute; la secretar&iacute;a de Innovaci&oacute;n, Tecnolog&iacute;a, Transparencia y Asuntos Estrat&eacute;gicos de Ituzaing&oacute; y referente de CGERA nacional, Sandra Rey al marcar la &ldquo;dif&iacute;cil&rdquo; situaci&oacute;n que atraviesa el sector de las peque&ntilde;as y medianas empresas. Rey, detall&oacute; que &ldquo;este duro contexto&rdquo;, es el resultado directo de tres factores determinantes, que son &ldquo;la ca&iacute;da del &hellip; <\/p>\n","protected":false},"author":5,"featured_media":28057,"comment_status":"closed","ping_status":"closed","sticky":false,"template":"","format":"standard","meta":{"om_disable_all_campaigns":false,"_joinchat":[]},"categories":[31,7,8],"tags":[46,43,569],"featured_image_urls":{"full":["https:\/\/infotep.com.ar\/wp-content\/uploads\/2025\/09\/Sandra-Rey-Cgera-3.jpeg",778,427,false],"thumbnail":["https:\/\/infotep.com.ar\/wp-content\/uploads\/2025\/09\/Sandra-Rey-Cgera-3-150x150.jpeg",150,150,true],"medium":["https:\/\/infotep.com.ar\/wp-content\/uploads\/2025\/09\/Sandra-Rey-Cgera-3-300x165.jpeg",300,165,true],"medium_large":["https:\/\/infotep.com.ar\/wp-content\/uploads\/2025\/09\/Sandra-Rey-Cgera-3-768x422.jpeg",768,422,true],"large":["https:\/\/infotep.com.ar\/wp-content\/uploads\/2025\/09\/Sandra-Rey-Cgera-3.jpeg",778,427,false],"1536x1536":["https:\/\/infotep.com.ar\/wp-content\/uploads\/2025\/09\/Sandra-Rey-Cgera-3.jpeg",778,427,false],"2048x2048":["https:\/\/infotep.com.ar\/wp-content\/uploads\/2025\/09\/Sandra-Rey-Cgera-3.jpeg",778,427,false],"blossom-feminine-slider":["https:\/\/infotep.com.ar\/wp-content\/uploads\/2025\/09\/Sandra-Rey-Cgera-3.jpeg",778,427,false],"blossom-feminine-featured":["https:\/\/infotep.com.ar\/wp-content\/uploads\/2025\/09\/Sandra-Rey-Cgera-3.jpeg",778,427,false],"blossom-feminine-with-sidebar":["https:\/\/infotep.com.ar\/wp-content\/uploads\/2025\/09\/Sandra-Rey-Cgera-3.jpeg",778,427,false],"blossom-feminine-blog":["https:\/\/infotep.com.ar\/wp-content\/uploads\/2025\/09\/Sandra-Rey-Cgera-3-435x427.jpeg",435,427,true],"blossom-feminine-cat":["https:\/\/infotep.com.ar\/wp-content\/uploads\/2025\/09\/Sandra-Rey-Cgera-3-450x300.jpeg",450,300,true],"blossom-feminine-related":["https:\/\/infotep.com.ar\/wp-content\/uploads\/2025\/09\/Sandra-Rey-Cgera-3-320x200.jpeg",320,200,true],"blossom-feminine-schema":["https:\/\/infotep.com.ar\/wp-content\/uploads\/2025\/09\/Sandra-Rey-Cgera-3-109x60.jpeg",109,60,true],"blossom-mommy-blog-slider-big":["https:\/\/infotep.com.ar\/wp-content\/uploads\/2025\/09\/Sandra-Rey-Cgera-3.jpeg",778,427,false],"blossom-mommy-blog-slider":["https:\/\/infotep.com.ar\/wp-content\/uploads\/2025\/09\/Sandra-Rey-Cgera-3-460x310.jpeg",460,310,true],"blossom-mommy-blog-two":["https:\/\/infotep.com.ar\/wp-content\/uploads\/2025\/09\/Sandra-Rey-Cgera-3-768x427.jpeg",768,427,true]},"author_info":{"info":["Angela Tobar"]},"category_info":"<a href=\"https:\/\/infotep.com.ar\/index.php\/category\/destacadas\/\" rel=\"category tag\">Destacadas<\/a> <a href=\"https:\/\/infotep.com.ar\/index.php\/category\/gremios\/\" rel=\"category tag\">Gremios<\/a> <a href=\"https:\/\/infotep.com.ar\/index.php\/category\/municipales\/ituzaingo\/\" rel=\"category tag\">Ituzaing\u00f3<\/a>","tag_info":"Ituzaing\u00f3","comment_count":"0","_links":{"self":[{"href":"https:\/\/infotep.com.ar\/index.php\/wp-json\/wp\/v2\/posts\/28056"}],"collection":[{"href":"https:\/\/infotep.com.ar\/index.php\/wp-json\/wp\/v2\/posts"}],"about":[{"href":"https:\/\/infotep.com.ar\/index.php\/wp-json\/wp\/v2\/types\/post"}],"author":[{"embeddable":true,"href":"https:\/\/infotep.com.ar\/index.php\/wp-json\/wp\/v2\/users\/5"}],"replies":[{"embeddable":true,"href":"https:\/\/infotep.com.ar\/index.php\/wp-json\/wp\/v2\/comments?post=28056"}],"version-history":[{"count":1,"href":"https:\/\/infotep.com.ar\/index.php\/wp-json\/wp\/v2\/posts\/28056\/revisions"}],"predecessor-version":[{"id":28058,"href":"https:\/\/infotep.com.ar\/index.php\/wp-json\/wp\/v2\/posts\/28056\/revisions\/28058"}],"wp:featuredmedia":[{"embeddable":true,"href":"https:\/\/infotep.com.ar\/index.php\/wp-json\/wp\/v2\/media\/28057"}],"wp:attachment":[{"href":"https:\/\/infotep.com.ar\/index.php\/wp-json\/wp\/v2\/media?parent=28056"}],"wp:term":[{"taxonomy":"category","embeddable":true,"href":"https:\/\/infotep.com.ar\/index.php\/wp-json\/wp\/v2\/categories?post=28056"},{"taxonomy":"post_tag","embeddable":true,"href":"https:\/\/infotep.com.ar\/index.php\/wp-json\/wp\/v2\/tags?post=28056"}],"curies":[{"name":"wp","href":"https:\/\/api.w.org\/{rel}","templated":true}]}}