{"id":28097,"date":"2025-09-29T00:24:37","date_gmt":"2025-09-29T03:24:37","guid":{"rendered":"https:\/\/infotep.com.ar\/?p=28097"},"modified":"2025-09-29T00:24:38","modified_gmt":"2025-09-29T03:24:38","slug":"desarrollo-de-la-comunidad-entrego-escrituras-a-familias-de-marcos-paz","status":"publish","type":"post","link":"https:\/\/infotep.com.ar\/index.php\/2025\/09\/29\/desarrollo-de-la-comunidad-entrego-escrituras-a-familias-de-marcos-paz\/","title":{"rendered":"Desarrollo de la Comunidad entreg\u00f3 escrituras a familias de Marcos Paz"},"content":{"rendered":"\n<p>El subsecretario Rub\u00e9n Pascolini encabez\u00f3 la jornada junto al intendente Ricardo Curutchet. Adem\u00e1s, la Provincia avanza en la generaci\u00f3n de suelo urbano y en el financiamiento de infraestructura.<\/p>\n\n\n\n<p>Como parte de las pol\u00edticas de acceso al h\u00e1bitat que impulsa el Ministerio de Desarrollo de la Comunidad de la Provincia de Buenos Aires, 70 familias de Marcos Paz recibieron el t\u00edtulo de propiedad de sus viviendas. La jornada estuvo encabezada por el subsecretario de H\u00e1bitat de la Comunidad, Rub\u00e9n Pascolini y el intendente Ricardo Curutchet junto a autoridades locales, en un acto realizado en el Paseo Cultural del distrito.<\/p>\n\n\n\n<p>Esta pol\u00edtica es impulsada desde el inicio de la gesti\u00f3n del gobernador Axel Kicillof y tiene como eje garantizar el derecho a la vivienda y consolidar el arraigo en cada comunidad.<\/p>\n\n\n\n<p>La actividad se desarroll\u00f3 como parte de un proceso de trabajo sostenido que lleva adelante la cartera a cargo del ministro Andr\u00e9s Larroque, a trav\u00e9s de la Subsecretar\u00eda de H\u00e1bitat, que ya entreg\u00f3 m\u00e1s de 4.000 escrituras en lo que va de 2025, alcanzando a m\u00e1s de 20.000 familias bonaerenses que desde 2020 accedieron a la seguridad jur\u00eddica sobre sus hogares en el marco de la Ley 24.374 de Regularizaci\u00f3n Dominial.<\/p>\n\n\n\n<p>Pascolini agradeci\u00f3 la colaboraci\u00f3n de las familias y resalt\u00f3 que &#8220;el trabajo conjunto entre la Provincia y el municipio, con el acompa\u00f1amiento de la comunidad, hace posible el acceso a derechos fundamentales para las y los bonaerenses\u201d.<\/p>\n\n\n\n<p>\u201cEstamos cumpliendo con una preocupaci\u00f3n del gobernador Kicillof y el ministro Larroque que nos encomendaron esta tarea\u201d sostuvo y remarc\u00f3 que \u201cel Estado decidi\u00f3 acompa\u00f1ar a las familias y estas escrituras implican m\u00e1s derechos\u201d.<\/p>\n\n\n\n<p>Curutchet, en tanto, expres\u00f3 su agradecimiento \u201cal gobernador Kicillof y al ministro Larroque, por la decisi\u00f3n de avanzar en este proceso\u201d, y a los escribanos y todas las \u00e1reas del Municipio \u201cque hacen un trabajo silencioso\u201d. Al mismo tiempo, destac\u00f3 la articulaci\u00f3n entre \u201cel Estado municipal y provincial que aportaron su granito de arena para que 70 familias tengan de manera definitiva su escritura\u201d.<\/p>\n\n\n\n<p>Tambi\u00e9n estuvo presente la escribana regularizadora Susana Isabel Mart\u00ednez. De esta forma, el Gobierno bonaerense cumple con lo establecido en el art\u00edculo 36 inc. 7 de la Constituci\u00f3n de la provincia de Buenos Aires, que promueve el acceso a la vivienda \u00fanica y la constituci\u00f3n del hogar como bien de familia.<\/p>\n\n\n\n<p><strong>Generaci\u00f3n de suelo y equipamiento comunitario<br><\/strong>Adem\u00e1s de la regularizaci\u00f3n dominial, desde la Subsecretar\u00eda de H\u00e1bitat del Ministerio de Desarrollo de la Comunidad, se avanza en la producci\u00f3n de suelo urbano a trav\u00e9s del programa Lotes con Servicios, contemplado en la Ley de Acceso Justo al H\u00e1bitat, que ya gener\u00f3 m\u00e1s de 50 lotes que ser\u00e1n destinados a familias de Marcos Paz con necesidades habitacionales.<\/p>\n\n\n\n<p>En paralelo, el gobierno provincial invertir\u00e1 cerca de 80 millones de pesos en infraestructura comunitaria. El financiamiento permitir\u00e1 culminar el Sal\u00f3n de Usos M\u00faltiples (SUM) de la Comunidad en el barrio Toba 19 de Abril, que funcionar\u00e1 como espacio de encuentro y esparcimiento, y construir tres playones deportivos que potenciar\u00e1n la integraci\u00f3n barrial y el acceso a actividades recreativas.<\/p>\n","protected":false},"excerpt":{"rendered":"<p>El subsecretario Rub&eacute;n Pascolini encabez&oacute; la jornada junto al intendente Ricardo Curutchet. Adem&aacute;s, la Provincia avanza en la generaci&oacute;n de suelo urbano y en el financiamiento de infraestructura. Como parte de las pol&iacute;ticas de acceso al h&aacute;bitat que impulsa el Ministerio de Desarrollo de la Comunidad de la Provincia de Buenos Aires, 70 familias de &hellip; <\/p>\n","protected":false},"author":5,"featured_media":28098,"comment_status":"closed","ping_status":"closed","sticky":false,"template":"","format":"standard","meta":{"om_disable_all_campaigns":false,"_joinchat":[]},"categories":[4],"tags":[46,43,569],"featured_image_urls":{"full":["https:\/\/infotep.com.ar\/wp-content\/uploads\/2025\/09\/WhatsApp-Image-2025-09-27-at-19.44.03-1.jpeg",700,489,false],"thumbnail":["https:\/\/infotep.com.ar\/wp-content\/uploads\/2025\/09\/WhatsApp-Image-2025-09-27-at-19.44.03-1-150x150.jpeg",150,150,true],"medium":["https:\/\/infotep.com.ar\/wp-content\/uploads\/2025\/09\/WhatsApp-Image-2025-09-27-at-19.44.03-1-300x210.jpeg",300,210,true],"medium_large":["https:\/\/infotep.com.ar\/wp-content\/uploads\/2025\/09\/WhatsApp-Image-2025-09-27-at-19.44.03-1.jpeg",700,489,false],"large":["https:\/\/infotep.com.ar\/wp-content\/uploads\/2025\/09\/WhatsApp-Image-2025-09-27-at-19.44.03-1.jpeg",700,489,false],"1536x1536":["https:\/\/infotep.com.ar\/wp-content\/uploads\/2025\/09\/WhatsApp-Image-2025-09-27-at-19.44.03-1.jpeg",700,489,false],"2048x2048":["https:\/\/infotep.com.ar\/wp-content\/uploads\/2025\/09\/WhatsApp-Image-2025-09-27-at-19.44.03-1.jpeg",700,489,false],"blossom-feminine-slider":["https:\/\/infotep.com.ar\/wp-content\/uploads\/2025\/09\/WhatsApp-Image-2025-09-27-at-19.44.03-1.jpeg",700,489,false],"blossom-feminine-featured":["https:\/\/infotep.com.ar\/wp-content\/uploads\/2025\/09\/WhatsApp-Image-2025-09-27-at-19.44.03-1.jpeg",700,489,false],"blossom-feminine-with-sidebar":["https:\/\/infotep.com.ar\/wp-content\/uploads\/2025\/09\/WhatsApp-Image-2025-09-27-at-19.44.03-1.jpeg",700,489,false],"blossom-feminine-blog":["https:\/\/infotep.com.ar\/wp-content\/uploads\/2025\/09\/WhatsApp-Image-2025-09-27-at-19.44.03-1-435x435.jpeg",435,435,true],"blossom-feminine-cat":["https:\/\/infotep.com.ar\/wp-content\/uploads\/2025\/09\/WhatsApp-Image-2025-09-27-at-19.44.03-1-450x300.jpeg",450,300,true],"blossom-feminine-related":["https:\/\/infotep.com.ar\/wp-content\/uploads\/2025\/09\/WhatsApp-Image-2025-09-27-at-19.44.03-1-320x200.jpeg",320,200,true],"blossom-feminine-schema":["https:\/\/infotep.com.ar\/wp-content\/uploads\/2025\/09\/WhatsApp-Image-2025-09-27-at-19.44.03-1-86x60.jpeg",86,60,true],"blossom-mommy-blog-slider-big":["https:\/\/infotep.com.ar\/wp-content\/uploads\/2025\/09\/WhatsApp-Image-2025-09-27-at-19.44.03-1.jpeg",700,489,false],"blossom-mommy-blog-slider":["https:\/\/infotep.com.ar\/wp-content\/uploads\/2025\/09\/WhatsApp-Image-2025-09-27-at-19.44.03-1-460x310.jpeg",460,310,true],"blossom-mommy-blog-two":["https:\/\/infotep.com.ar\/wp-content\/uploads\/2025\/09\/WhatsApp-Image-2025-09-27-at-19.44.03-1-700x480.jpeg",700,480,true]},"author_info":{"info":["Angela Tobar"]},"category_info":"<a href=\"https:\/\/infotep.com.ar\/index.php\/category\/provinciales\/\" rel=\"category tag\">Provinciales<\/a>","tag_info":"Provinciales","comment_count":"0","_links":{"self":[{"href":"https:\/\/infotep.com.ar\/index.php\/wp-json\/wp\/v2\/posts\/28097"}],"collection":[{"href":"https:\/\/infotep.com.ar\/index.php\/wp-json\/wp\/v2\/posts"}],"about":[{"href":"https:\/\/infotep.com.ar\/index.php\/wp-json\/wp\/v2\/types\/post"}],"author":[{"embeddable":true,"href":"https:\/\/infotep.com.ar\/index.php\/wp-json\/wp\/v2\/users\/5"}],"replies":[{"embeddable":true,"href":"https:\/\/infotep.com.ar\/index.php\/wp-json\/wp\/v2\/comments?post=28097"}],"version-history":[{"count":1,"href":"https:\/\/infotep.com.ar\/index.php\/wp-json\/wp\/v2\/posts\/28097\/revisions"}],"predecessor-version":[{"id":28099,"href":"https:\/\/infotep.com.ar\/index.php\/wp-json\/wp\/v2\/posts\/28097\/revisions\/28099"}],"wp:featuredmedia":[{"embeddable":true,"href":"https:\/\/infotep.com.ar\/index.php\/wp-json\/wp\/v2\/media\/28098"}],"wp:attachment":[{"href":"https:\/\/infotep.com.ar\/index.php\/wp-json\/wp\/v2\/media?parent=28097"}],"wp:term":[{"taxonomy":"category","embeddable":true,"href":"https:\/\/infotep.com.ar\/index.php\/wp-json\/wp\/v2\/categories?post=28097"},{"taxonomy":"post_tag","embeddable":true,"href":"https:\/\/infotep.com.ar\/index.php\/wp-json\/wp\/v2\/tags?post=28097"}],"curies":[{"name":"wp","href":"https:\/\/api.w.org\/{rel}","templated":true}]}}