{"id":28100,"date":"2025-09-29T00:25:48","date_gmt":"2025-09-29T03:25:48","guid":{"rendered":"https:\/\/infotep.com.ar\/?p=28100"},"modified":"2025-09-29T00:25:49","modified_gmt":"2025-09-29T03:25:49","slug":"el-registro-de-las-personas-ya-cuenta-con-una-nueva-oficina-descentralizada-en-canuelas","status":"publish","type":"post","link":"https:\/\/infotep.com.ar\/index.php\/2025\/09\/29\/el-registro-de-las-personas-ya-cuenta-con-una-nueva-oficina-descentralizada-en-canuelas\/","title":{"rendered":"El Registro de las Personas ya cuenta con una nueva oficina descentralizada en Ca\u00f1uelas"},"content":{"rendered":"\n<p>Fue inaugurada por la jefa de Asesores, Cristina Alvarez Rodr\u00edguez y la intendenta local, Marisa Fassi. Se trata de la cuarta delegaci\u00f3n en el municipio.<\/p>\n\n\n\n<p>La jefa de Asesores del Gobernador, Cristina Alvarez Rodr\u00edguez; la intendenta local, Marisa Fassi y la directora del Registro Provincial de las Personas, Silvina Ojeda inauguraron la cuarta dependencia registral en Ca\u00f1uelas.<\/p>\n\n\n\n<p>La nueva delegaci\u00f3n impactar\u00e1 positivamente en los m\u00e1s de 50.000 habitantes del municipio.<\/p>\n\n\n\n<p>\u201cEste Registro que se abre, como le gusta decir al gobernador Axel Kicillof, es un Registro para que nadie se quede sin derechos. La Provincia trabaja todos los d\u00edas por mejor educaci\u00f3n, mejor seguridad, mejor salud, mejor documentaci\u00f3n. Cuando abrimos una nueva delegaci\u00f3n estamos abriendo una puerta de acceso a todos los derechos\u201d, concluy\u00f3 Alvarez Rodr\u00edguez.<\/p>\n\n\n\n<p>La nueva oficina del Registro est\u00e1 ubicada en el Barrio San Esteban. Permitir\u00e1 que los vecinos y vecinas del corredor de la Ruta 3 puedan resolver sus gestiones sin tener que viajar, de un modo \u00e1gil y eficiente.<\/p>\n\n\n\n<p>Durante 2024 se realizaron 14.373 tr\u00e1mites registrales en todo el municipio. En lo que va del a\u00f1o ya se alcanzaron las 9.170 gestiones.<\/p>\n","protected":false},"excerpt":{"rendered":"<p>Fue inaugurada por la jefa de Asesores, Cristina Alvarez Rodr&iacute;guez y la intendenta local, Marisa Fassi. Se trata de la cuarta delegaci&oacute;n en el municipio. La jefa de Asesores del Gobernador, Cristina Alvarez Rodr&iacute;guez; la intendenta local, Marisa Fassi y la directora del Registro Provincial de las Personas, Silvina Ojeda inauguraron la cuarta dependencia registral &hellip; <\/p>\n","protected":false},"author":5,"featured_media":28101,"comment_status":"closed","ping_status":"closed","sticky":false,"template":"","format":"standard","meta":{"om_disable_all_campaigns":false,"_joinchat":[]},"categories":[4],"tags":[46,43,569],"featured_image_urls":{"full":["https:\/\/infotep.com.ar\/wp-content\/uploads\/2025\/09\/canuelas-final.jpg",650,433,false],"thumbnail":["https:\/\/infotep.com.ar\/wp-content\/uploads\/2025\/09\/canuelas-final-150x150.jpg",150,150,true],"medium":["https:\/\/infotep.com.ar\/wp-content\/uploads\/2025\/09\/canuelas-final-300x200.jpg",300,200,true],"medium_large":["https:\/\/infotep.com.ar\/wp-content\/uploads\/2025\/09\/canuelas-final.jpg",650,433,false],"large":["https:\/\/infotep.com.ar\/wp-content\/uploads\/2025\/09\/canuelas-final.jpg",650,433,false],"1536x1536":["https:\/\/infotep.com.ar\/wp-content\/uploads\/2025\/09\/canuelas-final.jpg",650,433,false],"2048x2048":["https:\/\/infotep.com.ar\/wp-content\/uploads\/2025\/09\/canuelas-final.jpg",650,433,false],"blossom-feminine-slider":["https:\/\/infotep.com.ar\/wp-content\/uploads\/2025\/09\/canuelas-final.jpg",650,433,false],"blossom-feminine-featured":["https:\/\/infotep.com.ar\/wp-content\/uploads\/2025\/09\/canuelas-final.jpg",650,433,false],"blossom-feminine-with-sidebar":["https:\/\/infotep.com.ar\/wp-content\/uploads\/2025\/09\/canuelas-final.jpg",650,433,false],"blossom-feminine-blog":["https:\/\/infotep.com.ar\/wp-content\/uploads\/2025\/09\/canuelas-final-435x433.jpg",435,433,true],"blossom-feminine-cat":["https:\/\/infotep.com.ar\/wp-content\/uploads\/2025\/09\/canuelas-final-450x300.jpg",450,300,true],"blossom-feminine-related":["https:\/\/infotep.com.ar\/wp-content\/uploads\/2025\/09\/canuelas-final-320x200.jpg",320,200,true],"blossom-feminine-schema":["https:\/\/infotep.com.ar\/wp-content\/uploads\/2025\/09\/canuelas-final-90x60.jpg",90,60,true],"blossom-mommy-blog-slider-big":["https:\/\/infotep.com.ar\/wp-content\/uploads\/2025\/09\/canuelas-final.jpg",650,433,false],"blossom-mommy-blog-slider":["https:\/\/infotep.com.ar\/wp-content\/uploads\/2025\/09\/canuelas-final-460x310.jpg",460,310,true],"blossom-mommy-blog-two":["https:\/\/infotep.com.ar\/wp-content\/uploads\/2025\/09\/canuelas-final.jpg",650,433,false]},"author_info":{"info":["Angela Tobar"]},"category_info":"<a href=\"https:\/\/infotep.com.ar\/index.php\/category\/provinciales\/\" rel=\"category tag\">Provinciales<\/a>","tag_info":"Provinciales","comment_count":"0","_links":{"self":[{"href":"https:\/\/infotep.com.ar\/index.php\/wp-json\/wp\/v2\/posts\/28100"}],"collection":[{"href":"https:\/\/infotep.com.ar\/index.php\/wp-json\/wp\/v2\/posts"}],"about":[{"href":"https:\/\/infotep.com.ar\/index.php\/wp-json\/wp\/v2\/types\/post"}],"author":[{"embeddable":true,"href":"https:\/\/infotep.com.ar\/index.php\/wp-json\/wp\/v2\/users\/5"}],"replies":[{"embeddable":true,"href":"https:\/\/infotep.com.ar\/index.php\/wp-json\/wp\/v2\/comments?post=28100"}],"version-history":[{"count":1,"href":"https:\/\/infotep.com.ar\/index.php\/wp-json\/wp\/v2\/posts\/28100\/revisions"}],"predecessor-version":[{"id":28102,"href":"https:\/\/infotep.com.ar\/index.php\/wp-json\/wp\/v2\/posts\/28100\/revisions\/28102"}],"wp:featuredmedia":[{"embeddable":true,"href":"https:\/\/infotep.com.ar\/index.php\/wp-json\/wp\/v2\/media\/28101"}],"wp:attachment":[{"href":"https:\/\/infotep.com.ar\/index.php\/wp-json\/wp\/v2\/media?parent=28100"}],"wp:term":[{"taxonomy":"category","embeddable":true,"href":"https:\/\/infotep.com.ar\/index.php\/wp-json\/wp\/v2\/categories?post=28100"},{"taxonomy":"post_tag","embeddable":true,"href":"https:\/\/infotep.com.ar\/index.php\/wp-json\/wp\/v2\/tags?post=28100"}],"curies":[{"name":"wp","href":"https:\/\/api.w.org\/{rel}","templated":true}]}}