{"id":28316,"date":"2025-10-05T00:16:59","date_gmt":"2025-10-05T03:16:59","guid":{"rendered":"https:\/\/infotep.com.ar\/?p=28316"},"modified":"2025-10-05T00:17:00","modified_gmt":"2025-10-05T03:17:00","slug":"pasantias-para-estudiantes-de-trabajo-social-en-el-ministerio-de-justicia-y-ddhh","status":"publish","type":"post","link":"https:\/\/infotep.com.ar\/index.php\/2025\/10\/05\/pasantias-para-estudiantes-de-trabajo-social-en-el-ministerio-de-justicia-y-ddhh\/","title":{"rendered":"Pasant\u00edas para estudiantes de Trabajo Social en el Ministerio de Justicia y DDHH"},"content":{"rendered":"\n<p>En el marco del convenio suscripto entre el Ministerio de Justicia y Derechos Humanos de la provincia de Buenos Aires y la Universidad Nacional de La Plata (UNLP).<\/p>\n\n\n\n<p>La Facultad de Trabajo Social recibir\u00e1 las postulaciones identificando que las mismas hayan sido presentadas en tiempo y forma.<\/p>\n\n\n\n<p>Requisitos para los\/as aspirantes<\/p>\n\n\n\n<ul>\n<li>Ser alumno\/a regular de la Carrera de Trabajo Social.<\/li>\n\n\n\n<li>Contar con al menos el cincuenta por ciento (50%) de las asignaturas aprobadas.<\/li>\n\n\n\n<li>Cursada de TS III aprobada<\/li>\n<\/ul>\n\n\n\n<p>Documentaci\u00f3n a presentar:<\/p>\n\n\n\n<ul>\n<li>DDJJ &#8211; Declaraci\u00f3n Jurada &#8211; dirigida a la Sra. Decana de la Facultad de Trabajo Social de la Universidad Nacional de La Plata Mar\u00eda Alejandra Wagner, declarando bajo juramento cumplir con los requisitos exigidos para la presente postulaci\u00f3n;<\/li>\n\n\n\n<li>Foto de DNI (Anverso y reverso), en formato pdf;<\/li>\n\n\n\n<li>Copia del Certificado Anal\u00edtico;<\/li>\n\n\n\n<li>CV actualizado (Curriculum Vitae);<\/li>\n<\/ul>\n\n\n\n<p>Enviar toda la documentaci\u00f3n respaldatoria en formato PDF UNIFICADO &#8211; sin excepci\u00f3n- , a la siguiente casilla de correo: dir.formacion.fts@gmail.com. El archivo deber\u00e1 llevar el nombre completo de quien se postula a la pasant\u00eda.<\/p>\n\n\n\n<p>La presente convocatoria se encontrar\u00e1 abierta desde el d\u00eda viernes 3 de octubre hasta el jueves 9 de octubre hasta las 14:00hs.<\/p>\n","protected":false},"excerpt":{"rendered":"<p>En el marco del convenio suscripto entre el Ministerio de Justicia y Derechos Humanos de la provincia de Buenos Aires y la Universidad Nacional de La Plata (UNLP). La Facultad de Trabajo Social recibir&aacute; las postulaciones identificando que las mismas hayan sido presentadas en tiempo y forma. Requisitos para los\/as aspirantes Documentaci&oacute;n a presentar: Enviar &hellip; <\/p>\n","protected":false},"author":5,"featured_media":28317,"comment_status":"closed","ping_status":"closed","sticky":false,"template":"","format":"standard","meta":{"om_disable_all_campaigns":false,"_joinchat":[]},"categories":[4,6],"tags":[46,43,569],"featured_image_urls":{"full":["https:\/\/infotep.com.ar\/wp-content\/uploads\/2025\/10\/foto2_1.jpeg",700,279,false],"thumbnail":["https:\/\/infotep.com.ar\/wp-content\/uploads\/2025\/10\/foto2_1-150x150.jpeg",150,150,true],"medium":["https:\/\/infotep.com.ar\/wp-content\/uploads\/2025\/10\/foto2_1-300x120.jpeg",300,120,true],"medium_large":["https:\/\/infotep.com.ar\/wp-content\/uploads\/2025\/10\/foto2_1.jpeg",700,279,false],"large":["https:\/\/infotep.com.ar\/wp-content\/uploads\/2025\/10\/foto2_1.jpeg",700,279,false],"1536x1536":["https:\/\/infotep.com.ar\/wp-content\/uploads\/2025\/10\/foto2_1.jpeg",700,279,false],"2048x2048":["https:\/\/infotep.com.ar\/wp-content\/uploads\/2025\/10\/foto2_1.jpeg",700,279,false],"blossom-feminine-slider":["https:\/\/infotep.com.ar\/wp-content\/uploads\/2025\/10\/foto2_1.jpeg",700,279,false],"blossom-feminine-featured":["https:\/\/infotep.com.ar\/wp-content\/uploads\/2025\/10\/foto2_1.jpeg",700,279,false],"blossom-feminine-with-sidebar":["https:\/\/infotep.com.ar\/wp-content\/uploads\/2025\/10\/foto2_1.jpeg",700,279,false],"blossom-feminine-blog":["https:\/\/infotep.com.ar\/wp-content\/uploads\/2025\/10\/foto2_1-435x279.jpeg",435,279,true],"blossom-feminine-cat":["https:\/\/infotep.com.ar\/wp-content\/uploads\/2025\/10\/foto2_1-450x279.jpeg",450,279,true],"blossom-feminine-related":["https:\/\/infotep.com.ar\/wp-content\/uploads\/2025\/10\/foto2_1-320x200.jpeg",320,200,true],"blossom-feminine-schema":["https:\/\/infotep.com.ar\/wp-content\/uploads\/2025\/10\/foto2_1-151x60.jpeg",151,60,true],"blossom-mommy-blog-slider-big":["https:\/\/infotep.com.ar\/wp-content\/uploads\/2025\/10\/foto2_1.jpeg",700,279,false],"blossom-mommy-blog-slider":["https:\/\/infotep.com.ar\/wp-content\/uploads\/2025\/10\/foto2_1-460x279.jpeg",460,279,true],"blossom-mommy-blog-two":["https:\/\/infotep.com.ar\/wp-content\/uploads\/2025\/10\/foto2_1.jpeg",700,279,false]},"author_info":{"info":["Angela Tobar"]},"category_info":"<a href=\"https:\/\/infotep.com.ar\/index.php\/category\/provinciales\/\" rel=\"category tag\">Provinciales<\/a> <a href=\"https:\/\/infotep.com.ar\/index.php\/category\/universitarias\/\" rel=\"category tag\">Universitarias<\/a>","tag_info":"Universitarias","comment_count":"0","_links":{"self":[{"href":"https:\/\/infotep.com.ar\/index.php\/wp-json\/wp\/v2\/posts\/28316"}],"collection":[{"href":"https:\/\/infotep.com.ar\/index.php\/wp-json\/wp\/v2\/posts"}],"about":[{"href":"https:\/\/infotep.com.ar\/index.php\/wp-json\/wp\/v2\/types\/post"}],"author":[{"embeddable":true,"href":"https:\/\/infotep.com.ar\/index.php\/wp-json\/wp\/v2\/users\/5"}],"replies":[{"embeddable":true,"href":"https:\/\/infotep.com.ar\/index.php\/wp-json\/wp\/v2\/comments?post=28316"}],"version-history":[{"count":1,"href":"https:\/\/infotep.com.ar\/index.php\/wp-json\/wp\/v2\/posts\/28316\/revisions"}],"predecessor-version":[{"id":28318,"href":"https:\/\/infotep.com.ar\/index.php\/wp-json\/wp\/v2\/posts\/28316\/revisions\/28318"}],"wp:featuredmedia":[{"embeddable":true,"href":"https:\/\/infotep.com.ar\/index.php\/wp-json\/wp\/v2\/media\/28317"}],"wp:attachment":[{"href":"https:\/\/infotep.com.ar\/index.php\/wp-json\/wp\/v2\/media?parent=28316"}],"wp:term":[{"taxonomy":"category","embeddable":true,"href":"https:\/\/infotep.com.ar\/index.php\/wp-json\/wp\/v2\/categories?post=28316"},{"taxonomy":"post_tag","embeddable":true,"href":"https:\/\/infotep.com.ar\/index.php\/wp-json\/wp\/v2\/tags?post=28316"}],"curies":[{"name":"wp","href":"https:\/\/api.w.org\/{rel}","templated":true}]}}