{"id":28390,"date":"2025-10-07T11:43:03","date_gmt":"2025-10-07T14:43:03","guid":{"rendered":"https:\/\/infotep.com.ar\/?p=28390"},"modified":"2025-10-07T11:43:03","modified_gmt":"2025-10-07T14:43:03","slug":"pablo-descalzo-firmo-un-convenio-con-fuerza-solidaria-para-fortalecer-el-desarrollo-social-en-ituzaingo","status":"publish","type":"post","link":"https:\/\/infotep.com.ar\/index.php\/2025\/10\/07\/pablo-descalzo-firmo-un-convenio-con-fuerza-solidaria-para-fortalecer-el-desarrollo-social-en-ituzaingo\/","title":{"rendered":"Pablo Descalzo firm\u00f3 un convenio con fuerza solidaria para fortalecer el desarrollo social en Ituzaing\u00f3"},"content":{"rendered":"\n<p>El intendente Pablo Descalzo firm\u00f3 un convenio con el Fideicomiso Fuerza Solidaria, una iniciativa del Gobierno de la Provincia de Buenos Aires y el Banco Provincia, que promueve el acceso al cr\u00e9dito y la asistencia t\u00e9cnica para proyectos de la econom\u00eda social.<\/p>\n\n\n\n<p><strong>Fuerza Solidaria es una iniciativa provincial que busca fortalecer la econom\u00eda social y solidaria mediante asistencia t\u00e9cnica y el otorgamiento de l\u00edneas de cr\u00e9ditos accesibles a entidades de bien p\u00fablico, como clubes sociales, deportivos y culturales, mutuales, organizaciones comunitarias y cooperativas. <br><\/strong><br>&#8220;El objetivo es impulsar el desarrollo de estas organizaciones sociales para generar m\u00e1s oportunidades de empleo e inclusi\u00f3n social y promover la producci\u00f3n local con impacto social en todo el territorio bonaerense&#8221;, se inform\u00f3.<\/p>\n\n\n\n<figure class=\"wp-block-image size-large\"><img decoding=\"async\" loading=\"lazy\" width=\"1024\" height=\"684\" src=\"https:\/\/infotep.com.ar\/wp-content\/uploads\/2025\/10\/Convenio-Fuerza-Solidaria-1-1-1024x684.jpeg\" alt=\"\" class=\"wp-image-28391\" srcset=\"https:\/\/infotep.com.ar\/wp-content\/uploads\/2025\/10\/Convenio-Fuerza-Solidaria-1-1-1024x684.jpeg 1024w, https:\/\/infotep.com.ar\/wp-content\/uploads\/2025\/10\/Convenio-Fuerza-Solidaria-1-1-300x200.jpeg 300w, https:\/\/infotep.com.ar\/wp-content\/uploads\/2025\/10\/Convenio-Fuerza-Solidaria-1-1-768x513.jpeg 768w, https:\/\/infotep.com.ar\/wp-content\/uploads\/2025\/10\/Convenio-Fuerza-Solidaria-1-1-450x300.jpeg 450w, https:\/\/infotep.com.ar\/wp-content\/uploads\/2025\/10\/Convenio-Fuerza-Solidaria-1-1-90x60.jpeg 90w, https:\/\/infotep.com.ar\/wp-content\/uploads\/2025\/10\/Convenio-Fuerza-Solidaria-1-1.jpeg 1329w\" sizes=\"(max-width: 1024px) 100vw, 1024px\" \/><\/figure>\n\n\n\n<p>En esta oportunidad, trece municipios firmaron el acuerdo con el ministro de Desarrollo de la Comunidad de la provincia, Andr\u00e9s Larroque; el presidente de Fuerza Solidaria, Juan Ignacio C\u00e1ccamo; y el presidente del Banco Provincia, Juan Cuattromo.<\/p>\n\n\n\n<p class=\"has-light-green-cyan-background-color has-background\">En este contexto, Pablo Descalzo destac\u00f3: \u201cIniciativas como esta, sobre todo en momentos tan dif\u00edciles para los argentinos y argentinas, son m\u00e1s que bienvenidas porque dan apoyo a los lugares de contenci\u00f3n y desarrollo, tanto social como productivo, que permiten la inclusi\u00f3n y la generaci\u00f3n de oportunidades que necesitamos para construir la ciudad que so\u00f1amos\u201d. <\/p>\n\n\n\n<p>Y a\u00f1adi\u00f3: \u201cGracias a la decisi\u00f3n de Axel Kicillof, este programa sigue funcionando para demostrar que un Estado presente y solidario puede cambiar y mejorar las realidades de los bonaerenses, acompa\u00f1ando a los clubes y entidades de bien p\u00fablico que sostienen todos los d\u00edas el entramado social de nuestros barrios\u201d.<\/p>\n","protected":false},"excerpt":{"rendered":"<p>El intendente Pablo Descalzo firm&oacute; un convenio con el Fideicomiso Fuerza Solidaria, una iniciativa del Gobierno de la Provincia de Buenos Aires y el Banco Provincia, que promueve el acceso al cr&eacute;dito y la asistencia t&eacute;cnica para proyectos de la econom&iacute;a social. Fuerza Solidaria es una iniciativa provincial que busca fortalecer la econom&iacute;a social y &hellip; <\/p>\n","protected":false},"author":5,"featured_media":28392,"comment_status":"closed","ping_status":"closed","sticky":false,"template":"","format":"standard","meta":{"om_disable_all_campaigns":false,"_joinchat":[]},"categories":[31,8],"tags":[46,51,43,569],"featured_image_urls":{"full":["https:\/\/infotep.com.ar\/wp-content\/uploads\/2025\/10\/Convenio-Fuerza-Solidaria-2.jpeg",1478,986,false],"thumbnail":["https:\/\/infotep.com.ar\/wp-content\/uploads\/2025\/10\/Convenio-Fuerza-Solidaria-2-150x150.jpeg",150,150,true],"medium":["https:\/\/infotep.com.ar\/wp-content\/uploads\/2025\/10\/Convenio-Fuerza-Solidaria-2-300x200.jpeg",300,200,true],"medium_large":["https:\/\/infotep.com.ar\/wp-content\/uploads\/2025\/10\/Convenio-Fuerza-Solidaria-2-768x512.jpeg",768,512,true],"large":["https:\/\/infotep.com.ar\/wp-content\/uploads\/2025\/10\/Convenio-Fuerza-Solidaria-2-1024x683.jpeg",1020,680,true],"1536x1536":["https:\/\/infotep.com.ar\/wp-content\/uploads\/2025\/10\/Convenio-Fuerza-Solidaria-2.jpeg",1478,986,false],"2048x2048":["https:\/\/infotep.com.ar\/wp-content\/uploads\/2025\/10\/Convenio-Fuerza-Solidaria-2.jpeg",1478,986,false],"blossom-feminine-slider":["https:\/\/infotep.com.ar\/wp-content\/uploads\/2025\/10\/Convenio-Fuerza-Solidaria-2-1478x649.jpeg",1478,649,true],"blossom-feminine-featured":["https:\/\/infotep.com.ar\/wp-content\/uploads\/2025\/10\/Convenio-Fuerza-Solidaria-2-1410x600.jpeg",1410,600,true],"blossom-feminine-with-sidebar":["https:\/\/infotep.com.ar\/wp-content\/uploads\/2025\/10\/Convenio-Fuerza-Solidaria-2-1020x600.jpeg",1020,600,true],"blossom-feminine-blog":["https:\/\/infotep.com.ar\/wp-content\/uploads\/2025\/10\/Convenio-Fuerza-Solidaria-2-435x435.jpeg",435,435,true],"blossom-feminine-cat":["https:\/\/infotep.com.ar\/wp-content\/uploads\/2025\/10\/Convenio-Fuerza-Solidaria-2-450x300.jpeg",450,300,true],"blossom-feminine-related":["https:\/\/infotep.com.ar\/wp-content\/uploads\/2025\/10\/Convenio-Fuerza-Solidaria-2-320x200.jpeg",320,200,true],"blossom-feminine-schema":["https:\/\/infotep.com.ar\/wp-content\/uploads\/2025\/10\/Convenio-Fuerza-Solidaria-2-90x60.jpeg",90,60,true],"blossom-mommy-blog-slider-big":["https:\/\/infotep.com.ar\/wp-content\/uploads\/2025\/10\/Convenio-Fuerza-Solidaria-2-920x650.jpeg",920,650,true],"blossom-mommy-blog-slider":["https:\/\/infotep.com.ar\/wp-content\/uploads\/2025\/10\/Convenio-Fuerza-Solidaria-2-460x310.jpeg",460,310,true],"blossom-mommy-blog-two":["https:\/\/infotep.com.ar\/wp-content\/uploads\/2025\/10\/Convenio-Fuerza-Solidaria-2-768x480.jpeg",768,480,true]},"author_info":{"info":["Angela Tobar"]},"category_info":"<a href=\"https:\/\/infotep.com.ar\/index.php\/category\/destacadas\/\" rel=\"category tag\">Destacadas<\/a> <a href=\"https:\/\/infotep.com.ar\/index.php\/category\/municipales\/ituzaingo\/\" rel=\"category tag\">Ituzaing\u00f3<\/a>","tag_info":"Ituzaing\u00f3","comment_count":"0","_links":{"self":[{"href":"https:\/\/infotep.com.ar\/index.php\/wp-json\/wp\/v2\/posts\/28390"}],"collection":[{"href":"https:\/\/infotep.com.ar\/index.php\/wp-json\/wp\/v2\/posts"}],"about":[{"href":"https:\/\/infotep.com.ar\/index.php\/wp-json\/wp\/v2\/types\/post"}],"author":[{"embeddable":true,"href":"https:\/\/infotep.com.ar\/index.php\/wp-json\/wp\/v2\/users\/5"}],"replies":[{"embeddable":true,"href":"https:\/\/infotep.com.ar\/index.php\/wp-json\/wp\/v2\/comments?post=28390"}],"version-history":[{"count":1,"href":"https:\/\/infotep.com.ar\/index.php\/wp-json\/wp\/v2\/posts\/28390\/revisions"}],"predecessor-version":[{"id":28393,"href":"https:\/\/infotep.com.ar\/index.php\/wp-json\/wp\/v2\/posts\/28390\/revisions\/28393"}],"wp:featuredmedia":[{"embeddable":true,"href":"https:\/\/infotep.com.ar\/index.php\/wp-json\/wp\/v2\/media\/28392"}],"wp:attachment":[{"href":"https:\/\/infotep.com.ar\/index.php\/wp-json\/wp\/v2\/media?parent=28390"}],"wp:term":[{"taxonomy":"category","embeddable":true,"href":"https:\/\/infotep.com.ar\/index.php\/wp-json\/wp\/v2\/categories?post=28390"},{"taxonomy":"post_tag","embeddable":true,"href":"https:\/\/infotep.com.ar\/index.php\/wp-json\/wp\/v2\/tags?post=28390"}],"curies":[{"name":"wp","href":"https:\/\/api.w.org\/{rel}","templated":true}]}}