{"id":2850,"date":"2023-01-16T15:51:09","date_gmt":"2023-01-16T18:51:09","guid":{"rendered":"https:\/\/infotep.com.ar\/?p=2850"},"modified":"2023-01-18T18:15:45","modified_gmt":"2023-01-18T21:15:45","slug":"conoce-cuales-son-las-oferta-de-actividades-en-moron","status":"publish","type":"post","link":"https:\/\/infotep.com.ar\/index.php\/2023\/01\/16\/conoce-cuales-son-las-oferta-de-actividades-en-moron\/","title":{"rendered":"Conoc\u00e9 cu\u00e1les son las oferta de actividades en Mor\u00f3n"},"content":{"rendered":"\n<p>El Municipio de Mor\u00f3n ofrece una amplia variedad de propuestas deportivas, recreativas y culturales para que los vecinos y vecinas disfruten del verano en todos los barrios del distrito. Entre la oferta de actividades que se desarrollan se destacan las propuestas deportivas con clases guiadas por profes de educaci\u00f3n f\u00edsica, encuentros deportivos para j\u00f3venes, shows musicales, cine debate y visitas guiadas a la Reserva Natural Urbana.<\/p>\n\n\n\n<p>Al respecto, el intendente de Mor\u00f3n Lucas Ghi sostuvo: \u201cTenemos una agenda de actividades muy intensa y diversa para toda la familia. Desde las colonias que se est\u00e1n realizando en todas las sedes para que nuestros chicos y chicas carguen las pilas y disfruten de la pileta, pasando por actividades de recreaci\u00f3n, f\u00edsicas, deportivas y l\u00fadicas con supervisi\u00f3n profes en las plazas y UGC y las actividades culturales&#8221;. <\/p>\n\n\n\n<p>Durante enero y febrero, la iniciativa \u201cBienestar y Actividad F\u00edsica\u201d brinda a la comunidad clases de running, entrenamiento funcional y yoga, entre otras disciplinas. Los encuentros se realizan en plazas, en las Unidades de Gesti\u00f3n Comunitaria (UGC), en el Polo Deportivo y Recreativo de Castelar sur, en el Polideportivo Gorki Grana y en el Play\u00f3n deportivo El Palomar. Se puede acceder al cronograma completo ingresando al link <a href=\"http:\/\/www.moron.gob.ar\/agenda-de-clases\/\" target=\"_blank\" rel=\"noreferrer noopener\">AQUI<\/a><\/p>\n\n\n\n<p>Por otro lado, las y los j\u00f3venes a partir de los 16 a\u00f1os pueden participar de encuentros de beach voley, basquet 3&#215;3 y f\u00fatbol playa que se realizan los lunes, mi\u00e9rcoles y viernes de 18 a 20hs. en el Polideportivo Gorki Grana. En tanto, en el Play\u00f3n Deportivo El Palomar la actividad se realizar\u00e1 el viernes 20 a las 19hs. Para participar de los partidos no se requiere inscripci\u00f3n previa.<\/p>\n\n\n\n<p>Adem\u00e1s, los adultos y adultas mayores podr\u00e1n participar de las Plazas PAMI en distintos puntos de Mor\u00f3n. Esta iniciativa ofrece clases de ejercitaci\u00f3n f\u00edsica y bienestar corporal que se dictar\u00e1n de lunes a viernes de 8 a 10:30hs. en la Plaza La Maestra de El Palomar (Ber\u00f3n de Astrada 399), los martes y jueves de 8:30 a 10:30hs. y los lunes, mi\u00e9rcoles y viernes de 18 a 20hs. en la Plaza Los Pinos (Cacique Catriel 899) y en la Plaza San Jos\u00e9 de Mor\u00f3n sur (Iba\u00f1ez y Grito de Alcorta) las clases son los lunes, mi\u00e9rcoles y viernes de 17:30 a 19:30. Para m\u00e1s informaci\u00f3n se pueden comunicar al 11\u20132262\u20132018.<\/p>\n\n\n\n<p>Por otra parte, ya son m\u00e1s de cinco mil ni\u00f1os, ni\u00f1as, adolescentes, adultos y adultas mayores los que disfrutan de las colonias de verano municipales en 10 sedes de la comuna donde se realizan actividades deportivas, recreativas y en la pileta. Asimismo, ya se encuentra abierta la inscripci\u00f3n para el segundo contingente destinado a ni\u00f1os y ni\u00f1as de 6 a 13 a\u00f1os. Las y los interesados podr\u00e1n anotarse personalmente de 9 a 16hs. en la UGC de su barrio. Se recomienda consultar previamente las vacantes disponibles.<\/p>\n\n\n\n<p class=\"has-light-green-cyan-background-color has-background\">Tambi\u00e9n, la Reserva Natural Urbana de Mor\u00f3n brinda actividades recreativas durante todo el verano. Una de ellas es la visita guiada nocturna, una propuesta para conocer la Reserva a trav\u00e9s de una caminata bajo la luz de la luna llena. La primera del a\u00f1o cont\u00f3 con la participaci\u00f3n de m\u00e1s de 400 personas. La pr\u00f3xima, ser\u00e1 el viernes 4 de febrero y la comunidad podr\u00e1 inscribirse previamente enviando un mail a visitas.ambientales@moron.gob.ar. La inscripci\u00f3n ser\u00e1 efectiva una vez recibida la confirmaci\u00f3n.<\/p>\n\n\n\n<p>Adem\u00e1s, de enero a abril, en la Reserva se realizan visitas guiadas los primeros s\u00e1bados del mes a las 16:30; talleres de siembra para ni\u00f1os y ni\u00f1as el segundo s\u00e1bado del mes a las 16:30; y avistaje de aves, el cuarto s\u00e1bado del mes a las 8:30. Para m\u00e1s informaci\u00f3n se pueden comunicar al 3969\u20137555.<\/p>\n\n\n\n<p>En cuanto a actividades culturales, durante enero, en el Vag\u00f3n Cultural de la Plaza Cumel\u00e9n (Los Incas 2537) se vivir\u00e1n 3 fines de semana a puro shows.<strong> El domingo 15 a las 18:30 la comunidad puede disfrutar de un show en vivo de la banda \u201cCato\u201d, el s\u00e1bado 21 a las 18 cine debate sobre la pel\u00edcula \u201cPaco\u201d y el domingo 29 un show a cargo del grupo musical \u201cAltamar\u201d.<\/strong><\/p>\n\n\n\n<p>Tambi\u00e9n, a partir del 18 de enero se encontrar\u00e1 abierta al p\u00fablico la muestra \u201cVilla Mecenas en el MuMo\u201d, de mi\u00e9rcoles a viernes de 12 a 18 y los s\u00e1bados de 14 a 18 en Casullo 59, Mor\u00f3n centro. Por otro lado, todos los domingos de febrero se llevar\u00e1 adelante \u201cTeatro al Paso\u201d en la vereda del Teatro Municipal El Laferrere, con shows de circo, t\u00edteres, cuentos y m\u00e1s.<\/p>\n\n\n\n<p class=\"has-light-green-cyan-background-color has-background\">Por \u00faltimo, en febrero vuelve una nueva edici\u00f3n de \u201cEscenario a Cielo Abierto\u201d, una propuesta que permite a los vecinos y vecinas disfrutar cada fin de semana de shows en vivo, m\u00fasica y arte de forma gratuita. El ciclo de 2022 cont\u00f3 con la participaci\u00f3n de artitsas como Valeria Lynch, Acru, Teresa Parodi, Liliana Herrero y Juan Fal\u00fa, Bersuit Vergarabat y Mala Fama, entre otros.<\/p>\n","protected":false},"excerpt":{"rendered":"<p>El Municipio de Mor&oacute;n ofrece una amplia variedad de propuestas deportivas, recreativas y culturales para que los vecinos y vecinas disfruten del verano en todos los barrios del distrito. Entre la oferta de actividades que se desarrollan se destacan las propuestas deportivas con clases guiadas por profes de educaci&oacute;n f&iacute;sica, encuentros deportivos para j&oacute;venes, shows &hellip; <\/p>\n","protected":false},"author":5,"featured_media":1655,"comment_status":"closed","ping_status":"closed","sticky":false,"template":"","format":"standard","meta":{"om_disable_all_campaigns":false,"_joinchat":[]},"categories":[9],"tags":[46,56,53,43],"featured_image_urls":{"full":["https:\/\/infotep.com.ar\/wp-content\/uploads\/2022\/10\/moron-cultura.jpg",640,426,false],"thumbnail":["https:\/\/infotep.com.ar\/wp-content\/uploads\/2022\/10\/moron-cultura-150x150.jpg",150,150,true],"medium":["https:\/\/infotep.com.ar\/wp-content\/uploads\/2022\/10\/moron-cultura-300x200.jpg",300,200,true],"medium_large":["https:\/\/infotep.com.ar\/wp-content\/uploads\/2022\/10\/moron-cultura.jpg",640,426,false],"large":["https:\/\/infotep.com.ar\/wp-content\/uploads\/2022\/10\/moron-cultura.jpg",640,426,false],"1536x1536":["https:\/\/infotep.com.ar\/wp-content\/uploads\/2022\/10\/moron-cultura.jpg",640,426,false],"2048x2048":["https:\/\/infotep.com.ar\/wp-content\/uploads\/2022\/10\/moron-cultura.jpg",640,426,false],"blossom-feminine-slider":["https:\/\/infotep.com.ar\/wp-content\/uploads\/2022\/10\/moron-cultura.jpg",640,426,false],"blossom-feminine-featured":["https:\/\/infotep.com.ar\/wp-content\/uploads\/2022\/10\/moron-cultura.jpg",640,426,false],"blossom-feminine-with-sidebar":["https:\/\/infotep.com.ar\/wp-content\/uploads\/2022\/10\/moron-cultura.jpg",640,426,false],"blossom-feminine-blog":["https:\/\/infotep.com.ar\/wp-content\/uploads\/2022\/10\/moron-cultura-435x426.jpg",435,426,true],"blossom-feminine-cat":["https:\/\/infotep.com.ar\/wp-content\/uploads\/2022\/10\/moron-cultura-450x300.jpg",450,300,true],"blossom-feminine-related":["https:\/\/infotep.com.ar\/wp-content\/uploads\/2022\/10\/moron-cultura-320x200.jpg",320,200,true],"blossom-feminine-schema":["https:\/\/infotep.com.ar\/wp-content\/uploads\/2022\/10\/moron-cultura-90x60.jpg",90,60,true],"blossom-mommy-blog-slider-big":["https:\/\/infotep.com.ar\/wp-content\/uploads\/2022\/10\/moron-cultura.jpg",640,426,false],"blossom-mommy-blog-slider":["https:\/\/infotep.com.ar\/wp-content\/uploads\/2022\/10\/moron-cultura-460x310.jpg",460,310,true],"blossom-mommy-blog-two":["https:\/\/infotep.com.ar\/wp-content\/uploads\/2022\/10\/moron-cultura.jpg",640,426,false]},"author_info":{"info":["Angela Tobar"]},"category_info":"<a href=\"https:\/\/infotep.com.ar\/index.php\/category\/municipales\/moron\/\" rel=\"category tag\">Mor\u00f3n<\/a>","tag_info":"Mor\u00f3n","comment_count":"0","_links":{"self":[{"href":"https:\/\/infotep.com.ar\/index.php\/wp-json\/wp\/v2\/posts\/2850"}],"collection":[{"href":"https:\/\/infotep.com.ar\/index.php\/wp-json\/wp\/v2\/posts"}],"about":[{"href":"https:\/\/infotep.com.ar\/index.php\/wp-json\/wp\/v2\/types\/post"}],"author":[{"embeddable":true,"href":"https:\/\/infotep.com.ar\/index.php\/wp-json\/wp\/v2\/users\/5"}],"replies":[{"embeddable":true,"href":"https:\/\/infotep.com.ar\/index.php\/wp-json\/wp\/v2\/comments?post=2850"}],"version-history":[{"count":1,"href":"https:\/\/infotep.com.ar\/index.php\/wp-json\/wp\/v2\/posts\/2850\/revisions"}],"predecessor-version":[{"id":2851,"href":"https:\/\/infotep.com.ar\/index.php\/wp-json\/wp\/v2\/posts\/2850\/revisions\/2851"}],"wp:featuredmedia":[{"embeddable":true,"href":"https:\/\/infotep.com.ar\/index.php\/wp-json\/wp\/v2\/media\/1655"}],"wp:attachment":[{"href":"https:\/\/infotep.com.ar\/index.php\/wp-json\/wp\/v2\/media?parent=2850"}],"wp:term":[{"taxonomy":"category","embeddable":true,"href":"https:\/\/infotep.com.ar\/index.php\/wp-json\/wp\/v2\/categories?post=2850"},{"taxonomy":"post_tag","embeddable":true,"href":"https:\/\/infotep.com.ar\/index.php\/wp-json\/wp\/v2\/tags?post=2850"}],"curies":[{"name":"wp","href":"https:\/\/api.w.org\/{rel}","templated":true}]}}