{"id":28556,"date":"2025-10-13T00:11:52","date_gmt":"2025-10-13T03:11:52","guid":{"rendered":"https:\/\/infotep.com.ar\/?p=28556"},"modified":"2025-10-13T00:11:53","modified_gmt":"2025-10-13T03:11:53","slug":"viajo-mas-gente-pero-gasto-menos-el-balance-agridulce-que-dejo-el-fin-de-semana-largo","status":"publish","type":"post","link":"https:\/\/infotep.com.ar\/index.php\/2025\/10\/13\/viajo-mas-gente-pero-gasto-menos-el-balance-agridulce-que-dejo-el-fin-de-semana-largo\/","title":{"rendered":"Viaj\u00f3 m\u00e1s gente pero gast\u00f3 menos: el balance agridulce que dej\u00f3 el fin de semana largo"},"content":{"rendered":"\n<p>Se movilizaron 1,4 millones de turistas, pero la estad\u00eda promedio fue m\u00e1s corta y el gasto cay\u00f3 en t\u00e9rminos reales. Boom de viajes de compras a Chile.<br><br>El fin de semana largo del D\u00eda del Respeto a la Diversidad Cultural moviliz\u00f3 a 1.440.000 turistas en todo el pa\u00eds con un impacto econ\u00f3mico estimado en $262.627 millones, de acuerdo a un relevamiento elaborado por la Confederaci\u00f3n Argentina de la Mediana Empresa (CAME).<\/p>\n\n\n\n<p>El reporte revel\u00f3 que en promedio, cada turista gast\u00f3 $91.190 diarios, lo que implica un 1,5% menor en t\u00e9rminos reales al a\u00f1o anterior. Al respecto, la entidad gremial-empresaria precis\u00f3 que \u201cse reflej\u00f3 un comportamiento m\u00e1s austero, pero sosteniendo el consumo b\u00e1sico en gastronom\u00eda, alojamiento y transporte\u201d.<\/p>\n\n\n\n<p>La estad\u00eda promedio, en tanto, se redujo a 2 noches (2,4 en 2024). De esta manera se dio una ca\u00edda del 16,7%, \u201ccon viajes m\u00e1s cortos y planificados a \u00faltimo momento, que permitieron seguir viajando a\u00fan en un contexto econ\u00f3mico de menor poder adquisitivo\u201d.<\/p>\n\n\n\n<p>En relaci\u00f3n a las escapadas organizadas sobre la fecha, se expuso que \u201clas principales plataformas de viajes y alojamientos (Booking, Despegar y plataformas locales de turismo) registraron un fuerte aumento en las b\u00fasquedas y reservas desde el martes pasado\u201d.<\/p>\n\n\n\n<p>El relevamiento arroj\u00f3 que en total, los turistas desembolsaron $262.627 millones, con una baja de 16,2% real frente a los $228.479 millones registrados en 2024, producto de la menor duraci\u00f3n de las estad\u00edas.<\/p>\n\n\n\n<p>Al analizar el resultado general del fin de semana largo, desde CAME se\u00f1alaron que \u201cviajaron m\u00e1s turistas que el a\u00f1o pasado, aunque permanecieron menos tiempo para ajustar el gasto sin resignar consumos\u201d.<\/p>\n\n\n\n<p>Asimismo, destacaron que \u201cel buen clima, las reservas de \u00faltimo momento, la cercan\u00eda del verano y la necesidad de descanso, despu\u00e9s de muchas semanas sin un fin de semana largo, impulsaron el movimiento\u201d.<\/p>\n\n\n\n<p>En este marco, revelaron que \u201cen general, se observ\u00f3 una buena distribuci\u00f3n del turismo interno, con ocupaciones destacadas en destinos naturales, termales y culturales, especialmente en Puerto Iguaz\u00fa, C\u00f3rdoba, Termas de R\u00edo Hondo, Villa Elisa, Tandil, El Chalt\u00e9n, Mar del Plata, Ciudad Aut\u00f3noma de Buenos Aires y Mendoza, que se mantuvieron entre los m\u00e1s elegidos\u201d.<\/p>\n\n\n\n<p>El informe tambi\u00e9n reflej\u00f3 que \u201cse registr\u00f3 un importante flujo de argentinos hacia Chile, con largas filas en los pasos fronterizos y un marcado incremento en los viajes de compras\u201d al resaltar que \u201cel tipo de cambio favorable, la diferencia de precios en indumentaria y tecnolog\u00eda, y las promociones en supermercados chilenos motivaron a miles de familias y grupos de amigos a cruzar la Cordillera\u201d.<\/p>\n\n\n\n<p>En lo que va del a\u00f1o ya se celebraron seis fines de semana largos, en los que viajaron 10.270.940 turistas por distintos puntos del pa\u00eds. Estas escapadas representaron un movimiento econ\u00f3mico estimado de $2.366.419 millones, lo que equivale a US$1.670 millones.<\/p>\n\n\n\n<p>Desde la entidad gremial-empresaria remarcaron que \u201cel impacto de estos feriados fue significativo no s\u00f3lo por la cantidad de personas movilizadas, sino tambi\u00e9n por su efecto dinamizador sobre las econom\u00edas regionales, beneficiando a miles de pymes vinculadas directa o indirectamente con la actividad tur\u00edstica\u201d.<\/p>\n","protected":false},"excerpt":{"rendered":"<p>Se movilizaron 1,4 millones de turistas, pero la estad&iacute;a promedio fue m&aacute;s corta y el gasto cay&oacute; en t&eacute;rminos reales. Boom de viajes de compras a Chile. El fin de semana largo del D&iacute;a del Respeto a la Diversidad Cultural moviliz&oacute; a 1.440.000 turistas en todo el pa&iacute;s con un impacto econ&oacute;mico estimado en $262.627 &hellip; <\/p>\n","protected":false},"author":5,"featured_media":28557,"comment_status":"closed","ping_status":"closed","sticky":false,"template":"","format":"standard","meta":{"om_disable_all_campaigns":false,"_joinchat":[]},"categories":[3],"tags":[46,43,569],"featured_image_urls":{"full":["https:\/\/infotep.com.ar\/wp-content\/uploads\/2025\/10\/viaje.webp",1079,720,false],"thumbnail":["https:\/\/infotep.com.ar\/wp-content\/uploads\/2025\/10\/viaje-150x150.webp",150,150,true],"medium":["https:\/\/infotep.com.ar\/wp-content\/uploads\/2025\/10\/viaje-300x200.webp",300,200,true],"medium_large":["https:\/\/infotep.com.ar\/wp-content\/uploads\/2025\/10\/viaje-768x512.webp",768,512,true],"large":["https:\/\/infotep.com.ar\/wp-content\/uploads\/2025\/10\/viaje-1024x683.webp",1020,680,true],"1536x1536":["https:\/\/infotep.com.ar\/wp-content\/uploads\/2025\/10\/viaje.webp",1079,720,false],"2048x2048":["https:\/\/infotep.com.ar\/wp-content\/uploads\/2025\/10\/viaje.webp",1079,720,false],"blossom-feminine-slider":["https:\/\/infotep.com.ar\/wp-content\/uploads\/2025\/10\/viaje-1079x649.webp",1079,649,true],"blossom-feminine-featured":["https:\/\/infotep.com.ar\/wp-content\/uploads\/2025\/10\/viaje-1079x600.webp",1079,600,true],"blossom-feminine-with-sidebar":["https:\/\/infotep.com.ar\/wp-content\/uploads\/2025\/10\/viaje-1020x600.webp",1020,600,true],"blossom-feminine-blog":["https:\/\/infotep.com.ar\/wp-content\/uploads\/2025\/10\/viaje-435x435.webp",435,435,true],"blossom-feminine-cat":["https:\/\/infotep.com.ar\/wp-content\/uploads\/2025\/10\/viaje-450x300.webp",450,300,true],"blossom-feminine-related":["https:\/\/infotep.com.ar\/wp-content\/uploads\/2025\/10\/viaje-320x200.webp",320,200,true],"blossom-feminine-schema":["https:\/\/infotep.com.ar\/wp-content\/uploads\/2025\/10\/viaje-90x60.webp",90,60,true],"blossom-mommy-blog-slider-big":["https:\/\/infotep.com.ar\/wp-content\/uploads\/2025\/10\/viaje-920x650.webp",920,650,true],"blossom-mommy-blog-slider":["https:\/\/infotep.com.ar\/wp-content\/uploads\/2025\/10\/viaje-460x310.webp",460,310,true],"blossom-mommy-blog-two":["https:\/\/infotep.com.ar\/wp-content\/uploads\/2025\/10\/viaje-768x480.webp",768,480,true]},"author_info":{"info":["Angela Tobar"]},"category_info":"<a href=\"https:\/\/infotep.com.ar\/index.php\/category\/nacionales\/\" rel=\"category tag\">Nacionales<\/a>","tag_info":"Nacionales","comment_count":"0","_links":{"self":[{"href":"https:\/\/infotep.com.ar\/index.php\/wp-json\/wp\/v2\/posts\/28556"}],"collection":[{"href":"https:\/\/infotep.com.ar\/index.php\/wp-json\/wp\/v2\/posts"}],"about":[{"href":"https:\/\/infotep.com.ar\/index.php\/wp-json\/wp\/v2\/types\/post"}],"author":[{"embeddable":true,"href":"https:\/\/infotep.com.ar\/index.php\/wp-json\/wp\/v2\/users\/5"}],"replies":[{"embeddable":true,"href":"https:\/\/infotep.com.ar\/index.php\/wp-json\/wp\/v2\/comments?post=28556"}],"version-history":[{"count":1,"href":"https:\/\/infotep.com.ar\/index.php\/wp-json\/wp\/v2\/posts\/28556\/revisions"}],"predecessor-version":[{"id":28558,"href":"https:\/\/infotep.com.ar\/index.php\/wp-json\/wp\/v2\/posts\/28556\/revisions\/28558"}],"wp:featuredmedia":[{"embeddable":true,"href":"https:\/\/infotep.com.ar\/index.php\/wp-json\/wp\/v2\/media\/28557"}],"wp:attachment":[{"href":"https:\/\/infotep.com.ar\/index.php\/wp-json\/wp\/v2\/media?parent=28556"}],"wp:term":[{"taxonomy":"category","embeddable":true,"href":"https:\/\/infotep.com.ar\/index.php\/wp-json\/wp\/v2\/categories?post=28556"},{"taxonomy":"post_tag","embeddable":true,"href":"https:\/\/infotep.com.ar\/index.php\/wp-json\/wp\/v2\/tags?post=28556"}],"curies":[{"name":"wp","href":"https:\/\/api.w.org\/{rel}","templated":true}]}}