{"id":28577,"date":"2025-10-13T00:36:25","date_gmt":"2025-10-13T03:36:25","guid":{"rendered":"https:\/\/infotep.com.ar\/?p=28577"},"modified":"2025-10-13T00:36:26","modified_gmt":"2025-10-13T03:36:26","slug":"los-puntos-clave-de-la-reforma-laboral-que-anuncio-javier-milei","status":"publish","type":"post","link":"https:\/\/infotep.com.ar\/index.php\/2025\/10\/13\/los-puntos-clave-de-la-reforma-laboral-que-anuncio-javier-milei\/","title":{"rendered":"Los puntos clave de la reforma laboral que anunci\u00f3 Javier Milei"},"content":{"rendered":"\n<p>Durante la presentaci\u00f3n del \u00abPlan Argentina Grande Otra Vez\u00bb en la f\u00e1brica de Sidersa, el presidente Javier Milei reafirm\u00f3 el proyecto que tiene en carpeta para concretar uuna reforma laboral integral destinada a brindar previsibilidad a las empresas y fomentar la contrataci\u00f3n formal. Necesita ganar en la pr\u00f3xima elecci\u00f3n del 26 de febrero para conseguir a los diputados y senadores que se la aprueben.<\/p>\n\n\n\n<p>El evento, que celebr\u00f3 la adhesi\u00f3n de Sidersa al R\u00e9gimen de Incentivos para Grandes Inversiones (RIGI) con una inversi\u00f3n de casi 300 millones de d\u00f3lares para una nueva planta de aceros largos, cont\u00f3 con la presencia de representantes de pymes de San Nicol\u00e1s, Z\u00e1rate, Arrecifes, Campana, Capit\u00e1n Sarmiento y Pergamino.<\/p>\n\n\n\n<p>Tras un a\u00f1o y medio de \u00abestabilizaci\u00f3n macroecon\u00f3mica\u00bb, Milei destac\u00f3 que la reforma busca dinamizar la microeconom\u00eda, beneficiando a m\u00e1s de medio mill\u00f3n de pymes, grandes empresas y trabajadores \u2013incluidos empleados, aut\u00f3nomos e informales\u2013 mediante la creaci\u00f3n de cientos de miles de empleos formales. \u00abVenimos de 15 a\u00f1os de destrucci\u00f3n del empleo por malas pol\u00edticas\u00bb, afirm\u00f3, se\u00f1alando que la incertidumbre macroecon\u00f3mica y la litigiosidad laboral han frenado la generaci\u00f3n de empleo registrado en el sector privado<\/p>\n\n\n\n<p>El presidente subray\u00f3 que las pymes, responsables del 70% del empleo en Argentina, requieren un marco jur\u00eddico \u00abclaro, simple y predecible\u00bb para crecer, fortaleciendo la relaci\u00f3n entre empresarios y trabajadores. \u00abNo hay nada mejor para un trabajador que una empresa, y no hay nada mejor para una empresa que un trabajador\u00bb, expres\u00f3, haciendo hincapi\u00e9 en los beneficios para los j\u00f3venes, que representan el 50% de la fuerza laboral menor de 35 a\u00f1os. La reforma, seg\u00fan Milei, pondr\u00e1 fin a la \u00abindustria de juicios\u00bb que ha incrementado la informalidad y los costos laborales, permitiendo que la mayor demanda de empleo eleve los salarios.<\/p>\n\n\n\n<p><strong>Principales ejes de la reforma laboral<br><\/strong>Modernizaci\u00f3n de convenios colectivos: Se impulsar\u00e1n negociaciones colectivas actualizadas para adaptar los convenios laborales a las necesidades productivas actuales, reemplazando estructuras obsoletas de m\u00e1s de 70 a\u00f1os. Estas negociaciones promover\u00e1n acuerdos flexibles entre empleadores y sindicatos, priorizando la creaci\u00f3n de empleo y el aumento de salarios.<\/p>\n\n\n\n<p><strong>Milei reforma laboral<\/strong><\/p>\n\n\n\n<p><strong>Banco de horas laborales:<\/strong> Se implementar\u00e1 un sistema de banco de horas que permita compensar jornadas laborales variables, atendiendo a demandas estacionales o temporales, equilibrando la productividad con el bienestar del trabajador.<\/p>\n\n\n\n<p><strong>Eliminaci\u00f3n de la industria de juicios laborales:<\/strong> Se limitar\u00e1 la discrecionalidad de los jueces laborales y se eliminar\u00e1n las altas tasas de inter\u00e9s en sentencias, reduciendo el impacto de los \u00abcaranchos laboralistas\u00bb que afectan a pymes y generan desempleo.<\/p>\n\n\n\n<p><strong>Digitalizaci\u00f3n de procesos registrale<\/strong>s: Se simplificar\u00e1n los tr\u00e1mites burocr\u00e1ticos mediante la digitalizaci\u00f3n, eliminando la necesidad de contratar contadores o abogados para registrar empresas o formalizar empleos, reduciendo costos y tiempos.<\/p>\n\n\n\n<p><strong>Libertad en contratos laborales:<\/strong> Se permitir\u00e1 pactar contratos en la moneda que las partes elijan, como el d\u00f3lar, sin los topes actuales, brindando mayor flexibilidad y seguridad para empleadores y trabajadore<\/p>\n","protected":false},"excerpt":{"rendered":"<p>Durante la presentaci&oacute;n del &laquo;Plan Argentina Grande Otra Vez&raquo; en la f&aacute;brica de Sidersa, el presidente Javier Milei reafirm&oacute; el proyecto que tiene en carpeta para concretar uuna reforma laboral integral destinada a brindar previsibilidad a las empresas y fomentar la contrataci&oacute;n formal. Necesita ganar en la pr&oacute;xima elecci&oacute;n del 26 de febrero para conseguir &hellip; <\/p>\n","protected":false},"author":5,"featured_media":25540,"comment_status":"closed","ping_status":"closed","sticky":false,"template":"","format":"standard","meta":{"om_disable_all_campaigns":false,"_joinchat":[]},"categories":[7,3],"tags":[46,43,569],"featured_image_urls":{"full":["https:\/\/infotep.com.ar\/wp-content\/uploads\/2025\/07\/milei.webp",960,720,false],"thumbnail":["https:\/\/infotep.com.ar\/wp-content\/uploads\/2025\/07\/milei-150x150.webp",150,150,true],"medium":["https:\/\/infotep.com.ar\/wp-content\/uploads\/2025\/07\/milei-300x225.webp",300,225,true],"medium_large":["https:\/\/infotep.com.ar\/wp-content\/uploads\/2025\/07\/milei-768x576.webp",768,576,true],"large":["https:\/\/infotep.com.ar\/wp-content\/uploads\/2025\/07\/milei.webp",960,720,false],"1536x1536":["https:\/\/infotep.com.ar\/wp-content\/uploads\/2025\/07\/milei.webp",960,720,false],"2048x2048":["https:\/\/infotep.com.ar\/wp-content\/uploads\/2025\/07\/milei.webp",960,720,false],"blossom-feminine-slider":["https:\/\/infotep.com.ar\/wp-content\/uploads\/2025\/07\/milei-960x649.webp",960,649,true],"blossom-feminine-featured":["https:\/\/infotep.com.ar\/wp-content\/uploads\/2025\/07\/milei-960x600.webp",960,600,true],"blossom-feminine-with-sidebar":["https:\/\/infotep.com.ar\/wp-content\/uploads\/2025\/07\/milei-960x600.webp",960,600,true],"blossom-feminine-blog":["https:\/\/infotep.com.ar\/wp-content\/uploads\/2025\/07\/milei-435x435.webp",435,435,true],"blossom-feminine-cat":["https:\/\/infotep.com.ar\/wp-content\/uploads\/2025\/07\/milei-450x300.webp",450,300,true],"blossom-feminine-related":["https:\/\/infotep.com.ar\/wp-content\/uploads\/2025\/07\/milei-320x200.webp",320,200,true],"blossom-feminine-schema":["https:\/\/infotep.com.ar\/wp-content\/uploads\/2025\/07\/milei-80x60.webp",80,60,true],"blossom-mommy-blog-slider-big":["https:\/\/infotep.com.ar\/wp-content\/uploads\/2025\/07\/milei-920x650.webp",920,650,true],"blossom-mommy-blog-slider":["https:\/\/infotep.com.ar\/wp-content\/uploads\/2025\/07\/milei-460x310.webp",460,310,true],"blossom-mommy-blog-two":["https:\/\/infotep.com.ar\/wp-content\/uploads\/2025\/07\/milei-768x480.webp",768,480,true]},"author_info":{"info":["Angela Tobar"]},"category_info":"<a href=\"https:\/\/infotep.com.ar\/index.php\/category\/gremios\/\" rel=\"category tag\">Gremios<\/a> <a href=\"https:\/\/infotep.com.ar\/index.php\/category\/nacionales\/\" rel=\"category tag\">Nacionales<\/a>","tag_info":"Nacionales","comment_count":"0","_links":{"self":[{"href":"https:\/\/infotep.com.ar\/index.php\/wp-json\/wp\/v2\/posts\/28577"}],"collection":[{"href":"https:\/\/infotep.com.ar\/index.php\/wp-json\/wp\/v2\/posts"}],"about":[{"href":"https:\/\/infotep.com.ar\/index.php\/wp-json\/wp\/v2\/types\/post"}],"author":[{"embeddable":true,"href":"https:\/\/infotep.com.ar\/index.php\/wp-json\/wp\/v2\/users\/5"}],"replies":[{"embeddable":true,"href":"https:\/\/infotep.com.ar\/index.php\/wp-json\/wp\/v2\/comments?post=28577"}],"version-history":[{"count":1,"href":"https:\/\/infotep.com.ar\/index.php\/wp-json\/wp\/v2\/posts\/28577\/revisions"}],"predecessor-version":[{"id":28578,"href":"https:\/\/infotep.com.ar\/index.php\/wp-json\/wp\/v2\/posts\/28577\/revisions\/28578"}],"wp:featuredmedia":[{"embeddable":true,"href":"https:\/\/infotep.com.ar\/index.php\/wp-json\/wp\/v2\/media\/25540"}],"wp:attachment":[{"href":"https:\/\/infotep.com.ar\/index.php\/wp-json\/wp\/v2\/media?parent=28577"}],"wp:term":[{"taxonomy":"category","embeddable":true,"href":"https:\/\/infotep.com.ar\/index.php\/wp-json\/wp\/v2\/categories?post=28577"},{"taxonomy":"post_tag","embeddable":true,"href":"https:\/\/infotep.com.ar\/index.php\/wp-json\/wp\/v2\/tags?post=28577"}],"curies":[{"name":"wp","href":"https:\/\/api.w.org\/{rel}","templated":true}]}}