{"id":28626,"date":"2025-10-14T15:36:44","date_gmt":"2025-10-14T18:36:44","guid":{"rendered":"https:\/\/infotep.com.ar\/?p=28626"},"modified":"2025-10-14T15:36:45","modified_gmt":"2025-10-14T18:36:45","slug":"moron-abre-la-preinscripcion-para-los-espacios-de-cuidados-para-la-primera-infancia","status":"publish","type":"post","link":"https:\/\/infotep.com.ar\/index.php\/2025\/10\/14\/moron-abre-la-preinscripcion-para-los-espacios-de-cuidados-para-la-primera-infancia\/","title":{"rendered":"Mor\u00f3n abre la preinscripci\u00f3n para los Espacios de Cuidados para la Primera Infancia"},"content":{"rendered":"\n<p>Se trata de establecimientos p\u00fablicos y gratuitos que promueven el desarrollo integral, con propuestas educativas y de cuidado.<\/p>\n\n\n\n<p><strong>Del 20 de octubre al 7 de noviembre, el Municipio de Mor\u00f3n abre la preinscripci\u00f3n para los Centros Mar\u00eda Elena Walsh, Los Criollos y Construyendo Sue\u00f1os, destinados a ni\u00f1as y ni\u00f1os de 1, 2 y 3 a\u00f1os.<\/strong><\/p>\n\n\n\n<p>Estos espacios, que dependen de la Direcci\u00f3n de Promoci\u00f3n de Derechos y Participaci\u00f3n Social de Ni\u00f1os, Ni\u00f1as y Adolescentes, funcionan de manera p\u00fablica y gratuita, con propuestas pedag\u00f3gicas y de cuidado espec\u00edficos para cada etapa.<\/p>\n\n\n\n<p><strong>En el Centro de Primera Infancia Construyendo Sue\u00f1os (Avellaneda 2896, esquina San Francisco, Mor\u00f3n sur), la preinscripci\u00f3n ser\u00e1 para las salas de 1 y 2 a\u00f1os en turno ma\u00f1ana y tarde. El registro estar\u00e1 abierto del lunes 20\/10 al viernes 7\/11 inclusive, de 9 a 11 hs y de 14 a 16 hs. M\u00e1s informaci\u00f3n al 2076-5742.<\/strong><\/p>\n\n\n\n<p>En el Centro de Desarrollo Infantil Mar\u00eda Elena Walsh (Sarmiento 1200, entre Doyhenard y T\u00fanel Sald\u00edas, Mor\u00f3n centro), la preinscripci\u00f3n ser\u00e1 para salas de 1 y 2 a\u00f1os en turno ma\u00f1ana. Se realizar\u00e1 del lunes 20\/10 al viernes 7\/11 inclusive, de 9 a 11 hs. Para consultas, se puede llamar al 3528-5598.<\/p>\n\n\n\n<p>En el Centro de Desarrollo Infantil Los Criollos (Los Criollos 264, entre Corrientes y Achaga, Mor\u00f3n sur), la preinscripci\u00f3n ser\u00e1 para salas de lactantes, 1, 2 y 3 a\u00f1os en jornada extendida. Se podr\u00e1 realizar del lunes 20\/10 al viernes 7\/11 inclusive, de 9 a 11 hs y de 13 a 15 hs.<\/p>\n\n\n\n<p>En todos los casos es necesario presentar el DNI del ni\u00f1o o ni\u00f1a y del adulto responsable al momento de la inscripci\u00f3n. Luego, las familias participar\u00e1n de una entrevista para avanzar con el proceso de ingreso.<\/p>\n","protected":false},"excerpt":{"rendered":"<p>Se trata de establecimientos p&uacute;blicos y gratuitos que promueven el desarrollo integral, con propuestas educativas y de cuidado. Del 20 de octubre al 7 de noviembre, el Municipio de Mor&oacute;n abre la preinscripci&oacute;n para los Centros Mar&iacute;a Elena Walsh, Los Criollos y Construyendo Sue&ntilde;os, destinados a ni&ntilde;as y ni&ntilde;os de 1, 2 y 3 a&ntilde;os. &hellip; <\/p>\n","protected":false},"author":5,"featured_media":28627,"comment_status":"closed","ping_status":"closed","sticky":false,"template":"","format":"standard","meta":{"om_disable_all_campaigns":false,"_joinchat":[]},"categories":[31,9],"tags":[46,43,569],"featured_image_urls":{"full":["https:\/\/infotep.com.ar\/wp-content\/uploads\/2025\/10\/primera-infancia.jpg",1024,682,false],"thumbnail":["https:\/\/infotep.com.ar\/wp-content\/uploads\/2025\/10\/primera-infancia-150x150.jpg",150,150,true],"medium":["https:\/\/infotep.com.ar\/wp-content\/uploads\/2025\/10\/primera-infancia-300x200.jpg",300,200,true],"medium_large":["https:\/\/infotep.com.ar\/wp-content\/uploads\/2025\/10\/primera-infancia-768x512.jpg",768,512,true],"large":["https:\/\/infotep.com.ar\/wp-content\/uploads\/2025\/10\/primera-infancia.jpg",1020,679,false],"1536x1536":["https:\/\/infotep.com.ar\/wp-content\/uploads\/2025\/10\/primera-infancia.jpg",1024,682,false],"2048x2048":["https:\/\/infotep.com.ar\/wp-content\/uploads\/2025\/10\/primera-infancia.jpg",1024,682,false],"blossom-feminine-slider":["https:\/\/infotep.com.ar\/wp-content\/uploads\/2025\/10\/primera-infancia-1024x649.jpg",1024,649,true],"blossom-feminine-featured":["https:\/\/infotep.com.ar\/wp-content\/uploads\/2025\/10\/primera-infancia-1024x600.jpg",1024,600,true],"blossom-feminine-with-sidebar":["https:\/\/infotep.com.ar\/wp-content\/uploads\/2025\/10\/primera-infancia-1020x600.jpg",1020,600,true],"blossom-feminine-blog":["https:\/\/infotep.com.ar\/wp-content\/uploads\/2025\/10\/primera-infancia-435x435.jpg",435,435,true],"blossom-feminine-cat":["https:\/\/infotep.com.ar\/wp-content\/uploads\/2025\/10\/primera-infancia-450x300.jpg",450,300,true],"blossom-feminine-related":["https:\/\/infotep.com.ar\/wp-content\/uploads\/2025\/10\/primera-infancia-320x200.jpg",320,200,true],"blossom-feminine-schema":["https:\/\/infotep.com.ar\/wp-content\/uploads\/2025\/10\/primera-infancia-90x60.jpg",90,60,true],"blossom-mommy-blog-slider-big":["https:\/\/infotep.com.ar\/wp-content\/uploads\/2025\/10\/primera-infancia-920x650.jpg",920,650,true],"blossom-mommy-blog-slider":["https:\/\/infotep.com.ar\/wp-content\/uploads\/2025\/10\/primera-infancia-460x310.jpg",460,310,true],"blossom-mommy-blog-two":["https:\/\/infotep.com.ar\/wp-content\/uploads\/2025\/10\/primera-infancia-768x480.jpg",768,480,true]},"author_info":{"info":["Angela Tobar"]},"category_info":"<a href=\"https:\/\/infotep.com.ar\/index.php\/category\/destacadas\/\" rel=\"category tag\">Destacadas<\/a> <a href=\"https:\/\/infotep.com.ar\/index.php\/category\/municipales\/moron\/\" rel=\"category tag\">Mor\u00f3n<\/a>","tag_info":"Mor\u00f3n","comment_count":"0","_links":{"self":[{"href":"https:\/\/infotep.com.ar\/index.php\/wp-json\/wp\/v2\/posts\/28626"}],"collection":[{"href":"https:\/\/infotep.com.ar\/index.php\/wp-json\/wp\/v2\/posts"}],"about":[{"href":"https:\/\/infotep.com.ar\/index.php\/wp-json\/wp\/v2\/types\/post"}],"author":[{"embeddable":true,"href":"https:\/\/infotep.com.ar\/index.php\/wp-json\/wp\/v2\/users\/5"}],"replies":[{"embeddable":true,"href":"https:\/\/infotep.com.ar\/index.php\/wp-json\/wp\/v2\/comments?post=28626"}],"version-history":[{"count":1,"href":"https:\/\/infotep.com.ar\/index.php\/wp-json\/wp\/v2\/posts\/28626\/revisions"}],"predecessor-version":[{"id":28628,"href":"https:\/\/infotep.com.ar\/index.php\/wp-json\/wp\/v2\/posts\/28626\/revisions\/28628"}],"wp:featuredmedia":[{"embeddable":true,"href":"https:\/\/infotep.com.ar\/index.php\/wp-json\/wp\/v2\/media\/28627"}],"wp:attachment":[{"href":"https:\/\/infotep.com.ar\/index.php\/wp-json\/wp\/v2\/media?parent=28626"}],"wp:term":[{"taxonomy":"category","embeddable":true,"href":"https:\/\/infotep.com.ar\/index.php\/wp-json\/wp\/v2\/categories?post=28626"},{"taxonomy":"post_tag","embeddable":true,"href":"https:\/\/infotep.com.ar\/index.php\/wp-json\/wp\/v2\/tags?post=28626"}],"curies":[{"name":"wp","href":"https:\/\/api.w.org\/{rel}","templated":true}]}}