{"id":28689,"date":"2025-10-16T11:14:56","date_gmt":"2025-10-16T14:14:56","guid":{"rendered":"https:\/\/infotep.com.ar\/?p=28689"},"modified":"2025-10-16T11:14:57","modified_gmt":"2025-10-16T14:14:57","slug":"pablo-descalzo-recorrio-la-obra-de-la-reserva-natural-del-rio-reconquista","status":"publish","type":"post","link":"https:\/\/infotep.com.ar\/index.php\/2025\/10\/16\/pablo-descalzo-recorrio-la-obra-de-la-reserva-natural-del-rio-reconquista\/","title":{"rendered":"Pablo Descalzo recorri\u00f3 la obra de la reserva natural del R\u00edo Reconquista"},"content":{"rendered":"\n<p>El intendente de Pablo Descalzo y el presidente del Comit\u00e9 de Cuenca del R\u00edo Reconquista (COMIREC) Daniel Larrache, supervisaron los avances de la obra de la Reserva Natural Urbana del R\u00edo Reconquista, ubicada en Autopista Camino del Buen Ayre y Mart\u00edn Fierro.<\/p>\n\n\n\n<p><strong>Los trabajos de puesta en valor, que est\u00e1n completados en un 70%, son realizados por el Gobierno Municipal y el Gobierno de la provincia de Buenos Aires, a trav\u00e9s del COMIREC. Estos incluyen el acondicionamiento de 26 hect\u00e1reas linderas al r\u00edo para el desarrollo de la investigaci\u00f3n y la preservaci\u00f3n de la flora y fauna aut\u00f3ctonas.<\/strong><\/p>\n\n\n\n<p>Adem\u00e1s, contempla la construcci\u00f3n de senderos y puentes peatonales; un centro de servicios; y espacios destinados a la recreaci\u00f3n y a la divulgaci\u00f3n cient\u00edfica, como un invern\u00e1culo, miradores y puntos de observaci\u00f3n de aves.<\/p>\n\n\n\n<p class=\"has-light-green-cyan-background-color has-background\">Al finalizar el recorrido, Pablo Descalzo destac\u00f3: \u201cEste es un proyecto en el que venimos trabajando hace muchos a\u00f1os con organizaciones vinculadas al cuidado de la flora y la fauna, que hoy nos acompa\u00f1aron para ver el avance de los trabajos\u201d. Y agreg\u00f3: \u201cEn Ituzaing\u00f3, el cuidado y la preservaci\u00f3n del ambiente y la biodiversidad es una prioridad, que tenemos en cuenta a la hora de planificar el desarrollo de nuestra ciudad\u201d.<\/p>\n\n\n\n<figure class=\"wp-block-image size-large\"><img decoding=\"async\" loading=\"lazy\" width=\"1024\" height=\"682\" src=\"https:\/\/infotep.com.ar\/wp-content\/uploads\/2025\/10\/Recorrido-por-la-Reserva-Natural-Urbana-3-1024x682.jpeg\" alt=\"\" class=\"wp-image-28691\" srcset=\"https:\/\/infotep.com.ar\/wp-content\/uploads\/2025\/10\/Recorrido-por-la-Reserva-Natural-Urbana-3-1024x682.jpeg 1024w, https:\/\/infotep.com.ar\/wp-content\/uploads\/2025\/10\/Recorrido-por-la-Reserva-Natural-Urbana-3-300x200.jpeg 300w, https:\/\/infotep.com.ar\/wp-content\/uploads\/2025\/10\/Recorrido-por-la-Reserva-Natural-Urbana-3-768x512.jpeg 768w, https:\/\/infotep.com.ar\/wp-content\/uploads\/2025\/10\/Recorrido-por-la-Reserva-Natural-Urbana-3-1536x1023.jpeg 1536w, https:\/\/infotep.com.ar\/wp-content\/uploads\/2025\/10\/Recorrido-por-la-Reserva-Natural-Urbana-3-450x300.jpeg 450w, https:\/\/infotep.com.ar\/wp-content\/uploads\/2025\/10\/Recorrido-por-la-Reserva-Natural-Urbana-3-90x60.jpeg 90w, https:\/\/infotep.com.ar\/wp-content\/uploads\/2025\/10\/Recorrido-por-la-Reserva-Natural-Urbana-3.jpeg 1600w\" sizes=\"(max-width: 1024px) 100vw, 1024px\" \/><\/figure>\n\n\n\n<p>Tambi\u00e9n participaron de la visita a la reserva el secretario de Planificaci\u00f3n, Desarrollo Urbano y Ambiente, Mart\u00edn Rossi; la subsecretaria de Ambiente y Desarrollo Sostenible, D\u00e9bora Guerra; y organizaciones civiles e instituciones que forman parte del Consejo Consultivo del R\u00edo Reconquista, como el Centro Oeste de Estudios Pol\u00edticos y Socio Ambientales (COEPSA); el Instituto Nacional de Tecnolog\u00eda Agropecuaria (INTA); y el Club de Observadores de Aves \u201cBicho Feo\u201d.<\/p>\n","protected":false},"excerpt":{"rendered":"<p>El intendente de Pablo Descalzo y el presidente del Comit&eacute; de Cuenca del R&iacute;o Reconquista (COMIREC) Daniel Larrache, supervisaron los avances de la obra de la Reserva Natural Urbana del R&iacute;o Reconquista, ubicada en Autopista Camino del Buen Ayre y Mart&iacute;n Fierro. Los trabajos de puesta en valor, que est&aacute;n completados en un 70%, son &hellip; <\/p>\n","protected":false},"author":5,"featured_media":28690,"comment_status":"closed","ping_status":"closed","sticky":false,"template":"","format":"standard","meta":{"om_disable_all_campaigns":false,"_joinchat":[]},"categories":[31,8],"tags":[46,43,569],"featured_image_urls":{"full":["https:\/\/infotep.com.ar\/wp-content\/uploads\/2025\/10\/Recorrido-por-la-Reserva-Natural-Urbana-4.jpeg",1600,1066,false],"thumbnail":["https:\/\/infotep.com.ar\/wp-content\/uploads\/2025\/10\/Recorrido-por-la-Reserva-Natural-Urbana-4-150x150.jpeg",150,150,true],"medium":["https:\/\/infotep.com.ar\/wp-content\/uploads\/2025\/10\/Recorrido-por-la-Reserva-Natural-Urbana-4-300x200.jpeg",300,200,true],"medium_large":["https:\/\/infotep.com.ar\/wp-content\/uploads\/2025\/10\/Recorrido-por-la-Reserva-Natural-Urbana-4-768x512.jpeg",768,512,true],"large":["https:\/\/infotep.com.ar\/wp-content\/uploads\/2025\/10\/Recorrido-por-la-Reserva-Natural-Urbana-4-1024x682.jpeg",1020,679,true],"1536x1536":["https:\/\/infotep.com.ar\/wp-content\/uploads\/2025\/10\/Recorrido-por-la-Reserva-Natural-Urbana-4-1536x1023.jpeg",1536,1023,true],"2048x2048":["https:\/\/infotep.com.ar\/wp-content\/uploads\/2025\/10\/Recorrido-por-la-Reserva-Natural-Urbana-4.jpeg",1600,1066,false],"blossom-feminine-slider":["https:\/\/infotep.com.ar\/wp-content\/uploads\/2025\/10\/Recorrido-por-la-Reserva-Natural-Urbana-4-1600x649.jpeg",1600,649,true],"blossom-feminine-featured":["https:\/\/infotep.com.ar\/wp-content\/uploads\/2025\/10\/Recorrido-por-la-Reserva-Natural-Urbana-4-1410x600.jpeg",1410,600,true],"blossom-feminine-with-sidebar":["https:\/\/infotep.com.ar\/wp-content\/uploads\/2025\/10\/Recorrido-por-la-Reserva-Natural-Urbana-4-1020x600.jpeg",1020,600,true],"blossom-feminine-blog":["https:\/\/infotep.com.ar\/wp-content\/uploads\/2025\/10\/Recorrido-por-la-Reserva-Natural-Urbana-4-435x435.jpeg",435,435,true],"blossom-feminine-cat":["https:\/\/infotep.com.ar\/wp-content\/uploads\/2025\/10\/Recorrido-por-la-Reserva-Natural-Urbana-4-450x300.jpeg",450,300,true],"blossom-feminine-related":["https:\/\/infotep.com.ar\/wp-content\/uploads\/2025\/10\/Recorrido-por-la-Reserva-Natural-Urbana-4-320x200.jpeg",320,200,true],"blossom-feminine-schema":["https:\/\/infotep.com.ar\/wp-content\/uploads\/2025\/10\/Recorrido-por-la-Reserva-Natural-Urbana-4-90x60.jpeg",90,60,true],"blossom-mommy-blog-slider-big":["https:\/\/infotep.com.ar\/wp-content\/uploads\/2025\/10\/Recorrido-por-la-Reserva-Natural-Urbana-4-920x650.jpeg",920,650,true],"blossom-mommy-blog-slider":["https:\/\/infotep.com.ar\/wp-content\/uploads\/2025\/10\/Recorrido-por-la-Reserva-Natural-Urbana-4-460x310.jpeg",460,310,true],"blossom-mommy-blog-two":["https:\/\/infotep.com.ar\/wp-content\/uploads\/2025\/10\/Recorrido-por-la-Reserva-Natural-Urbana-4-768x480.jpeg",768,480,true]},"author_info":{"info":["Angela Tobar"]},"category_info":"<a href=\"https:\/\/infotep.com.ar\/index.php\/category\/destacadas\/\" rel=\"category tag\">Destacadas<\/a> <a href=\"https:\/\/infotep.com.ar\/index.php\/category\/municipales\/ituzaingo\/\" rel=\"category tag\">Ituzaing\u00f3<\/a>","tag_info":"Ituzaing\u00f3","comment_count":"0","_links":{"self":[{"href":"https:\/\/infotep.com.ar\/index.php\/wp-json\/wp\/v2\/posts\/28689"}],"collection":[{"href":"https:\/\/infotep.com.ar\/index.php\/wp-json\/wp\/v2\/posts"}],"about":[{"href":"https:\/\/infotep.com.ar\/index.php\/wp-json\/wp\/v2\/types\/post"}],"author":[{"embeddable":true,"href":"https:\/\/infotep.com.ar\/index.php\/wp-json\/wp\/v2\/users\/5"}],"replies":[{"embeddable":true,"href":"https:\/\/infotep.com.ar\/index.php\/wp-json\/wp\/v2\/comments?post=28689"}],"version-history":[{"count":1,"href":"https:\/\/infotep.com.ar\/index.php\/wp-json\/wp\/v2\/posts\/28689\/revisions"}],"predecessor-version":[{"id":28692,"href":"https:\/\/infotep.com.ar\/index.php\/wp-json\/wp\/v2\/posts\/28689\/revisions\/28692"}],"wp:featuredmedia":[{"embeddable":true,"href":"https:\/\/infotep.com.ar\/index.php\/wp-json\/wp\/v2\/media\/28690"}],"wp:attachment":[{"href":"https:\/\/infotep.com.ar\/index.php\/wp-json\/wp\/v2\/media?parent=28689"}],"wp:term":[{"taxonomy":"category","embeddable":true,"href":"https:\/\/infotep.com.ar\/index.php\/wp-json\/wp\/v2\/categories?post=28689"},{"taxonomy":"post_tag","embeddable":true,"href":"https:\/\/infotep.com.ar\/index.php\/wp-json\/wp\/v2\/tags?post=28689"}],"curies":[{"name":"wp","href":"https:\/\/api.w.org\/{rel}","templated":true}]}}