{"id":28718,"date":"2025-10-17T14:00:52","date_gmt":"2025-10-17T17:00:52","guid":{"rendered":"https:\/\/infotep.com.ar\/?p=28718"},"modified":"2025-10-17T14:00:53","modified_gmt":"2025-10-17T17:00:53","slug":"tension-en-la-andis-familiares-ingresaron-al-edificio-y-pedian-abrir-un-canal-de-dialogo-con-autoridades","status":"publish","type":"post","link":"https:\/\/infotep.com.ar\/index.php\/2025\/10\/17\/tension-en-la-andis-familiares-ingresaron-al-edificio-y-pedian-abrir-un-canal-de-dialogo-con-autoridades\/","title":{"rendered":"Tensi\u00f3n en la ANDIS: familiares ingresaron al edificio y ped\u00edan abrir un canal de di\u00e1logo con autoridades"},"content":{"rendered":"\n<p>Manifestantes entraron por la fuerza a la ANDIS para exigir una reuni\u00f3n por el nomenclador. La actriz Valentina Bassi denunci\u00f3 \u201cmaltrato\u201d y \u201cdestrato\u201d.<\/p>\n\n\n\n<p><strong><br>Un grupo de manifestantes ingresaron hoy a la sede central de la Agencia Nacional de Discapacidad (ANDIS) y protagonizaron incidentes al haber ingresado por la fuerza con el fin de abrir un di\u00e1logo con autoridades de la entidad, ubicada en el barrio porte\u00f1o de Belgrano.<\/strong><\/p>\n\n\n\n<p>\u201cEsta reuni\u00f3n era para exigirle a (Alejandro) Vilches y todo el directorio que se junten para tratar el aumento del nomenclador. Ayer anunci\u00f3 que se juntaba el directorio, nos pusimos recontentos, y a las tres horas dijo que no, que no se juntaba nada\u201d, dijo a la prensa la actriz Valentina Bassi quien se moviliz\u00f3 junto a los familiares.<\/p>\n\n\n\n<p>En esa l\u00ednea, Bassi continu\u00f3: \u201cCon esas cosas, uno va juntando mucha bronca. Y cuando vinimos ac\u00e1 a marchar, quisimos entregar el petitorio, y no lo acept\u00f3. Eso no pasa nunca. Es un acto simb\u00f3lico\u201d. Y agreg\u00f3: \u201cQue no acepte el petitorio es un mont\u00f3n, un destrato; es un maltrato. Estamos recansados ya, por eso entramos\u201d.<\/p>\n\n\n\n<p>El Gobierno nacional a\u00fan no reglament\u00f3 la ley de emergencia en discapacidad que aprob\u00f3 el Congreso con el argumento de no tener claro la fuente de financiamiento. Esta decisi\u00f3n abri\u00f3 una moci\u00f3n de censura al jefe de la administraci\u00f3n libertaria, Guillermo Francos.<\/p>\n","protected":false},"excerpt":{"rendered":"<p>Manifestantes entraron por la fuerza a la ANDIS para exigir una reuni&oacute;n por el nomenclador. La actriz Valentina Bassi denunci&oacute; &ldquo;maltrato&rdquo; y &ldquo;destrato&rdquo;. Un grupo de manifestantes ingresaron hoy a la sede central de la Agencia Nacional de Discapacidad (ANDIS) y protagonizaron incidentes al haber ingresado por la fuerza con el fin de abrir un &hellip; <\/p>\n","protected":false},"author":5,"featured_media":28719,"comment_status":"closed","ping_status":"closed","sticky":false,"template":"","format":"standard","meta":{"om_disable_all_campaigns":false,"_joinchat":[]},"categories":[31,3],"tags":[46,43,569],"featured_image_urls":{"full":["https:\/\/infotep.com.ar\/wp-content\/uploads\/2025\/10\/720-1-3.webp",1274,720,false],"thumbnail":["https:\/\/infotep.com.ar\/wp-content\/uploads\/2025\/10\/720-1-3-150x150.webp",150,150,true],"medium":["https:\/\/infotep.com.ar\/wp-content\/uploads\/2025\/10\/720-1-3-300x170.webp",300,170,true],"medium_large":["https:\/\/infotep.com.ar\/wp-content\/uploads\/2025\/10\/720-1-3-768x434.webp",768,434,true],"large":["https:\/\/infotep.com.ar\/wp-content\/uploads\/2025\/10\/720-1-3-1024x579.webp",1020,577,true],"1536x1536":["https:\/\/infotep.com.ar\/wp-content\/uploads\/2025\/10\/720-1-3.webp",1274,720,false],"2048x2048":["https:\/\/infotep.com.ar\/wp-content\/uploads\/2025\/10\/720-1-3.webp",1274,720,false],"blossom-feminine-slider":["https:\/\/infotep.com.ar\/wp-content\/uploads\/2025\/10\/720-1-3-1274x649.webp",1274,649,true],"blossom-feminine-featured":["https:\/\/infotep.com.ar\/wp-content\/uploads\/2025\/10\/720-1-3-1274x600.webp",1274,600,true],"blossom-feminine-with-sidebar":["https:\/\/infotep.com.ar\/wp-content\/uploads\/2025\/10\/720-1-3-1020x600.webp",1020,600,true],"blossom-feminine-blog":["https:\/\/infotep.com.ar\/wp-content\/uploads\/2025\/10\/720-1-3-435x435.webp",435,435,true],"blossom-feminine-cat":["https:\/\/infotep.com.ar\/wp-content\/uploads\/2025\/10\/720-1-3-450x300.webp",450,300,true],"blossom-feminine-related":["https:\/\/infotep.com.ar\/wp-content\/uploads\/2025\/10\/720-1-3-320x200.webp",320,200,true],"blossom-feminine-schema":["https:\/\/infotep.com.ar\/wp-content\/uploads\/2025\/10\/720-1-3-106x60.webp",106,60,true],"blossom-mommy-blog-slider-big":["https:\/\/infotep.com.ar\/wp-content\/uploads\/2025\/10\/720-1-3-920x650.webp",920,650,true],"blossom-mommy-blog-slider":["https:\/\/infotep.com.ar\/wp-content\/uploads\/2025\/10\/720-1-3-460x310.webp",460,310,true],"blossom-mommy-blog-two":["https:\/\/infotep.com.ar\/wp-content\/uploads\/2025\/10\/720-1-3-768x480.webp",768,480,true]},"author_info":{"info":["Angela Tobar"]},"category_info":"<a href=\"https:\/\/infotep.com.ar\/index.php\/category\/destacadas\/\" rel=\"category tag\">Destacadas<\/a> <a href=\"https:\/\/infotep.com.ar\/index.php\/category\/nacionales\/\" rel=\"category tag\">Nacionales<\/a>","tag_info":"Nacionales","comment_count":"0","_links":{"self":[{"href":"https:\/\/infotep.com.ar\/index.php\/wp-json\/wp\/v2\/posts\/28718"}],"collection":[{"href":"https:\/\/infotep.com.ar\/index.php\/wp-json\/wp\/v2\/posts"}],"about":[{"href":"https:\/\/infotep.com.ar\/index.php\/wp-json\/wp\/v2\/types\/post"}],"author":[{"embeddable":true,"href":"https:\/\/infotep.com.ar\/index.php\/wp-json\/wp\/v2\/users\/5"}],"replies":[{"embeddable":true,"href":"https:\/\/infotep.com.ar\/index.php\/wp-json\/wp\/v2\/comments?post=28718"}],"version-history":[{"count":1,"href":"https:\/\/infotep.com.ar\/index.php\/wp-json\/wp\/v2\/posts\/28718\/revisions"}],"predecessor-version":[{"id":28720,"href":"https:\/\/infotep.com.ar\/index.php\/wp-json\/wp\/v2\/posts\/28718\/revisions\/28720"}],"wp:featuredmedia":[{"embeddable":true,"href":"https:\/\/infotep.com.ar\/index.php\/wp-json\/wp\/v2\/media\/28719"}],"wp:attachment":[{"href":"https:\/\/infotep.com.ar\/index.php\/wp-json\/wp\/v2\/media?parent=28718"}],"wp:term":[{"taxonomy":"category","embeddable":true,"href":"https:\/\/infotep.com.ar\/index.php\/wp-json\/wp\/v2\/categories?post=28718"},{"taxonomy":"post_tag","embeddable":true,"href":"https:\/\/infotep.com.ar\/index.php\/wp-json\/wp\/v2\/tags?post=28718"}],"curies":[{"name":"wp","href":"https:\/\/api.w.org\/{rel}","templated":true}]}}