{"id":28742,"date":"2025-10-17T18:14:45","date_gmt":"2025-10-17T21:14:45","guid":{"rendered":"https:\/\/infotep.com.ar\/?p=28742"},"modified":"2025-10-17T18:14:46","modified_gmt":"2025-10-17T21:14:46","slug":"sabbatella-la-lealtad-a-cristina-se-demuestra-exigiendo-su-libertad-y-reconociendo-su-liderazgo-y-su-vigencia","status":"publish","type":"post","link":"https:\/\/infotep.com.ar\/index.php\/2025\/10\/17\/sabbatella-la-lealtad-a-cristina-se-demuestra-exigiendo-su-libertad-y-reconociendo-su-liderazgo-y-su-vigencia\/","title":{"rendered":"Sabbatella: \u201cLa lealtad a Cristina se demuestra exigiendo su libertad y reconociendo su liderazgo y su vigencia\u201d"},"content":{"rendered":"\n<p>El presidente de Nuevo Encuentro Mart\u00edn Sabbatella participa hoy de la multitudinaria caravana nacional a San Jos\u00e9 1111, en un nuevo D\u00eda de la Lealtad Peronista.<\/p>\n\n\n\n<p>\u201cLa lealtad no se negocia ni se condiciona. Lealtad es exigir la libertad de Cristina, injustamente presa por garantizar los derechos de las mayor\u00edas y enfrentar a los poderes que hoy gobiernan\u201d, afirm\u00f3 Sabbatella y agreg\u00f3: \u201cLas banderas del peronismo son las banderas de Cristina, porque son las que flamean por los sue\u00f1os y deseos del Pueblo argentino\u201d.<\/p>\n\n\n\n<p>\u201cHoy se cumplen 80 a\u00f1os de aquella gesta enorme en la que el Pueblo sali\u00f3 a la calle para exigir la libertad del general Per\u00f3n -record\u00f3 el dirigente kirchnerista desde la columna de Nuevo Encuentro-. Fue un hecho fundante de nuestra historia, de nuestra identidad pol\u00edtica. Y hoy volvemos a marchar desde cada rinc\u00f3n del pa\u00eds para exigir la libertad de la compa\u00f1era Cristina Fern\u00e1ndez de Kirchner, que est\u00e1 injustamente encarcelada por el Partido Judicial y los poderes econ\u00f3micos que gobiernan\u201d.<\/p>\n\n\n\n<p>\u201cCristina no est\u00e1 sola. Aunque la proscriban y la quieran aislar siempre habremos miles y miles en todo el pa\u00eds exigiendo su libertad y militando para que vuelva a conducir los destinos de la Patria. Porque no es casual que la principal l\u00edder opositora est\u00e9 encarcelada mientras Milei y sus socios entregan la soberan\u00eda, la producci\u00f3n, el trabajo, los recursos al poder econ\u00f3mico de Estados Unidos y sus socios locales. La esperanza de un futuro digno, justo y soberano se cimenta en la libertad de Cristina\u201d, agreg\u00f3 el ex intendente de Mor\u00f3n.<\/p>\n\n\n\n<p>En ese sentido, Sabbatella remarc\u00f3: \u201cLa derrota electoral de Milei en las elecciones de septiembre y la que se avecina para el pr\u00f3ximo 26 son consecuencia de un Pueblo que tiene memoria, que no se resigna a perder todo lo que hab\u00edamos recuperado durante los gobiernos de N\u00e9stor y Cristina y que quiere ver de nuevo a una Argentina de pie, con crecimiento, con trabajo, con dignidad para nuestros abuelos y futuro para nuestros hijos e hijas\u201d.<\/p>\n\n\n\n<p>\u201cPor eso, marchar hoy es un acto profundamente pol\u00edtico. Porque la verdadera lealtad a Cristina se demuestra exigiendo su libertad y reconociendo su liderazgo para lo que viene. Porque con Cristina libre, el Pueblo vuelve a tener futuro\u201d, concluy\u00f3 el presidente de Nuevo Encuentro.<\/p>\n","protected":false},"excerpt":{"rendered":"<p>El presidente de Nuevo Encuentro Mart&iacute;n Sabbatella participa hoy de la multitudinaria caravana nacional a San Jos&eacute; 1111, en un nuevo D&iacute;a de la Lealtad Peronista. &ldquo;La lealtad no se negocia ni se condiciona. Lealtad es exigir la libertad de Cristina, injustamente presa por garantizar los derechos de las mayor&iacute;as y enfrentar a los poderes &hellip; <\/p>\n","protected":false},"author":5,"featured_media":28743,"comment_status":"closed","ping_status":"closed","sticky":false,"template":"","format":"standard","meta":{"om_disable_all_campaigns":false,"_joinchat":[]},"categories":[4],"tags":[46,43,569],"featured_image_urls":{"full":["https:\/\/infotep.com.ar\/wp-content\/uploads\/2025\/10\/cristina-libre.jpg",1280,960,false],"thumbnail":["https:\/\/infotep.com.ar\/wp-content\/uploads\/2025\/10\/cristina-libre-150x150.jpg",150,150,true],"medium":["https:\/\/infotep.com.ar\/wp-content\/uploads\/2025\/10\/cristina-libre-300x225.jpg",300,225,true],"medium_large":["https:\/\/infotep.com.ar\/wp-content\/uploads\/2025\/10\/cristina-libre-768x576.jpg",768,576,true],"large":["https:\/\/infotep.com.ar\/wp-content\/uploads\/2025\/10\/cristina-libre-1024x768.jpg",1020,765,true],"1536x1536":["https:\/\/infotep.com.ar\/wp-content\/uploads\/2025\/10\/cristina-libre.jpg",1280,960,false],"2048x2048":["https:\/\/infotep.com.ar\/wp-content\/uploads\/2025\/10\/cristina-libre.jpg",1280,960,false],"blossom-feminine-slider":["https:\/\/infotep.com.ar\/wp-content\/uploads\/2025\/10\/cristina-libre-1280x649.jpg",1280,649,true],"blossom-feminine-featured":["https:\/\/infotep.com.ar\/wp-content\/uploads\/2025\/10\/cristina-libre-1280x600.jpg",1280,600,true],"blossom-feminine-with-sidebar":["https:\/\/infotep.com.ar\/wp-content\/uploads\/2025\/10\/cristina-libre-1020x600.jpg",1020,600,true],"blossom-feminine-blog":["https:\/\/infotep.com.ar\/wp-content\/uploads\/2025\/10\/cristina-libre-435x435.jpg",435,435,true],"blossom-feminine-cat":["https:\/\/infotep.com.ar\/wp-content\/uploads\/2025\/10\/cristina-libre-450x300.jpg",450,300,true],"blossom-feminine-related":["https:\/\/infotep.com.ar\/wp-content\/uploads\/2025\/10\/cristina-libre-320x200.jpg",320,200,true],"blossom-feminine-schema":["https:\/\/infotep.com.ar\/wp-content\/uploads\/2025\/10\/cristina-libre-80x60.jpg",80,60,true],"blossom-mommy-blog-slider-big":["https:\/\/infotep.com.ar\/wp-content\/uploads\/2025\/10\/cristina-libre-920x650.jpg",920,650,true],"blossom-mommy-blog-slider":["https:\/\/infotep.com.ar\/wp-content\/uploads\/2025\/10\/cristina-libre-460x310.jpg",460,310,true],"blossom-mommy-blog-two":["https:\/\/infotep.com.ar\/wp-content\/uploads\/2025\/10\/cristina-libre-768x480.jpg",768,480,true]},"author_info":{"info":["Angela Tobar"]},"category_info":"<a href=\"https:\/\/infotep.com.ar\/index.php\/category\/provinciales\/\" rel=\"category tag\">Provinciales<\/a>","tag_info":"Provinciales","comment_count":"0","_links":{"self":[{"href":"https:\/\/infotep.com.ar\/index.php\/wp-json\/wp\/v2\/posts\/28742"}],"collection":[{"href":"https:\/\/infotep.com.ar\/index.php\/wp-json\/wp\/v2\/posts"}],"about":[{"href":"https:\/\/infotep.com.ar\/index.php\/wp-json\/wp\/v2\/types\/post"}],"author":[{"embeddable":true,"href":"https:\/\/infotep.com.ar\/index.php\/wp-json\/wp\/v2\/users\/5"}],"replies":[{"embeddable":true,"href":"https:\/\/infotep.com.ar\/index.php\/wp-json\/wp\/v2\/comments?post=28742"}],"version-history":[{"count":1,"href":"https:\/\/infotep.com.ar\/index.php\/wp-json\/wp\/v2\/posts\/28742\/revisions"}],"predecessor-version":[{"id":28744,"href":"https:\/\/infotep.com.ar\/index.php\/wp-json\/wp\/v2\/posts\/28742\/revisions\/28744"}],"wp:featuredmedia":[{"embeddable":true,"href":"https:\/\/infotep.com.ar\/index.php\/wp-json\/wp\/v2\/media\/28743"}],"wp:attachment":[{"href":"https:\/\/infotep.com.ar\/index.php\/wp-json\/wp\/v2\/media?parent=28742"}],"wp:term":[{"taxonomy":"category","embeddable":true,"href":"https:\/\/infotep.com.ar\/index.php\/wp-json\/wp\/v2\/categories?post=28742"},{"taxonomy":"post_tag","embeddable":true,"href":"https:\/\/infotep.com.ar\/index.php\/wp-json\/wp\/v2\/tags?post=28742"}],"curies":[{"name":"wp","href":"https:\/\/api.w.org\/{rel}","templated":true}]}}