{"id":28745,"date":"2025-10-17T18:21:31","date_gmt":"2025-10-17T21:21:31","guid":{"rendered":"https:\/\/infotep.com.ar\/?p=28745"},"modified":"2025-10-17T18:23:02","modified_gmt":"2025-10-17T21:23:02","slug":"cancer-de-mama-la-provincia-de-buenos-aires-adelanto-en-10-anos-la-edad-para-la-primera-mamografia","status":"publish","type":"post","link":"https:\/\/infotep.com.ar\/index.php\/2025\/10\/17\/cancer-de-mama-la-provincia-de-buenos-aires-adelanto-en-10-anos-la-edad-para-la-primera-mamografia\/","title":{"rendered":"C\u00e1ncer de mama: La Provincia de Buenos Aires adelant\u00f3 en 10 a\u00f1os la edad para la primera mamograf\u00eda"},"content":{"rendered":"\n<p>El pr\u00f3ximo 19 de octubre se conmemora el D\u00eda Mundial de Lucha contra el C\u00e1ncer de Mama, fecha impulsada por la Organizaci\u00f3n Mundial de la Salud (OMS) con el objetivo de generar conciencia en la poblaci\u00f3n y los estados frente a esta enfermedad. As\u00ed como ratificar la necesidad de su diagn\u00f3stico temprano, un tratamiento accesible y oportuno y la incorporaci\u00f3n de cuidados paliativos cuando sea necesario.<\/p>\n\n\n\n<p>El c\u00e1ncer de mama es una enfermedad que afecta mayormente a las mujeres (constituye la primera causa de muerte en la poblaci\u00f3n femenina a nivel mundial) pero tambi\u00e9n puede llegar a afectar a varones.<\/p>\n\n\n\n<p> En Argentina, es el tumor m\u00e1s frecuente: cada d\u00eda se diagnostican 360 nuevos casos, a raz\u00f3n de 15 por hora, de los cuales 60 corresponden a la provincia de Buenos Aires. En cuanto a mortalidad, este tumor que puede no dar ning\u00fan s\u00edntoma hasta etapas avanzadas, provoca 20 muertes diarias y se estima que una de cada ocho mujeres lo padecer\u00e1 antes de cumplir los 85 a\u00f1os.<\/p>\n\n\n\n<p class=\"has-light-green-cyan-background-color has-background\">Por eso, la Provincia de Buenos Aires acaba de implementar una decisi\u00f3n hist\u00f3rica: la edad de la primera mamograf\u00eda se indicar\u00e1 a los 40 a\u00f1os. O sea 10 a\u00f1os antes de lo que se estaba realizando, con una frecuencia bienal (y seg\u00fan criterio m\u00e9dico) hasta los 75 (siempre que se trate de personas sin antecedentes familiares de este tumor).<\/p>\n\n\n\n<p>Se trata de una iniciativa del Instituto Provincial del C\u00e1ncer (IPC), que depende del Ministerio de Salud de la Provincia de Buenos Aires, y cuenta con el respaldo de las sociedades cient\u00edficas que m\u00e1s investigan esta enfermedad. El fundamento es sencillo: <strong>el conocimiento probado de que diagnosticar el c\u00e1ncer de mama en sus etapas iniciales permite que el 90 por ciento de las personas afectadas se curen.<\/strong><\/p>\n\n\n\n<p>Siguiendo con esta pol\u00edtica p\u00fablica sanitaria, el gobierno bonaerense destac\u00f3 que &#8220;tambi\u00e9n se fortaleci\u00f3 el sistema de salud p\u00fablica para que todas las personas tengan un mayor y mejor acceso al diagn\u00f3stico y a los tratamientos: en el \u00faltimo a\u00f1o compraron e instalaron 22 nuevos mam\u00f3grafos en hospitales p\u00fablicos bonaerenses, de modo que en el sistema p\u00fablico provincial y municipal se cuenta con un total de 187 mam\u00f3grafos. Asimismo, se planific\u00f3 la adquisici\u00f3n y entrega de insumos por parte del Instituto Provincial del C\u00e1ncer a todas las personas con cobertura p\u00fablica exclusiva&#8221;.<\/p>\n\n\n\n<p>Esta semana fue inaugurada la sala de mamograf\u00eda del Hospital Petrona V. de Cordero, en la localidad de San Fernando, donde adem\u00e1s se llevan adelante distintas actividades de concientizaci\u00f3n, consultas m\u00e9dicas y una \u201cMarat\u00f3n de Mamograf\u00edas\u201d gratuitas sin turno previo.<\/p>\n\n\n\n<p><strong>Cabe destacar que la Organizaci\u00f3n Mundial de la Salud se\u00f1ala que las desigualdades en el mundo se manifiestan tambi\u00e9n para esta enfermedad. Adem\u00e1s de la exposici\u00f3n a factores de riesgos, la desigualdad en el acceso a diagn\u00f3stico temprano y tratamiento oportuno, introduce un comportamiento diferencial en la mortalidad. As\u00ed es que en pa\u00edses con un \u00cdndice de Desarrollo Humano (IDH) muy alto, se diagnosticar\u00e1 c\u00e1ncer de mama a una de cada 12 mujeres en el curso de su vida, y una de cada 71 mujeres morir\u00e1 por esa enfermedad. En cambio, en pa\u00edses con un bajo IDH, se diagnostica<\/strong> c\u00e1ncer de mama a una de cada 27 mujeres en el curso de su vida, una de cada 48 morir\u00e1 por esa enfermedad.<\/p>\n\n\n\n<p>En este sentido, la Provincia de Buenos Aires alert\u00e7o que &#8220;ha tenido un notorio incremento en las prestaciones de salud p\u00fablica debido a las pol\u00edticas de ajuste implementadas por el gobierno nacional que obligaron a muchas personas a abandonar el sistema privado. De igual manera, desde el Poder Ejecutivo Nacional se han quitado recursos a la investigaci\u00f3n cient\u00edfica en c\u00e1ncer y se dispuso el cierre del Instituto Nacional del C\u00e1ncer&#8221;.<\/p>\n\n\n\n<p><strong>Casa de gobierno de la Provincia iluminada<\/strong><br><strong><br><\/strong>Durante toda esta semana, la casa de Gobierno bonaerense estar\u00e1 iluminada de rosa como parte de la conmemoraci\u00f3n del Mes y D\u00eda Mundial de Lucha contra el C\u00e1ncer de Mama.<\/p>\n","protected":false},"excerpt":{"rendered":"<p>El pr&oacute;ximo 19 de octubre se conmemora el D&iacute;a Mundial de Lucha contra el C&aacute;ncer de Mama, fecha impulsada por la Organizaci&oacute;n Mundial de la Salud (OMS) con el objetivo de generar conciencia en la poblaci&oacute;n y los estados frente a esta enfermedad. As&iacute; como ratificar la necesidad de su diagn&oacute;stico temprano, un tratamiento accesible &hellip; <\/p>\n","protected":false},"author":5,"featured_media":28746,"comment_status":"closed","ping_status":"closed","sticky":false,"template":"","format":"standard","meta":{"om_disable_all_campaigns":false,"_joinchat":[]},"categories":[4],"tags":[46,43,569],"featured_image_urls":{"full":["https:\/\/infotep.com.ar\/wp-content\/uploads\/2025\/10\/cancer-de-mama.jpg",1299,866,false],"thumbnail":["https:\/\/infotep.com.ar\/wp-content\/uploads\/2025\/10\/cancer-de-mama-150x150.jpg",150,150,true],"medium":["https:\/\/infotep.com.ar\/wp-content\/uploads\/2025\/10\/cancer-de-mama-300x200.jpg",300,200,true],"medium_large":["https:\/\/infotep.com.ar\/wp-content\/uploads\/2025\/10\/cancer-de-mama-768x512.jpg",768,512,true],"large":["https:\/\/infotep.com.ar\/wp-content\/uploads\/2025\/10\/cancer-de-mama-1024x683.jpg",1020,680,true],"1536x1536":["https:\/\/infotep.com.ar\/wp-content\/uploads\/2025\/10\/cancer-de-mama.jpg",1299,866,false],"2048x2048":["https:\/\/infotep.com.ar\/wp-content\/uploads\/2025\/10\/cancer-de-mama.jpg",1299,866,false],"blossom-feminine-slider":["https:\/\/infotep.com.ar\/wp-content\/uploads\/2025\/10\/cancer-de-mama-1299x649.jpg",1299,649,true],"blossom-feminine-featured":["https:\/\/infotep.com.ar\/wp-content\/uploads\/2025\/10\/cancer-de-mama-1299x600.jpg",1299,600,true],"blossom-feminine-with-sidebar":["https:\/\/infotep.com.ar\/wp-content\/uploads\/2025\/10\/cancer-de-mama-1020x600.jpg",1020,600,true],"blossom-feminine-blog":["https:\/\/infotep.com.ar\/wp-content\/uploads\/2025\/10\/cancer-de-mama-435x435.jpg",435,435,true],"blossom-feminine-cat":["https:\/\/infotep.com.ar\/wp-content\/uploads\/2025\/10\/cancer-de-mama-450x300.jpg",450,300,true],"blossom-feminine-related":["https:\/\/infotep.com.ar\/wp-content\/uploads\/2025\/10\/cancer-de-mama-320x200.jpg",320,200,true],"blossom-feminine-schema":["https:\/\/infotep.com.ar\/wp-content\/uploads\/2025\/10\/cancer-de-mama-90x60.jpg",90,60,true],"blossom-mommy-blog-slider-big":["https:\/\/infotep.com.ar\/wp-content\/uploads\/2025\/10\/cancer-de-mama-920x650.jpg",920,650,true],"blossom-mommy-blog-slider":["https:\/\/infotep.com.ar\/wp-content\/uploads\/2025\/10\/cancer-de-mama-460x310.jpg",460,310,true],"blossom-mommy-blog-two":["https:\/\/infotep.com.ar\/wp-content\/uploads\/2025\/10\/cancer-de-mama-768x480.jpg",768,480,true]},"author_info":{"info":["Angela Tobar"]},"category_info":"<a href=\"https:\/\/infotep.com.ar\/index.php\/category\/provinciales\/\" rel=\"category tag\">Provinciales<\/a>","tag_info":"Provinciales","comment_count":"0","_links":{"self":[{"href":"https:\/\/infotep.com.ar\/index.php\/wp-json\/wp\/v2\/posts\/28745"}],"collection":[{"href":"https:\/\/infotep.com.ar\/index.php\/wp-json\/wp\/v2\/posts"}],"about":[{"href":"https:\/\/infotep.com.ar\/index.php\/wp-json\/wp\/v2\/types\/post"}],"author":[{"embeddable":true,"href":"https:\/\/infotep.com.ar\/index.php\/wp-json\/wp\/v2\/users\/5"}],"replies":[{"embeddable":true,"href":"https:\/\/infotep.com.ar\/index.php\/wp-json\/wp\/v2\/comments?post=28745"}],"version-history":[{"count":2,"href":"https:\/\/infotep.com.ar\/index.php\/wp-json\/wp\/v2\/posts\/28745\/revisions"}],"predecessor-version":[{"id":28749,"href":"https:\/\/infotep.com.ar\/index.php\/wp-json\/wp\/v2\/posts\/28745\/revisions\/28749"}],"wp:featuredmedia":[{"embeddable":true,"href":"https:\/\/infotep.com.ar\/index.php\/wp-json\/wp\/v2\/media\/28746"}],"wp:attachment":[{"href":"https:\/\/infotep.com.ar\/index.php\/wp-json\/wp\/v2\/media?parent=28745"}],"wp:term":[{"taxonomy":"category","embeddable":true,"href":"https:\/\/infotep.com.ar\/index.php\/wp-json\/wp\/v2\/categories?post=28745"},{"taxonomy":"post_tag","embeddable":true,"href":"https:\/\/infotep.com.ar\/index.php\/wp-json\/wp\/v2\/tags?post=28745"}],"curies":[{"name":"wp","href":"https:\/\/api.w.org\/{rel}","templated":true}]}}