{"id":2880,"date":"2023-01-18T15:34:07","date_gmt":"2023-01-18T18:34:07","guid":{"rendered":"https:\/\/infotep.com.ar\/?p=2880"},"modified":"2023-01-18T15:34:07","modified_gmt":"2023-01-18T18:34:07","slug":"merlo-firmo-un-convenio-contra-la-violencia-por-razones-de-genero","status":"publish","type":"post","link":"https:\/\/infotep.com.ar\/index.php\/2023\/01\/18\/merlo-firmo-un-convenio-contra-la-violencia-por-razones-de-genero\/","title":{"rendered":"Merlo firm\u00f3 un convenio contra la violencia por razones de g\u00e9nero"},"content":{"rendered":"\n<p>La Intendenta de Merlo Karina Men\u00e9ndez y la Ministra de las Mujeres, Pol\u00edticas de G\u00e9nero y Diversidad Sexual de la Provincia, Estela D\u00edaz firmaron un acuerdo por el cual el Municipio se adhiere al Fondo Especial de Emergencia en Violencias por Razones de G\u00e9nero para fortalecer las \u00e1reas municipales que intervienen en la protecci\u00f3n, asistencia y atenci\u00f3n de los casos de violencias.<\/p>\n\n\n\n<p class=\"has-light-green-cyan-background-color has-background\">El Fondo Especial de Emergencia es un instrumento espec\u00edfico para enfrentar situaciones que requieren acci\u00f3n inmediata y acompa\u00f1amiento ante casos de gravedad. Es un dinero que ser\u00e1 destinado a cubrir traslados y movilidad, cualquiera fuese el transporte, alojamiento, comida, gastos m\u00e9dicos de urgencia, fotocopias de documentaci\u00f3n, entre otros.<\/p>\n\n\n\n<p>Estos recursos, provistos por el Gobierno Provincial, ser\u00e1n administrados por el \u00e1rea de G\u00e9nero municipal. El Ministerio considera, en este sentido, que los recursos se encuentren accesibles en la localidad en donde se realizare la intervenci\u00f3n y que se sume al conjunto de dispositivos de asistencia y atenci\u00f3n que se articulan desde las Mesas Locales Intersectoriales.<\/p>\n\n\n\n<p>La mandataria merlense manifesto \u201cEs un placer y un orgullo trabajar en el territorio codo a codo con la Provincia, que se sensibilicen con las problem\u00e1ticas de nuestras vecinas y planificar acciones conjuntas para brindarles una mejor calidad de vida\u201c.<\/p>\n\n\n\n<p>\u201cLa gesti\u00f3n de nuestro Ministerio es en permanente intercambio con los gobiernos locales para que las pol\u00edticas p\u00fablicas de prevenci\u00f3n y abordaje sean de cercan\u00eda y las respuestas sean situadas\u201d, expres\u00f3 la Ministra Estela D\u00edaz, al tiempo que sostuvo sobre la firma con la Intendenta de Merlo: \u201cSiempre es valioso el intercambio con dirigentas que trabajan en sus territorios con el compromiso de construir igualdad y justicia social\u201d.<\/p>\n","protected":false},"excerpt":{"rendered":"<p>La Intendenta de Merlo Karina Men&eacute;ndez y la Ministra de las Mujeres, Pol&iacute;ticas de G&eacute;nero y Diversidad Sexual de la Provincia, Estela D&iacute;az firmaron un acuerdo por el cual el Municipio se adhiere al Fondo Especial de Emergencia en Violencias por Razones de G&eacute;nero para fortalecer las &aacute;reas municipales que intervienen en la protecci&oacute;n, asistencia &hellip; <\/p>\n","protected":false},"author":5,"featured_media":2881,"comment_status":"closed","ping_status":"closed","sticky":false,"template":"","format":"standard","meta":{"om_disable_all_campaigns":false,"_joinchat":[]},"categories":[10],"tags":[46,292,287,43],"featured_image_urls":{"full":["https:\/\/infotep.com.ar\/wp-content\/uploads\/2023\/01\/KM-con-Estela-Diaz-Firma-de-Convenio-contra-las-Violencias-7.jpg",2048,1365,false],"thumbnail":["https:\/\/infotep.com.ar\/wp-content\/uploads\/2023\/01\/KM-con-Estela-Diaz-Firma-de-Convenio-contra-las-Violencias-7-150x150.jpg",150,150,true],"medium":["https:\/\/infotep.com.ar\/wp-content\/uploads\/2023\/01\/KM-con-Estela-Diaz-Firma-de-Convenio-contra-las-Violencias-7-300x200.jpg",300,200,true],"medium_large":["https:\/\/infotep.com.ar\/wp-content\/uploads\/2023\/01\/KM-con-Estela-Diaz-Firma-de-Convenio-contra-las-Violencias-7-768x512.jpg",768,512,true],"large":["https:\/\/infotep.com.ar\/wp-content\/uploads\/2023\/01\/KM-con-Estela-Diaz-Firma-de-Convenio-contra-las-Violencias-7-1024x683.jpg",1020,680,true],"1536x1536":["https:\/\/infotep.com.ar\/wp-content\/uploads\/2023\/01\/KM-con-Estela-Diaz-Firma-de-Convenio-contra-las-Violencias-7-1536x1024.jpg",1536,1024,true],"2048x2048":["https:\/\/infotep.com.ar\/wp-content\/uploads\/2023\/01\/KM-con-Estela-Diaz-Firma-de-Convenio-contra-las-Violencias-7.jpg",2048,1365,false],"blossom-feminine-slider":["https:\/\/infotep.com.ar\/wp-content\/uploads\/2023\/01\/KM-con-Estela-Diaz-Firma-de-Convenio-contra-las-Violencias-7-1920x649.jpg",1920,649,true],"blossom-feminine-featured":["https:\/\/infotep.com.ar\/wp-content\/uploads\/2023\/01\/KM-con-Estela-Diaz-Firma-de-Convenio-contra-las-Violencias-7-1410x600.jpg",1410,600,true],"blossom-feminine-with-sidebar":["https:\/\/infotep.com.ar\/wp-content\/uploads\/2023\/01\/KM-con-Estela-Diaz-Firma-de-Convenio-contra-las-Violencias-7-1020x600.jpg",1020,600,true],"blossom-feminine-blog":["https:\/\/infotep.com.ar\/wp-content\/uploads\/2023\/01\/KM-con-Estela-Diaz-Firma-de-Convenio-contra-las-Violencias-7-435x435.jpg",435,435,true],"blossom-feminine-cat":["https:\/\/infotep.com.ar\/wp-content\/uploads\/2023\/01\/KM-con-Estela-Diaz-Firma-de-Convenio-contra-las-Violencias-7-450x300.jpg",450,300,true],"blossom-feminine-related":["https:\/\/infotep.com.ar\/wp-content\/uploads\/2023\/01\/KM-con-Estela-Diaz-Firma-de-Convenio-contra-las-Violencias-7-320x200.jpg",320,200,true],"blossom-feminine-schema":["https:\/\/infotep.com.ar\/wp-content\/uploads\/2023\/01\/KM-con-Estela-Diaz-Firma-de-Convenio-contra-las-Violencias-7-90x60.jpg",90,60,true],"blossom-mommy-blog-slider-big":["https:\/\/infotep.com.ar\/wp-content\/uploads\/2023\/01\/KM-con-Estela-Diaz-Firma-de-Convenio-contra-las-Violencias-7-920x650.jpg",920,650,true],"blossom-mommy-blog-slider":["https:\/\/infotep.com.ar\/wp-content\/uploads\/2023\/01\/KM-con-Estela-Diaz-Firma-de-Convenio-contra-las-Violencias-7-460x310.jpg",460,310,true],"blossom-mommy-blog-two":["https:\/\/infotep.com.ar\/wp-content\/uploads\/2023\/01\/KM-con-Estela-Diaz-Firma-de-Convenio-contra-las-Violencias-7-768x480.jpg",768,480,true]},"author_info":{"info":["Angela Tobar"]},"category_info":"<a href=\"https:\/\/infotep.com.ar\/index.php\/category\/municipales\/merlo\/\" rel=\"category tag\">Merlo<\/a>","tag_info":"Merlo","comment_count":"0","_links":{"self":[{"href":"https:\/\/infotep.com.ar\/index.php\/wp-json\/wp\/v2\/posts\/2880"}],"collection":[{"href":"https:\/\/infotep.com.ar\/index.php\/wp-json\/wp\/v2\/posts"}],"about":[{"href":"https:\/\/infotep.com.ar\/index.php\/wp-json\/wp\/v2\/types\/post"}],"author":[{"embeddable":true,"href":"https:\/\/infotep.com.ar\/index.php\/wp-json\/wp\/v2\/users\/5"}],"replies":[{"embeddable":true,"href":"https:\/\/infotep.com.ar\/index.php\/wp-json\/wp\/v2\/comments?post=2880"}],"version-history":[{"count":1,"href":"https:\/\/infotep.com.ar\/index.php\/wp-json\/wp\/v2\/posts\/2880\/revisions"}],"predecessor-version":[{"id":2882,"href":"https:\/\/infotep.com.ar\/index.php\/wp-json\/wp\/v2\/posts\/2880\/revisions\/2882"}],"wp:featuredmedia":[{"embeddable":true,"href":"https:\/\/infotep.com.ar\/index.php\/wp-json\/wp\/v2\/media\/2881"}],"wp:attachment":[{"href":"https:\/\/infotep.com.ar\/index.php\/wp-json\/wp\/v2\/media?parent=2880"}],"wp:term":[{"taxonomy":"category","embeddable":true,"href":"https:\/\/infotep.com.ar\/index.php\/wp-json\/wp\/v2\/categories?post=2880"},{"taxonomy":"post_tag","embeddable":true,"href":"https:\/\/infotep.com.ar\/index.php\/wp-json\/wp\/v2\/tags?post=2880"}],"curies":[{"name":"wp","href":"https:\/\/api.w.org\/{rel}","templated":true}]}}