{"id":28818,"date":"2025-10-21T01:09:20","date_gmt":"2025-10-21T04:09:20","guid":{"rendered":"https:\/\/infotep.com.ar\/?p=28818"},"modified":"2025-10-21T01:09:21","modified_gmt":"2025-10-21T04:09:21","slug":"paro-universitario-nacional-para-reclamar-por-la-ley-de-financiamiento","status":"publish","type":"post","link":"https:\/\/infotep.com.ar\/index.php\/2025\/10\/21\/paro-universitario-nacional-para-reclamar-por-la-ley-de-financiamiento\/","title":{"rendered":"Paro universitario nacional para reclamar por la ley de Financiamiento"},"content":{"rendered":"\n<p>El plazo legal del Poder Ejecutivo para sancionar la norma venci\u00f3 este lunes. CONADU anunci\u00f3 un plan de lucha para el martes y mi\u00e9rcoles.<\/p>\n\n\n\n<p>En respuesta a la dilaci\u00f3n del Gobierno para promulgar la ley de Financiamiento Universitario, la Federaci\u00f3n Nacional de Docentes Universitarios (CONADU) anunci\u00f3 medidas de fuerza para esta semana, ante el vencimiento de los plazos legales para sancionar la norma. Este martes, habr\u00e1 una jornada de protesta y el mi\u00e9rcoles se llevar\u00e1 a cabo un paro de 24 horas en todo el pa\u00eds.<\/p>\n\n\n\n<p><strong>Se espera que docentes, estudiantes y organizaciones sociales se sumen a las medidas de fuerza para reforzar el reclamo contra el Gobierno. La ley recibi\u00f3 la aprobaci\u00f3n del Congreso, luego del veto del Poder Ejecutivo, gracias al voto favorable de m\u00e1s de dos tercios de cada una de las C\u00e1maras. Algunas universidades parar\u00e1n tanto el martes como el mi\u00e9rcoles.<\/strong><br><br>&#8220;La dilaci\u00f3n del Gobierno s\u00f3lo genera tensi\u00f3n y malestar&#8221;, apunt\u00f3 el Secretario General de FAGDUT, Ricardo Mozzi. &#8220;Hoy es el \u00faltimo d\u00eda que tiene el Ejecutivo para promulgar la Ley de Financiamiento Universitario y el silencio es total. Senadores y Diputados ya la aprobaron y adem\u00e1s rechazaron su veto, \u00bfQu\u00e9 m\u00e1s quieren?&#8221;, pregunt\u00f3 el gremialista en nombre de los docentes de la UTN, que no tendr\u00e1 clases en ninguna de sus 30 facultades ni el martes ni el mi\u00e9rcoles.<\/p>\n\n\n\n<p>En la misma l\u00ednea, Mozzi agreg\u00f3: &#8220;Mientras el Presidente Milei sigue enfocado en contraer deuda en d\u00f3lares para negocios de unos pocos, m\u00e1s de la mitad de los docentes universitarios est\u00e1n bajo la l\u00ednea de la pobreza&#8221;.<\/p>\n\n\n\n<p>Desde la UBA, los gremios de docentes y nodocentes anunciaron que tambi\u00e9n se plegar\u00e1n a las medidas de fuerza. &#8220;Ante el incumplimiento por parte del Poder Ejecutivo Nacional de promulgar la Ley de Financiamiento Universitario en el Bolet\u00edn Oficial y dar cumplimiento a la misma, los trabajadores nucleados en la Federaci\u00f3n Argentina del Trabajador de las Universidades Nacionales realizamos un PARO de 24 HORAS, sin concurrencia a los lugares de trabajo, este martes 21 de octubre&#8221;, anunciaron desde APUBA, gremio de nodocentes.<\/p>\n\n\n\n<p class=\"has-light-green-cyan-background-color has-background\">Adem\u00e1s, adelantaron que iniciar\u00e1n acciones legales de forma coordinada con el Consejo Interuniversitario Nacional y el Frente Sindical Universitario &#8220;a los efectos de la plena aplicaci\u00f3n real y efectiva de la ley&#8221;.<\/p>\n\n\n\n<p><\/p>\n\n\n\n<p><strong>En qu\u00e9 consiste la ley de Financiamiento Universitario<\/strong><br><strong><br><\/strong>La ley de Financiamiento Universitario apunta a la reapertura de paritarias para docentes y nodocentes (paralizadas desde octubre del a\u00f1o pasado); actualizar fondos para gastos de funcionamiento, becas y desarrollo cient\u00edfico y la conformaci\u00f3n de una caja de $10.000 millones, con actualizaci\u00f3n anual por IPC, para impulsar el ingreso a carreras estrat\u00e9gicas.<\/p>\n\n\n\n<p>Seg\u00fan la OPC, el impacto presupuestario del proyecto de ley para este a\u00f1o ser\u00eda de $1.959.974 millones, equivalentes a 0,23% del PBI.<\/p>\n\n\n\n<p>Durante la sesi\u00f3n de este jueves, el Senado tambi\u00e9n rechaz\u00f3 el veto a la ley de Emergencia en Salud Pedi\u00e1trica, impulsada por los reclamos de trabajadores del Hospital Garrahan, y la recomposici\u00f3n del sistema de residencias m\u00e9dicas.<\/p>\n\n\n\n<p>La iniciativa exige fondos para &#8220;la asignaci\u00f3n prioritaria e inmediata de recursos presupuestarios para bienes de uso y consumo&#8221;, &#8220;la recomposici\u00f3n inmediata de los salarios del personal de salud&#8221; y la derogaci\u00f3n de la resoluci\u00f3n del 2109\/25 con la que el Ministerio de Salud modific\u00f3 el sistema de residencias. Seg\u00fan la Oficina de Presupuesto del Congreso (OPC), la inversi\u00f3n anualizada de esa erogaci\u00f3n alcanzar\u00eda los $133.433 millones.<\/p>\n","protected":false},"excerpt":{"rendered":"<p>El plazo legal del Poder Ejecutivo para sancionar la norma venci&oacute; este lunes. CONADU anunci&oacute; un plan de lucha para el martes y mi&eacute;rcoles. En respuesta a la dilaci&oacute;n del Gobierno para promulgar la ley de Financiamiento Universitario, la Federaci&oacute;n Nacional de Docentes Universitarios (CONADU) anunci&oacute; medidas de fuerza para esta semana, ante el vencimiento &hellip; <\/p>\n","protected":false},"author":5,"featured_media":16654,"comment_status":"closed","ping_status":"closed","sticky":false,"template":"","format":"standard","meta":{"om_disable_all_campaigns":false,"_joinchat":[]},"categories":[31,7,6],"tags":[46,43,569],"featured_image_urls":{"full":["https:\/\/infotep.com.ar\/wp-content\/uploads\/2024\/10\/marcha-universitaria-1000x600-1.jpg",1000,600,false],"thumbnail":["https:\/\/infotep.com.ar\/wp-content\/uploads\/2024\/10\/marcha-universitaria-1000x600-1-150x150.jpg",150,150,true],"medium":["https:\/\/infotep.com.ar\/wp-content\/uploads\/2024\/10\/marcha-universitaria-1000x600-1-300x180.jpg",300,180,true],"medium_large":["https:\/\/infotep.com.ar\/wp-content\/uploads\/2024\/10\/marcha-universitaria-1000x600-1-768x461.jpg",768,461,true],"large":["https:\/\/infotep.com.ar\/wp-content\/uploads\/2024\/10\/marcha-universitaria-1000x600-1.jpg",1000,600,false],"1536x1536":["https:\/\/infotep.com.ar\/wp-content\/uploads\/2024\/10\/marcha-universitaria-1000x600-1.jpg",1000,600,false],"2048x2048":["https:\/\/infotep.com.ar\/wp-content\/uploads\/2024\/10\/marcha-universitaria-1000x600-1.jpg",1000,600,false],"blossom-feminine-slider":["https:\/\/infotep.com.ar\/wp-content\/uploads\/2024\/10\/marcha-universitaria-1000x600-1.jpg",1000,600,false],"blossom-feminine-featured":["https:\/\/infotep.com.ar\/wp-content\/uploads\/2024\/10\/marcha-universitaria-1000x600-1.jpg",1000,600,false],"blossom-feminine-with-sidebar":["https:\/\/infotep.com.ar\/wp-content\/uploads\/2024\/10\/marcha-universitaria-1000x600-1.jpg",1000,600,false],"blossom-feminine-blog":["https:\/\/infotep.com.ar\/wp-content\/uploads\/2024\/10\/marcha-universitaria-1000x600-1-435x435.jpg",435,435,true],"blossom-feminine-cat":["https:\/\/infotep.com.ar\/wp-content\/uploads\/2024\/10\/marcha-universitaria-1000x600-1-450x300.jpg",450,300,true],"blossom-feminine-related":["https:\/\/infotep.com.ar\/wp-content\/uploads\/2024\/10\/marcha-universitaria-1000x600-1-320x200.jpg",320,200,true],"blossom-feminine-schema":["https:\/\/infotep.com.ar\/wp-content\/uploads\/2024\/10\/marcha-universitaria-1000x600-1-100x60.jpg",100,60,true],"blossom-mommy-blog-slider-big":["https:\/\/infotep.com.ar\/wp-content\/uploads\/2024\/10\/marcha-universitaria-1000x600-1-920x600.jpg",920,600,true],"blossom-mommy-blog-slider":["https:\/\/infotep.com.ar\/wp-content\/uploads\/2024\/10\/marcha-universitaria-1000x600-1-460x310.jpg",460,310,true],"blossom-mommy-blog-two":["https:\/\/infotep.com.ar\/wp-content\/uploads\/2024\/10\/marcha-universitaria-1000x600-1-768x480.jpg",768,480,true]},"author_info":{"info":["Angela Tobar"]},"category_info":"<a href=\"https:\/\/infotep.com.ar\/index.php\/category\/destacadas\/\" rel=\"category tag\">Destacadas<\/a> <a href=\"https:\/\/infotep.com.ar\/index.php\/category\/gremios\/\" rel=\"category tag\">Gremios<\/a> <a href=\"https:\/\/infotep.com.ar\/index.php\/category\/universitarias\/\" rel=\"category tag\">Universitarias<\/a>","tag_info":"Universitarias","comment_count":"0","_links":{"self":[{"href":"https:\/\/infotep.com.ar\/index.php\/wp-json\/wp\/v2\/posts\/28818"}],"collection":[{"href":"https:\/\/infotep.com.ar\/index.php\/wp-json\/wp\/v2\/posts"}],"about":[{"href":"https:\/\/infotep.com.ar\/index.php\/wp-json\/wp\/v2\/types\/post"}],"author":[{"embeddable":true,"href":"https:\/\/infotep.com.ar\/index.php\/wp-json\/wp\/v2\/users\/5"}],"replies":[{"embeddable":true,"href":"https:\/\/infotep.com.ar\/index.php\/wp-json\/wp\/v2\/comments?post=28818"}],"version-history":[{"count":1,"href":"https:\/\/infotep.com.ar\/index.php\/wp-json\/wp\/v2\/posts\/28818\/revisions"}],"predecessor-version":[{"id":28819,"href":"https:\/\/infotep.com.ar\/index.php\/wp-json\/wp\/v2\/posts\/28818\/revisions\/28819"}],"wp:featuredmedia":[{"embeddable":true,"href":"https:\/\/infotep.com.ar\/index.php\/wp-json\/wp\/v2\/media\/16654"}],"wp:attachment":[{"href":"https:\/\/infotep.com.ar\/index.php\/wp-json\/wp\/v2\/media?parent=28818"}],"wp:term":[{"taxonomy":"category","embeddable":true,"href":"https:\/\/infotep.com.ar\/index.php\/wp-json\/wp\/v2\/categories?post=28818"},{"taxonomy":"post_tag","embeddable":true,"href":"https:\/\/infotep.com.ar\/index.php\/wp-json\/wp\/v2\/tags?post=28818"}],"curies":[{"name":"wp","href":"https:\/\/api.w.org\/{rel}","templated":true}]}}