{"id":28820,"date":"2025-10-21T01:13:07","date_gmt":"2025-10-21T04:13:07","guid":{"rendered":"https:\/\/infotep.com.ar\/?p=28820"},"modified":"2025-10-21T01:13:08","modified_gmt":"2025-10-21T04:13:08","slug":"garrahan-que-se-hace-cuando-un-gobierno-no-aplica-las-leyes-que-vota-el-congreso-y-ratifica-dos-veces","status":"publish","type":"post","link":"https:\/\/infotep.com.ar\/index.php\/2025\/10\/21\/garrahan-que-se-hace-cuando-un-gobierno-no-aplica-las-leyes-que-vota-el-congreso-y-ratifica-dos-veces\/","title":{"rendered":"Garrahan: \u00bfQu\u00e9 se hace cuando un gobierno no aplica las leyes que vota el Congreso y ratifica dos veces?"},"content":{"rendered":"\n<p>La Asociaci\u00f3n de Profesionales y T\u00e9cnicos del Hospital Garrahan (APyT) realiza un paro de 24 horas desde las 7 de la ma\u00f1ana de este martes 21 de octubre, junto a dem\u00e1s sectores del equipo de salud del hospital<strong>, &#8220;en reclamo por la aplicaci\u00f3n efectiva de la Ley de Emergencia Pedi\u00e1trica y en solidaridad con la misma situaci\u00f3n que le toca atravesar al colectivo de la discapacidad, como as\u00ed tambi\u00e9n a la universidad p\u00fablica&#8221;.<\/strong><\/p>\n\n\n\n<p class=\"has-light-green-cyan-background-color has-background\">As\u00ed lo dieron a conocer mediante un comunicado, donde la licenciada Norma Lezana, referente de APyT y del equipo de salud del Garrahan, afirm\u00f3: &#8220;Recorrimos todo el camino que ten\u00edamos que recorrer, ganamos mayor\u00eda social en la opini\u00f3n p\u00fablica para nuestra causa, colocamos en la agenda del Congreso la necesidad de blindar a nuestro hospital en riesgo frente a la pol\u00edtica de vaciamiento del gobierno nacional, logramos la aprobaci\u00f3n de la Ley de Emergencia por amplia mayor\u00eda en ambas c\u00e1maras y la ratificaci\u00f3n frente a los vetos presidenciales, y todav\u00eda hoy no tenemos la promulgaci\u00f3n y aplicaci\u00f3n efectiva de esa ley tan indispensable para la continuidad del proyecto de Garrahan&#8221;.<\/p>\n\n\n\n<p><strong>&#8220;Frente a este panorama -continu\u00f3 Lezana- nos preguntamos, \u00bfqu\u00e9 se hace frente a un gobierno que act\u00faa como una monarqu\u00eda? Que frente a una opini\u00f3n p\u00fablica que lo mandat\u00f3 para actuar en defensa del Garrahan, que frente a un Parlamento que por abrumadora mayor\u00eda le indica financiar al Garrahan, no cumple y comete delito. Nosotros, los trabajadores, no nos vamos a quedar con los brazos cruzados&#8221;.<\/strong><\/p>\n\n\n\n<p class=\"has-light-green-cyan-background-color has-background\">Finalmente, la secretaria general de la APyT anticip\u00f3 los pasos a seguir: &#8220;Este martes 21 estamos de paro por 24 horas. Lo hacemos con la exigencia de la aplicaci\u00f3n efectiva e inmediata de las leyes de Emergencia de Salud Pedi\u00e1trica, Discapacidad y Financiamiento Universitario, pero tambi\u00e9n hacia adentro tenemos un reclamo frente al Consejo de Administraci\u00f3n y su rol vergonzoso del interventor Pirozzo, que act\u00faa de manera patoteril e ilegal tomando determinaciones que no le competen, para exigir la renuncia a todos ellos y un cambio de la orientaci\u00f3n de esta gesti\u00f3n&#8221;.<\/p>\n\n\n\n<p>&#8220;Y al mismo tiempo, nos preparamos para los pasos a seguir: vamos a estar desde el mediod\u00eda de este martes junto a integrantes del CELS y nuestra asesora legal debatiendo colectivamente con el equipo de salud c\u00f3mo responder frente a una aberraci\u00f3n autoritaria como es la tesitura que est\u00e1 adoptando el gobierno nacional. Y tenemos varios caminos para encarar. Para empezar, le vamos a solicitar a la justicia que d\u00e9 lugar a un amparo e intime al Ejecutivo a aplicar la Ley de Emergencia Pedi\u00e1trica. Adem\u00e1s de denunciarlos penalmente por incumplimiento de deberes de funcionario p\u00fablico. Al Congreso Nacional le vamos a plantear que active el mecanismo de Juicio Pol\u00edtico: no alcanza con la moci\u00f3n de censura al jefe de Gabinete, Guillermo Francos. Nosotros lo que estamos exigiendo es juicio pol\u00edtico al presidente Javier Milei, al ministro de Salud, Mario Lugones, y al ministro de Econom\u00eda, Luis Caputo, que son los m\u00e1ximos responsables de cumplir con el mandato del Congreso Nacional, de una agenda que impuso la sociedad mayoritariamente&#8221;, continu\u00f3 Lezana.<\/p>\n\n\n\n<p>Y concluy\u00f3: &#8220;Finalmente, le volvemos a decir a la c\u00fapula m\u00e1xima de la CGT, \u00bfqu\u00e9 m\u00e1s tiene que pasar para que convoquen a parar en apoyo al hospital de las infancias, la discapacidad y la universidad p\u00fablica? De nuestra parte, imaginamos en las pr\u00f3ximas semanas profundizar la articulaci\u00f3n con otros gremios y organizaciones para hacer lo que la CGT parece estar decidida a no llevar adelante: Construiremos una medida de fuerza de alcance nacional, de Tierra del Fuego a Jujuy y de la cordillera al mar, con paro y movilizaci\u00f3n. E instalando en las calles la voz de un pueblo que no se resigna a no tener Garrahan, a desproteger a la discapacidad o a degradar y vaciar la universidad p\u00fablica&#8221;.<\/p>\n","protected":false},"excerpt":{"rendered":"<p>La Asociaci&oacute;n de Profesionales y T&eacute;cnicos del Hospital Garrahan (APyT) realiza un paro de 24 horas desde las 7 de la ma&ntilde;ana de este martes 21 de octubre, junto a dem&aacute;s sectores del equipo de salud del hospital, &ldquo;en reclamo por la aplicaci&oacute;n efectiva de la Ley de Emergencia Pedi&aacute;trica y en solidaridad con la &hellip; <\/p>\n","protected":false},"author":5,"featured_media":22191,"comment_status":"closed","ping_status":"closed","sticky":false,"template":"","format":"standard","meta":{"om_disable_all_campaigns":false,"_joinchat":[]},"categories":[7,3],"tags":[46,43,569],"featured_image_urls":{"full":["https:\/\/infotep.com.ar\/wp-content\/uploads\/2025\/03\/garrahan.jpg",1032,688,false],"thumbnail":["https:\/\/infotep.com.ar\/wp-content\/uploads\/2025\/03\/garrahan-150x150.jpg",150,150,true],"medium":["https:\/\/infotep.com.ar\/wp-content\/uploads\/2025\/03\/garrahan-300x200.jpg",300,200,true],"medium_large":["https:\/\/infotep.com.ar\/wp-content\/uploads\/2025\/03\/garrahan-768x512.jpg",768,512,true],"large":["https:\/\/infotep.com.ar\/wp-content\/uploads\/2025\/03\/garrahan-1024x683.jpg",1020,680,true],"1536x1536":["https:\/\/infotep.com.ar\/wp-content\/uploads\/2025\/03\/garrahan.jpg",1032,688,false],"2048x2048":["https:\/\/infotep.com.ar\/wp-content\/uploads\/2025\/03\/garrahan.jpg",1032,688,false],"blossom-feminine-slider":["https:\/\/infotep.com.ar\/wp-content\/uploads\/2025\/03\/garrahan-1032x649.jpg",1032,649,true],"blossom-feminine-featured":["https:\/\/infotep.com.ar\/wp-content\/uploads\/2025\/03\/garrahan-1032x600.jpg",1032,600,true],"blossom-feminine-with-sidebar":["https:\/\/infotep.com.ar\/wp-content\/uploads\/2025\/03\/garrahan-1020x600.jpg",1020,600,true],"blossom-feminine-blog":["https:\/\/infotep.com.ar\/wp-content\/uploads\/2025\/03\/garrahan-435x435.jpg",435,435,true],"blossom-feminine-cat":["https:\/\/infotep.com.ar\/wp-content\/uploads\/2025\/03\/garrahan-450x300.jpg",450,300,true],"blossom-feminine-related":["https:\/\/infotep.com.ar\/wp-content\/uploads\/2025\/03\/garrahan-320x200.jpg",320,200,true],"blossom-feminine-schema":["https:\/\/infotep.com.ar\/wp-content\/uploads\/2025\/03\/garrahan-90x60.jpg",90,60,true],"blossom-mommy-blog-slider-big":["https:\/\/infotep.com.ar\/wp-content\/uploads\/2025\/03\/garrahan-920x650.jpg",920,650,true],"blossom-mommy-blog-slider":["https:\/\/infotep.com.ar\/wp-content\/uploads\/2025\/03\/garrahan-460x310.jpg",460,310,true],"blossom-mommy-blog-two":["https:\/\/infotep.com.ar\/wp-content\/uploads\/2025\/03\/garrahan-768x480.jpg",768,480,true]},"author_info":{"info":["Angela Tobar"]},"category_info":"<a href=\"https:\/\/infotep.com.ar\/index.php\/category\/gremios\/\" rel=\"category tag\">Gremios<\/a> <a href=\"https:\/\/infotep.com.ar\/index.php\/category\/nacionales\/\" rel=\"category tag\">Nacionales<\/a>","tag_info":"Nacionales","comment_count":"0","_links":{"self":[{"href":"https:\/\/infotep.com.ar\/index.php\/wp-json\/wp\/v2\/posts\/28820"}],"collection":[{"href":"https:\/\/infotep.com.ar\/index.php\/wp-json\/wp\/v2\/posts"}],"about":[{"href":"https:\/\/infotep.com.ar\/index.php\/wp-json\/wp\/v2\/types\/post"}],"author":[{"embeddable":true,"href":"https:\/\/infotep.com.ar\/index.php\/wp-json\/wp\/v2\/users\/5"}],"replies":[{"embeddable":true,"href":"https:\/\/infotep.com.ar\/index.php\/wp-json\/wp\/v2\/comments?post=28820"}],"version-history":[{"count":1,"href":"https:\/\/infotep.com.ar\/index.php\/wp-json\/wp\/v2\/posts\/28820\/revisions"}],"predecessor-version":[{"id":28821,"href":"https:\/\/infotep.com.ar\/index.php\/wp-json\/wp\/v2\/posts\/28820\/revisions\/28821"}],"wp:featuredmedia":[{"embeddable":true,"href":"https:\/\/infotep.com.ar\/index.php\/wp-json\/wp\/v2\/media\/22191"}],"wp:attachment":[{"href":"https:\/\/infotep.com.ar\/index.php\/wp-json\/wp\/v2\/media?parent=28820"}],"wp:term":[{"taxonomy":"category","embeddable":true,"href":"https:\/\/infotep.com.ar\/index.php\/wp-json\/wp\/v2\/categories?post=28820"},{"taxonomy":"post_tag","embeddable":true,"href":"https:\/\/infotep.com.ar\/index.php\/wp-json\/wp\/v2\/tags?post=28820"}],"curies":[{"name":"wp","href":"https:\/\/api.w.org\/{rel}","templated":true}]}}