{"id":28822,"date":"2025-10-21T16:26:12","date_gmt":"2025-10-21T19:26:12","guid":{"rendered":"https:\/\/infotep.com.ar\/?p=28822"},"modified":"2025-10-21T16:26:12","modified_gmt":"2025-10-21T19:26:12","slug":"kicillof-ni-un-solo-dolar-de-los-millones-que-el-gobierno-pidio-por-el-mundo-va-a-destinarse-a-educacion","status":"publish","type":"post","link":"https:\/\/infotep.com.ar\/index.php\/2025\/10\/21\/kicillof-ni-un-solo-dolar-de-los-millones-que-el-gobierno-pidio-por-el-mundo-va-a-destinarse-a-educacion\/","title":{"rendered":"Kicillof: \u201cNi un solo d\u00f3lar de los millones que el Gobierno pidi\u00f3 por el mundo va a destinarse a educaci\u00f3n\u201d"},"content":{"rendered":"\n<p>El gobernador bonaerense volvi\u00f3 a cuestionar el salvataje financiero que el presidente Javier Milei negoci\u00f3 con Estados Unidos.<br><br>El gobernador bonaerense, Axel Kicillof, asegur\u00f3 este martes que \u201cni un s\u00f3lo d\u00f3lar\u201d del salvataje que pidi\u00f3 el gobierno de Javier Milei a los Estados Unidos \u201cva a destinarse a educaci\u00f3n\u201d y consider\u00f3 que la administraci\u00f3n libertaria tiene \u201cinvertidas las prioridades\u201d.<\/p>\n\n\n\n<p><strong>\u201cNi un solo d\u00f3lar de los millones que el Gobierno anda pidiendo por el mundo va a destinarse a la educaci\u00f3n, a las personas con discapacidad o a mejorar la infraestructura que permite promover el empleo y la industria\u201d, sostuvo Kicillof durante un acto en Pergamino.<\/strong><\/p>\n\n\n\n<p>En esa l\u00ednea, el gobernador plante\u00f3 que el problema de la Argentina no es que \u201cno hay plata\u201d, sino que, seg\u00fan afirm\u00f3, \u201cest\u00e1n invertidas las prioridades\u201d.<\/p>\n\n\n\n<p class=\"has-light-green-cyan-background-color has-background\">\u201cEste 26 de octubre tenemos la oportunidad de demostrar no solo que estamos vivos, sino que queremos vivir mejor\u201d, enfatiz\u00f3 Kicillof, quien arrib\u00f3 a la localidad para visitar la Escuela de Educaci\u00f3n Especial N\u00b05 y recorrer el Parque Industrial Tecnol\u00f3gico Mixto PARCUM.<\/p>\n\n\n\n<p>El mandatario provincial estuvo acompa\u00f1ado del director general de Cultura y Educaci\u00f3n, Alberto Sileoni; el concejal electo Alejandro Masagu\u00e9; y la directora de la instituci\u00f3n, Valeria Bachanini.<\/p>\n","protected":false},"excerpt":{"rendered":"<p>El gobernador bonaerense volvi&oacute; a cuestionar el salvataje financiero que el presidente Javier Milei negoci&oacute; con Estados Unidos. El gobernador bonaerense, Axel Kicillof, asegur&oacute; este martes que &ldquo;ni un s&oacute;lo d&oacute;lar&rdquo; del salvataje que pidi&oacute; el gobierno de Javier Milei a los Estados Unidos &ldquo;va a destinarse a educaci&oacute;n&rdquo; y consider&oacute; que la administraci&oacute;n libertaria &hellip; <\/p>\n","protected":false},"author":5,"featured_media":28823,"comment_status":"closed","ping_status":"closed","sticky":false,"template":"","format":"standard","meta":{"om_disable_all_campaigns":false,"_joinchat":[]},"categories":[4],"tags":[46,43,569],"featured_image_urls":{"full":["https:\/\/infotep.com.ar\/wp-content\/uploads\/2025\/10\/720-7-1.webp",1079,720,false],"thumbnail":["https:\/\/infotep.com.ar\/wp-content\/uploads\/2025\/10\/720-7-1-150x150.webp",150,150,true],"medium":["https:\/\/infotep.com.ar\/wp-content\/uploads\/2025\/10\/720-7-1-300x200.webp",300,200,true],"medium_large":["https:\/\/infotep.com.ar\/wp-content\/uploads\/2025\/10\/720-7-1-768x512.webp",768,512,true],"large":["https:\/\/infotep.com.ar\/wp-content\/uploads\/2025\/10\/720-7-1-1024x683.webp",1020,680,true],"1536x1536":["https:\/\/infotep.com.ar\/wp-content\/uploads\/2025\/10\/720-7-1.webp",1079,720,false],"2048x2048":["https:\/\/infotep.com.ar\/wp-content\/uploads\/2025\/10\/720-7-1.webp",1079,720,false],"blossom-feminine-slider":["https:\/\/infotep.com.ar\/wp-content\/uploads\/2025\/10\/720-7-1-1079x649.webp",1079,649,true],"blossom-feminine-featured":["https:\/\/infotep.com.ar\/wp-content\/uploads\/2025\/10\/720-7-1-1079x600.webp",1079,600,true],"blossom-feminine-with-sidebar":["https:\/\/infotep.com.ar\/wp-content\/uploads\/2025\/10\/720-7-1-1020x600.webp",1020,600,true],"blossom-feminine-blog":["https:\/\/infotep.com.ar\/wp-content\/uploads\/2025\/10\/720-7-1-435x435.webp",435,435,true],"blossom-feminine-cat":["https:\/\/infotep.com.ar\/wp-content\/uploads\/2025\/10\/720-7-1-450x300.webp",450,300,true],"blossom-feminine-related":["https:\/\/infotep.com.ar\/wp-content\/uploads\/2025\/10\/720-7-1-320x200.webp",320,200,true],"blossom-feminine-schema":["https:\/\/infotep.com.ar\/wp-content\/uploads\/2025\/10\/720-7-1-90x60.webp",90,60,true],"blossom-mommy-blog-slider-big":["https:\/\/infotep.com.ar\/wp-content\/uploads\/2025\/10\/720-7-1-920x650.webp",920,650,true],"blossom-mommy-blog-slider":["https:\/\/infotep.com.ar\/wp-content\/uploads\/2025\/10\/720-7-1-460x310.webp",460,310,true],"blossom-mommy-blog-two":["https:\/\/infotep.com.ar\/wp-content\/uploads\/2025\/10\/720-7-1-768x480.webp",768,480,true]},"author_info":{"info":["Angela Tobar"]},"category_info":"<a href=\"https:\/\/infotep.com.ar\/index.php\/category\/provinciales\/\" rel=\"category tag\">Provinciales<\/a>","tag_info":"Provinciales","comment_count":"0","_links":{"self":[{"href":"https:\/\/infotep.com.ar\/index.php\/wp-json\/wp\/v2\/posts\/28822"}],"collection":[{"href":"https:\/\/infotep.com.ar\/index.php\/wp-json\/wp\/v2\/posts"}],"about":[{"href":"https:\/\/infotep.com.ar\/index.php\/wp-json\/wp\/v2\/types\/post"}],"author":[{"embeddable":true,"href":"https:\/\/infotep.com.ar\/index.php\/wp-json\/wp\/v2\/users\/5"}],"replies":[{"embeddable":true,"href":"https:\/\/infotep.com.ar\/index.php\/wp-json\/wp\/v2\/comments?post=28822"}],"version-history":[{"count":1,"href":"https:\/\/infotep.com.ar\/index.php\/wp-json\/wp\/v2\/posts\/28822\/revisions"}],"predecessor-version":[{"id":28824,"href":"https:\/\/infotep.com.ar\/index.php\/wp-json\/wp\/v2\/posts\/28822\/revisions\/28824"}],"wp:featuredmedia":[{"embeddable":true,"href":"https:\/\/infotep.com.ar\/index.php\/wp-json\/wp\/v2\/media\/28823"}],"wp:attachment":[{"href":"https:\/\/infotep.com.ar\/index.php\/wp-json\/wp\/v2\/media?parent=28822"}],"wp:term":[{"taxonomy":"category","embeddable":true,"href":"https:\/\/infotep.com.ar\/index.php\/wp-json\/wp\/v2\/categories?post=28822"},{"taxonomy":"post_tag","embeddable":true,"href":"https:\/\/infotep.com.ar\/index.php\/wp-json\/wp\/v2\/tags?post=28822"}],"curies":[{"name":"wp","href":"https:\/\/api.w.org\/{rel}","templated":true}]}}