{"id":28930,"date":"2025-10-24T12:53:04","date_gmt":"2025-10-24T15:53:04","guid":{"rendered":"https:\/\/infotep.com.ar\/?p=28930"},"modified":"2025-10-24T12:53:05","modified_gmt":"2025-10-24T15:53:05","slug":"pilotos-de-aerolineas-argentina-realizaron-asambleas-en-reclamo-por-mejoras-laborales","status":"publish","type":"post","link":"https:\/\/infotep.com.ar\/index.php\/2025\/10\/24\/pilotos-de-aerolineas-argentina-realizaron-asambleas-en-reclamo-por-mejoras-laborales\/","title":{"rendered":"Pilotos de Aerol\u00edneas Argentina realizaron asambleas en reclamo por mejoras laborales"},"content":{"rendered":"\n<p><br>Alrededor de 60 vuelos de Aerl\u00edneas Argentinas resultaron afectados esta ma\u00f1ana por la medida de fuerza llevada a cabo por los pilotos nucleados en la Asociaci\u00f3n de Pilotos de L\u00edneas A\u00e9reas (APLA).<\/p>\n\n\n\n<p><strong>Los pilotos realizaron \u201casambleas informativas\u201d entre las 6 y las 10 y durante ese lapso no hubo despegues desde el Aeroparque Jorge Newbery, lo cual afect\u00f3, no solo a los servicios que ten\u00edan horario de partida, sino a los retornos de esas aeronaves desde sus destinos, lo cual deriv\u00f3 en demoras que se extender\u00e1n a lo largo de toda la jornada.<\/strong><\/p>\n\n\n\n<p>Aerol\u00edneas Argentinas hab\u00eda anticipado ayer que \u201ccerca de 60 vuelos programados entre las 6:00 y las 10:00 de ma\u00f1ana, podr\u00edan registrar demoras como consecuencia de una nueva medida de fuerza dispuesta por el gremio de pilotos APLA, que podr\u00eda afectar los planes de viaje de m\u00e1s de 7.000 pasajeros\u201d.<\/p>\n\n\n\n<p>Los pilotos de Aerol\u00edneas Argentinas, nucleados en la Asociaci\u00f3n de Pilotos de L\u00edneas A\u00e9reas (APLA), fundamentaron las medidas de fuerza en que, \u201chasta el momento, Aerol\u00edneas Argentinas contin\u00faa sin ofrecer respuestas a los reclamos que hemos presentado desde APLA en relaci\u00f3n con salarios, ascensos, dotaci\u00f3n y el cumplimiento de nuestro CCT\u201d.<\/p>\n","protected":false},"excerpt":{"rendered":"<p>Alrededor de 60 vuelos de Aerl&iacute;neas Argentinas resultaron afectados esta ma&ntilde;ana por la medida de fuerza llevada a cabo por los pilotos nucleados en la Asociaci&oacute;n de Pilotos de L&iacute;neas A&eacute;reas (APLA). Los pilotos realizaron &ldquo;asambleas informativas&rdquo; entre las 6 y las 10 y durante ese lapso no hubo despegues desde el Aeroparque Jorge Newbery, &hellip; <\/p>\n","protected":false},"author":5,"featured_media":28931,"comment_status":"closed","ping_status":"closed","sticky":false,"template":"","format":"standard","meta":{"om_disable_all_campaigns":false,"_joinchat":[]},"categories":[7,3],"tags":[46,43,569],"featured_image_urls":{"full":["https:\/\/infotep.com.ar\/wp-content\/uploads\/2025\/10\/biro.webp",1080,720,false],"thumbnail":["https:\/\/infotep.com.ar\/wp-content\/uploads\/2025\/10\/biro-150x150.webp",150,150,true],"medium":["https:\/\/infotep.com.ar\/wp-content\/uploads\/2025\/10\/biro-300x200.webp",300,200,true],"medium_large":["https:\/\/infotep.com.ar\/wp-content\/uploads\/2025\/10\/biro-768x512.webp",768,512,true],"large":["https:\/\/infotep.com.ar\/wp-content\/uploads\/2025\/10\/biro-1024x683.webp",1020,680,true],"1536x1536":["https:\/\/infotep.com.ar\/wp-content\/uploads\/2025\/10\/biro.webp",1080,720,false],"2048x2048":["https:\/\/infotep.com.ar\/wp-content\/uploads\/2025\/10\/biro.webp",1080,720,false],"blossom-feminine-slider":["https:\/\/infotep.com.ar\/wp-content\/uploads\/2025\/10\/biro-1080x649.webp",1080,649,true],"blossom-feminine-featured":["https:\/\/infotep.com.ar\/wp-content\/uploads\/2025\/10\/biro-1080x600.webp",1080,600,true],"blossom-feminine-with-sidebar":["https:\/\/infotep.com.ar\/wp-content\/uploads\/2025\/10\/biro-1020x600.webp",1020,600,true],"blossom-feminine-blog":["https:\/\/infotep.com.ar\/wp-content\/uploads\/2025\/10\/biro-435x435.webp",435,435,true],"blossom-feminine-cat":["https:\/\/infotep.com.ar\/wp-content\/uploads\/2025\/10\/biro-450x300.webp",450,300,true],"blossom-feminine-related":["https:\/\/infotep.com.ar\/wp-content\/uploads\/2025\/10\/biro-320x200.webp",320,200,true],"blossom-feminine-schema":["https:\/\/infotep.com.ar\/wp-content\/uploads\/2025\/10\/biro-90x60.webp",90,60,true],"blossom-mommy-blog-slider-big":["https:\/\/infotep.com.ar\/wp-content\/uploads\/2025\/10\/biro-920x650.webp",920,650,true],"blossom-mommy-blog-slider":["https:\/\/infotep.com.ar\/wp-content\/uploads\/2025\/10\/biro-460x310.webp",460,310,true],"blossom-mommy-blog-two":["https:\/\/infotep.com.ar\/wp-content\/uploads\/2025\/10\/biro-768x480.webp",768,480,true]},"author_info":{"info":["Angela Tobar"]},"category_info":"<a href=\"https:\/\/infotep.com.ar\/index.php\/category\/gremios\/\" rel=\"category tag\">Gremios<\/a> <a href=\"https:\/\/infotep.com.ar\/index.php\/category\/nacionales\/\" rel=\"category tag\">Nacionales<\/a>","tag_info":"Nacionales","comment_count":"0","_links":{"self":[{"href":"https:\/\/infotep.com.ar\/index.php\/wp-json\/wp\/v2\/posts\/28930"}],"collection":[{"href":"https:\/\/infotep.com.ar\/index.php\/wp-json\/wp\/v2\/posts"}],"about":[{"href":"https:\/\/infotep.com.ar\/index.php\/wp-json\/wp\/v2\/types\/post"}],"author":[{"embeddable":true,"href":"https:\/\/infotep.com.ar\/index.php\/wp-json\/wp\/v2\/users\/5"}],"replies":[{"embeddable":true,"href":"https:\/\/infotep.com.ar\/index.php\/wp-json\/wp\/v2\/comments?post=28930"}],"version-history":[{"count":1,"href":"https:\/\/infotep.com.ar\/index.php\/wp-json\/wp\/v2\/posts\/28930\/revisions"}],"predecessor-version":[{"id":28932,"href":"https:\/\/infotep.com.ar\/index.php\/wp-json\/wp\/v2\/posts\/28930\/revisions\/28932"}],"wp:featuredmedia":[{"embeddable":true,"href":"https:\/\/infotep.com.ar\/index.php\/wp-json\/wp\/v2\/media\/28931"}],"wp:attachment":[{"href":"https:\/\/infotep.com.ar\/index.php\/wp-json\/wp\/v2\/media?parent=28930"}],"wp:term":[{"taxonomy":"category","embeddable":true,"href":"https:\/\/infotep.com.ar\/index.php\/wp-json\/wp\/v2\/categories?post=28930"},{"taxonomy":"post_tag","embeddable":true,"href":"https:\/\/infotep.com.ar\/index.php\/wp-json\/wp\/v2\/tags?post=28930"}],"curies":[{"name":"wp","href":"https:\/\/api.w.org\/{rel}","templated":true}]}}