{"id":28955,"date":"2025-10-26T13:16:57","date_gmt":"2025-10-26T16:16:57","guid":{"rendered":"https:\/\/infotep.com.ar\/?p=28955"},"modified":"2025-10-26T13:16:57","modified_gmt":"2025-10-26T16:16:57","slug":"elecciones-2025-como-funciona-el-transporte-publico-hoy-domingo-26-de-octubre","status":"publish","type":"post","link":"https:\/\/infotep.com.ar\/index.php\/2025\/10\/26\/elecciones-2025-como-funciona-el-transporte-publico-hoy-domingo-26-de-octubre\/","title":{"rendered":"Elecciones 2025: c\u00f3mo funciona el transporte p\u00fablico hoy, domingo 26 de octubre"},"content":{"rendered":"\n<p>Algunas provincias dictaminaron no cumplir con el mismo r\u00e9gimen de otros a\u00f1os, debido a que no financiar\u00e1n el servicio.<br><br>Este domingo 26 de octubre el transporte p\u00fablico funciona de manera gratuita en algunas provincias debido a las elecciones legislativas 2025, que se celebran a nivel nacional, por lo que se dio a conocer cu\u00e1l es el cronograma en cada una de las juridicciones.<\/p>\n\n\n\n<p class=\"has-light-green-cyan-background-color has-background\">El Ministro de Transporte de Buenos Aires, a cargo de Mart\u00edn Marinucci, confirm\u00f3 que en la provincia \u201clos servicios regulares de transporte p\u00fablico automotor de pasajeros, de car\u00e1cter urbano e interurbano de media distancia, aleda\u00f1os a la Ciudad Aut\u00f3noma de Buenos Aires e interurbanos de larga distancia, de jurisdicci\u00f3n provincial; y a los servicios regulares urbanos, interurbanos de media y larga distancia, as\u00ed como el transporte fluvial del Delta del Paran\u00e1\u201d ser\u00e1n gratuitos.<\/p>\n\n\n\n<p><strong>Para la Ciudad de Buenos Aires, las autoridades dispusieron que el servicio de subte inicia una hora antes de lo habitual. Es decir, que todas las l\u00edneas est\u00e1n operativas desde las 7. Acerca de los colectivos, tambi\u00e9n ser\u00eda sin costo.<\/strong><\/p>\n\n\n\n<p>Acerca de la situaci\u00f3n en C\u00f3rdoba, confirmaron que el servicio p\u00fablico interurbano \u201cno ser\u00e1 gratuito durante las elecciones\u201d y las autoridades explicaron que, ni el Gobierno provincial, la Naci\u00f3n y los empresarios del sector financiar\u00e1n el servicio, como s\u00ed lo hicieron a\u00f1os anteriores.<\/p>\n\n\n\n<p>Sobre Entre R\u00edos, se inform\u00f3 que se dispuso la gratuidad del servicio que abarca el \u00e1rea metropolitana, la cual cubre las l\u00edneas 22, 20, 4, 17, 12, 6 y 15, que conectan Paran\u00e1 con las localidades de Oro Verde, Colonia Avellaneda, San Benito, Sauce Montrull y Villa Fontana.<\/p>\n\n\n\n<p>En Salta, se indic\u00f3 que, a diferencia de otras provincias, el servicio de colectivos ser\u00e1 gratuito entre las 8 y las 18.30.<\/p>\n\n\n\n<p>En Mendoza, la cartera de transporte anunci\u00f3 que ser\u00e1 sin costo tambi\u00e9n entre una franja horaria. En esta provincia ser\u00e1 entre las 7 y las 20 horas para todas las personas mayores de 16 a\u00f1os.<\/p>\n\n\n\n<p>Las autoridades de la provincia de Misiones anunciaron que el servicio de transporte ser\u00e1 libre y sin costo durante la jornada electoral.<\/p>\n\n\n\n<p>Para Tucum\u00e1n se determin\u00f3 que el colectivo no ser\u00e1 gratuito, aunque s\u00ed se reforzar\u00e1 la frecuencia. En Chubut ocurre un panorama similar.<\/p>\n\n\n\n<p>En R\u00edo Negro, el gobierno provincial comunic\u00f3 que el transporte, tanto urbano como interurbano, ser\u00e1 libre durante toda la jornada electoral.<\/p>\n\n\n\n<p>Para Misiones, el gobernador Hugo Passalacqua confirm\u00f3 que el servicio ser\u00e1 sin costo en toda la provincia este domingo.<\/p>\n\n\n\n<p>Acerca de Santa Fe, confirmaron que el servicio del transporte p\u00fablico urbano de pasajeros ser\u00e1 gratuito entre las 7 y las 19hs.<\/p>\n","protected":false},"excerpt":{"rendered":"<p>Algunas provincias dictaminaron no cumplir con el mismo r&eacute;gimen de otros a&ntilde;os, debido a que no financiar&aacute;n el servicio. Este domingo 26 de octubre el transporte p&uacute;blico funciona de manera gratuita en algunas provincias debido a las elecciones legislativas 2025, que se celebran a nivel nacional, por lo que se dio a conocer cu&aacute;l es &hellip; <\/p>\n","protected":false},"author":5,"featured_media":18594,"comment_status":"closed","ping_status":"closed","sticky":false,"template":"","format":"standard","meta":{"om_disable_all_campaigns":false,"_joinchat":[]},"categories":[4],"tags":[46,43,569],"featured_image_urls":{"full":["https:\/\/infotep.com.ar\/wp-content\/uploads\/2024\/12\/colectivo.webp",519,360,false],"thumbnail":["https:\/\/infotep.com.ar\/wp-content\/uploads\/2024\/12\/colectivo-150x150.webp",150,150,true],"medium":["https:\/\/infotep.com.ar\/wp-content\/uploads\/2024\/12\/colectivo-300x208.webp",300,208,true],"medium_large":["https:\/\/infotep.com.ar\/wp-content\/uploads\/2024\/12\/colectivo.webp",519,360,false],"large":["https:\/\/infotep.com.ar\/wp-content\/uploads\/2024\/12\/colectivo.webp",519,360,false],"1536x1536":["https:\/\/infotep.com.ar\/wp-content\/uploads\/2024\/12\/colectivo.webp",519,360,false],"2048x2048":["https:\/\/infotep.com.ar\/wp-content\/uploads\/2024\/12\/colectivo.webp",519,360,false],"blossom-feminine-slider":["https:\/\/infotep.com.ar\/wp-content\/uploads\/2024\/12\/colectivo.webp",519,360,false],"blossom-feminine-featured":["https:\/\/infotep.com.ar\/wp-content\/uploads\/2024\/12\/colectivo.webp",519,360,false],"blossom-feminine-with-sidebar":["https:\/\/infotep.com.ar\/wp-content\/uploads\/2024\/12\/colectivo.webp",519,360,false],"blossom-feminine-blog":["https:\/\/infotep.com.ar\/wp-content\/uploads\/2024\/12\/colectivo-435x360.webp",435,360,true],"blossom-feminine-cat":["https:\/\/infotep.com.ar\/wp-content\/uploads\/2024\/12\/colectivo-450x300.webp",450,300,true],"blossom-feminine-related":["https:\/\/infotep.com.ar\/wp-content\/uploads\/2024\/12\/colectivo-320x200.webp",320,200,true],"blossom-feminine-schema":["https:\/\/infotep.com.ar\/wp-content\/uploads\/2024\/12\/colectivo-87x60.webp",87,60,true],"blossom-mommy-blog-slider-big":["https:\/\/infotep.com.ar\/wp-content\/uploads\/2024\/12\/colectivo.webp",519,360,false],"blossom-mommy-blog-slider":["https:\/\/infotep.com.ar\/wp-content\/uploads\/2024\/12\/colectivo-460x310.webp",460,310,true],"blossom-mommy-blog-two":["https:\/\/infotep.com.ar\/wp-content\/uploads\/2024\/12\/colectivo.webp",519,360,false]},"author_info":{"info":["Angela Tobar"]},"category_info":"<a href=\"https:\/\/infotep.com.ar\/index.php\/category\/provinciales\/\" rel=\"category tag\">Provinciales<\/a>","tag_info":"Provinciales","comment_count":"0","_links":{"self":[{"href":"https:\/\/infotep.com.ar\/index.php\/wp-json\/wp\/v2\/posts\/28955"}],"collection":[{"href":"https:\/\/infotep.com.ar\/index.php\/wp-json\/wp\/v2\/posts"}],"about":[{"href":"https:\/\/infotep.com.ar\/index.php\/wp-json\/wp\/v2\/types\/post"}],"author":[{"embeddable":true,"href":"https:\/\/infotep.com.ar\/index.php\/wp-json\/wp\/v2\/users\/5"}],"replies":[{"embeddable":true,"href":"https:\/\/infotep.com.ar\/index.php\/wp-json\/wp\/v2\/comments?post=28955"}],"version-history":[{"count":1,"href":"https:\/\/infotep.com.ar\/index.php\/wp-json\/wp\/v2\/posts\/28955\/revisions"}],"predecessor-version":[{"id":28956,"href":"https:\/\/infotep.com.ar\/index.php\/wp-json\/wp\/v2\/posts\/28955\/revisions\/28956"}],"wp:featuredmedia":[{"embeddable":true,"href":"https:\/\/infotep.com.ar\/index.php\/wp-json\/wp\/v2\/media\/18594"}],"wp:attachment":[{"href":"https:\/\/infotep.com.ar\/index.php\/wp-json\/wp\/v2\/media?parent=28955"}],"wp:term":[{"taxonomy":"category","embeddable":true,"href":"https:\/\/infotep.com.ar\/index.php\/wp-json\/wp\/v2\/categories?post=28955"},{"taxonomy":"post_tag","embeddable":true,"href":"https:\/\/infotep.com.ar\/index.php\/wp-json\/wp\/v2\/tags?post=28955"}],"curies":[{"name":"wp","href":"https:\/\/api.w.org\/{rel}","templated":true}]}}