{"id":28960,"date":"2025-10-26T01:18:00","date_gmt":"2025-10-26T04:18:00","guid":{"rendered":"https:\/\/infotep.com.ar\/?p=28960"},"modified":"2025-10-26T13:19:21","modified_gmt":"2025-10-26T16:19:21","slug":"la-legendaria-razon-por-la-que-esta-prohibido-portar-armas-durante-las-elecciones","status":"publish","type":"post","link":"https:\/\/infotep.com.ar\/index.php\/2025\/10\/26\/la-legendaria-razon-por-la-que-esta-prohibido-portar-armas-durante-las-elecciones\/","title":{"rendered":"La legendaria raz\u00f3n por la que est\u00e1 prohibido portar armas durante las elecciones"},"content":{"rendered":"\n<p>El C\u00f3digo Electoral Nacional lo proh\u00edbe para \u201cevitar conflictos entre simpatizantes de diferentes partidos pol\u00edticos\u201d y garantizar una jornada pac\u00edfica.<br><br>La veda electoral que rige durante las elecciones en Argentina incluye una serie de prohibiciones estrictas, pero una de las m\u00e1s importantes para garantizar la paz social es la prohibici\u00f3n de portar armas para los electores.<\/p>\n\n\n\n<p><strong>\u00bfD\u00f3nde voto hoy?<br>Esta medida, establecida en el art\u00edculo 71 del C\u00f3digo Nacional Electoral (CNE), no es un capricho, sino que responde a una raz\u00f3n hist\u00f3rica y de orden p\u00fablico: &#8220;evitar conflictos entre simpatizantes de diferentes partidos pol\u00edticos&#8221;.<\/strong><\/p>\n\n\n\n<p>Expertos en legislaci\u00f3n electoral, como el polit\u00f3logo Miguel De Luca, han explicado que la prohibici\u00f3n de armas, junto con la de realizar actos partidarios cerca de las escuelas (a menos de 80 metros) o la de vender alcohol, tiene como objetivo principal garantizar que la jornada se desarrolle sin violencia y en un clima de &#8220;reflexi\u00f3n&#8221;.<\/p>\n\n\n\n<p>La portaci\u00f3n de armas est\u00e1 vedada desde 12 horas antes del inicio de los comicios (s\u00e1bado a las 20 hs) y hasta 3 horas despu\u00e9s del cierre (domingo a las 21 hs).<\/p>\n\n\n\n<p>Violar esta norma tiene consecuencias penales. El art\u00edculo 128 del C\u00f3digo establece que se impondr\u00e1 prisi\u00f3n de hasta 15 d\u00edas o una multa a &#8220;toda persona que viole la prohibici\u00f3n impuesta sobre la portaci\u00f3n de armas, uso de banderas u otros distintivos&#8221;.<\/p>\n","protected":false},"excerpt":{"rendered":"<p>El C&oacute;digo Electoral Nacional lo proh&iacute;be para &ldquo;evitar conflictos entre simpatizantes de diferentes partidos pol&iacute;ticos&rdquo; y garantizar una jornada pac&iacute;fica. La veda electoral que rige durante las elecciones en Argentina incluye una serie de prohibiciones estrictas, pero una de las m&aacute;s importantes para garantizar la paz social es la prohibici&oacute;n de portar armas para los &hellip; <\/p>\n","protected":false},"author":5,"featured_media":28961,"comment_status":"closed","ping_status":"closed","sticky":false,"template":"","format":"standard","meta":{"om_disable_all_campaigns":false,"_joinchat":[]},"categories":[4],"tags":[46,43,569],"featured_image_urls":{"full":["https:\/\/infotep.com.ar\/wp-content\/uploads\/2025\/10\/armas-poli.webp",1280,720,false],"thumbnail":["https:\/\/infotep.com.ar\/wp-content\/uploads\/2025\/10\/armas-poli-150x150.webp",150,150,true],"medium":["https:\/\/infotep.com.ar\/wp-content\/uploads\/2025\/10\/armas-poli-300x169.webp",300,169,true],"medium_large":["https:\/\/infotep.com.ar\/wp-content\/uploads\/2025\/10\/armas-poli-768x432.webp",768,432,true],"large":["https:\/\/infotep.com.ar\/wp-content\/uploads\/2025\/10\/armas-poli-1024x576.webp",1020,574,true],"1536x1536":["https:\/\/infotep.com.ar\/wp-content\/uploads\/2025\/10\/armas-poli.webp",1280,720,false],"2048x2048":["https:\/\/infotep.com.ar\/wp-content\/uploads\/2025\/10\/armas-poli.webp",1280,720,false],"blossom-feminine-slider":["https:\/\/infotep.com.ar\/wp-content\/uploads\/2025\/10\/armas-poli-1280x649.webp",1280,649,true],"blossom-feminine-featured":["https:\/\/infotep.com.ar\/wp-content\/uploads\/2025\/10\/armas-poli-1280x600.webp",1280,600,true],"blossom-feminine-with-sidebar":["https:\/\/infotep.com.ar\/wp-content\/uploads\/2025\/10\/armas-poli-1020x600.webp",1020,600,true],"blossom-feminine-blog":["https:\/\/infotep.com.ar\/wp-content\/uploads\/2025\/10\/armas-poli-435x435.webp",435,435,true],"blossom-feminine-cat":["https:\/\/infotep.com.ar\/wp-content\/uploads\/2025\/10\/armas-poli-450x300.webp",450,300,true],"blossom-feminine-related":["https:\/\/infotep.com.ar\/wp-content\/uploads\/2025\/10\/armas-poli-320x200.webp",320,200,true],"blossom-feminine-schema":["https:\/\/infotep.com.ar\/wp-content\/uploads\/2025\/10\/armas-poli-107x60.webp",107,60,true],"blossom-mommy-blog-slider-big":["https:\/\/infotep.com.ar\/wp-content\/uploads\/2025\/10\/armas-poli-920x650.webp",920,650,true],"blossom-mommy-blog-slider":["https:\/\/infotep.com.ar\/wp-content\/uploads\/2025\/10\/armas-poli-460x310.webp",460,310,true],"blossom-mommy-blog-two":["https:\/\/infotep.com.ar\/wp-content\/uploads\/2025\/10\/armas-poli-768x480.webp",768,480,true]},"author_info":{"info":["Angela Tobar"]},"category_info":"<a href=\"https:\/\/infotep.com.ar\/index.php\/category\/provinciales\/\" rel=\"category tag\">Provinciales<\/a>","tag_info":"Provinciales","comment_count":"0","_links":{"self":[{"href":"https:\/\/infotep.com.ar\/index.php\/wp-json\/wp\/v2\/posts\/28960"}],"collection":[{"href":"https:\/\/infotep.com.ar\/index.php\/wp-json\/wp\/v2\/posts"}],"about":[{"href":"https:\/\/infotep.com.ar\/index.php\/wp-json\/wp\/v2\/types\/post"}],"author":[{"embeddable":true,"href":"https:\/\/infotep.com.ar\/index.php\/wp-json\/wp\/v2\/users\/5"}],"replies":[{"embeddable":true,"href":"https:\/\/infotep.com.ar\/index.php\/wp-json\/wp\/v2\/comments?post=28960"}],"version-history":[{"count":1,"href":"https:\/\/infotep.com.ar\/index.php\/wp-json\/wp\/v2\/posts\/28960\/revisions"}],"predecessor-version":[{"id":28962,"href":"https:\/\/infotep.com.ar\/index.php\/wp-json\/wp\/v2\/posts\/28960\/revisions\/28962"}],"wp:featuredmedia":[{"embeddable":true,"href":"https:\/\/infotep.com.ar\/index.php\/wp-json\/wp\/v2\/media\/28961"}],"wp:attachment":[{"href":"https:\/\/infotep.com.ar\/index.php\/wp-json\/wp\/v2\/media?parent=28960"}],"wp:term":[{"taxonomy":"category","embeddable":true,"href":"https:\/\/infotep.com.ar\/index.php\/wp-json\/wp\/v2\/categories?post=28960"},{"taxonomy":"post_tag","embeddable":true,"href":"https:\/\/infotep.com.ar\/index.php\/wp-json\/wp\/v2\/tags?post=28960"}],"curies":[{"name":"wp","href":"https:\/\/api.w.org\/{rel}","templated":true}]}}