{"id":28963,"date":"2025-10-26T13:20:29","date_gmt":"2025-10-26T16:20:29","guid":{"rendered":"https:\/\/infotep.com.ar\/?p=28963"},"modified":"2025-10-26T13:20:30","modified_gmt":"2025-10-26T16:20:30","slug":"voto-grabois-ojala-que-a-partir-de-manana-tengamos-una-argentina-mas-humana","status":"publish","type":"post","link":"https:\/\/infotep.com.ar\/index.php\/2025\/10\/26\/voto-grabois-ojala-que-a-partir-de-manana-tengamos-una-argentina-mas-humana\/","title":{"rendered":"Vot\u00f3 Grabois: &#8220;Ojal\u00e1 que a partir de ma\u00f1ana tengamos una Argentina m\u00e1s humana&#8221;"},"content":{"rendered":"\n<p>\u201cOjal\u00e1 el mensaje (de la votaci\u00f3n) vaya en contra de la cosmovisi\u00f3n de esa l\u00f3gica de la crueldad\u201c, sostuvo.<br>domingo 26 de octubre de 2025 13:10<br><br>El candidato a diputado de Fuerza Patria por la provincia de Buenos Aires Juan Grabois vot\u00f3 este mediod\u00eda y sostuvo: &#8220;Ojal\u00e1 que a partir de ma\u00f1ana tengamos una Argentina m\u00e1s humana&#8221;.<\/p>\n\n\n\n<p>Tras votar en una escuela de Vicente L\u00f3pez, Grabois dijo que &#8220;es un d\u00eda democr\u00e1tico en el que los dirigentes tenemos que hablar menos y escuchar m\u00e1s&#8221;.<\/p>\n\n\n\n<p><strong>&#8220;Nosotros creemos en los derechos humanos, en la justicia social. Ojal\u00e1 el mensaje (de la votaci\u00f3n) vaya en contra de la cosmovisi\u00f3n de esa l\u00f3gica de la crueldad, de burlarse del que la est\u00e1 pasando mal&#8221;, sostuvo ante la prensa.<\/strong><\/p>\n\n\n\n<p>Por \u00faltimo, habl\u00f3 de su reciente abrazo con Sergio Massa: &#8220;en este momento tenemos una unidad electoral y es importante buscar una s\u00edntesis que tiene que tener un programa para gobernar la Argentina&#8221;, dijo al respecto.<\/p>\n","protected":false},"excerpt":{"rendered":"<p>&ldquo;Ojal&aacute; el mensaje (de la votaci&oacute;n) vaya en contra de la cosmovisi&oacute;n de esa l&oacute;gica de la crueldad&ldquo;, sostuvo.domingo 26 de octubre de 2025 13:10 El candidato a diputado de Fuerza Patria por la provincia de Buenos Aires Juan Grabois vot&oacute; este mediod&iacute;a y sostuvo: &ldquo;Ojal&aacute; que a partir de ma&ntilde;ana tengamos una Argentina m&aacute;s &hellip; <\/p>\n","protected":false},"author":5,"featured_media":28964,"comment_status":"closed","ping_status":"closed","sticky":false,"template":"","format":"standard","meta":{"om_disable_all_campaigns":false,"_joinchat":[]},"categories":[4],"tags":[46,43,569],"featured_image_urls":{"full":["https:\/\/infotep.com.ar\/wp-content\/uploads\/2025\/10\/grabois.webp",846,720,false],"thumbnail":["https:\/\/infotep.com.ar\/wp-content\/uploads\/2025\/10\/grabois-150x150.webp",150,150,true],"medium":["https:\/\/infotep.com.ar\/wp-content\/uploads\/2025\/10\/grabois-300x255.webp",300,255,true],"medium_large":["https:\/\/infotep.com.ar\/wp-content\/uploads\/2025\/10\/grabois-768x654.webp",768,654,true],"large":["https:\/\/infotep.com.ar\/wp-content\/uploads\/2025\/10\/grabois.webp",846,720,false],"1536x1536":["https:\/\/infotep.com.ar\/wp-content\/uploads\/2025\/10\/grabois.webp",846,720,false],"2048x2048":["https:\/\/infotep.com.ar\/wp-content\/uploads\/2025\/10\/grabois.webp",846,720,false],"blossom-feminine-slider":["https:\/\/infotep.com.ar\/wp-content\/uploads\/2025\/10\/grabois-846x649.webp",846,649,true],"blossom-feminine-featured":["https:\/\/infotep.com.ar\/wp-content\/uploads\/2025\/10\/grabois-846x600.webp",846,600,true],"blossom-feminine-with-sidebar":["https:\/\/infotep.com.ar\/wp-content\/uploads\/2025\/10\/grabois-846x600.webp",846,600,true],"blossom-feminine-blog":["https:\/\/infotep.com.ar\/wp-content\/uploads\/2025\/10\/grabois-435x435.webp",435,435,true],"blossom-feminine-cat":["https:\/\/infotep.com.ar\/wp-content\/uploads\/2025\/10\/grabois-450x300.webp",450,300,true],"blossom-feminine-related":["https:\/\/infotep.com.ar\/wp-content\/uploads\/2025\/10\/grabois-320x200.webp",320,200,true],"blossom-feminine-schema":["https:\/\/infotep.com.ar\/wp-content\/uploads\/2025\/10\/grabois-71x60.webp",71,60,true],"blossom-mommy-blog-slider-big":["https:\/\/infotep.com.ar\/wp-content\/uploads\/2025\/10\/grabois-846x650.webp",846,650,true],"blossom-mommy-blog-slider":["https:\/\/infotep.com.ar\/wp-content\/uploads\/2025\/10\/grabois-460x310.webp",460,310,true],"blossom-mommy-blog-two":["https:\/\/infotep.com.ar\/wp-content\/uploads\/2025\/10\/grabois-768x480.webp",768,480,true]},"author_info":{"info":["Angela Tobar"]},"category_info":"<a href=\"https:\/\/infotep.com.ar\/index.php\/category\/provinciales\/\" rel=\"category tag\">Provinciales<\/a>","tag_info":"Provinciales","comment_count":"0","_links":{"self":[{"href":"https:\/\/infotep.com.ar\/index.php\/wp-json\/wp\/v2\/posts\/28963"}],"collection":[{"href":"https:\/\/infotep.com.ar\/index.php\/wp-json\/wp\/v2\/posts"}],"about":[{"href":"https:\/\/infotep.com.ar\/index.php\/wp-json\/wp\/v2\/types\/post"}],"author":[{"embeddable":true,"href":"https:\/\/infotep.com.ar\/index.php\/wp-json\/wp\/v2\/users\/5"}],"replies":[{"embeddable":true,"href":"https:\/\/infotep.com.ar\/index.php\/wp-json\/wp\/v2\/comments?post=28963"}],"version-history":[{"count":1,"href":"https:\/\/infotep.com.ar\/index.php\/wp-json\/wp\/v2\/posts\/28963\/revisions"}],"predecessor-version":[{"id":28965,"href":"https:\/\/infotep.com.ar\/index.php\/wp-json\/wp\/v2\/posts\/28963\/revisions\/28965"}],"wp:featuredmedia":[{"embeddable":true,"href":"https:\/\/infotep.com.ar\/index.php\/wp-json\/wp\/v2\/media\/28964"}],"wp:attachment":[{"href":"https:\/\/infotep.com.ar\/index.php\/wp-json\/wp\/v2\/media?parent=28963"}],"wp:term":[{"taxonomy":"category","embeddable":true,"href":"https:\/\/infotep.com.ar\/index.php\/wp-json\/wp\/v2\/categories?post=28963"},{"taxonomy":"post_tag","embeddable":true,"href":"https:\/\/infotep.com.ar\/index.php\/wp-json\/wp\/v2\/tags?post=28963"}],"curies":[{"name":"wp","href":"https:\/\/api.w.org\/{rel}","templated":true}]}}