{"id":29024,"date":"2025-10-27T01:32:22","date_gmt":"2025-10-27T04:32:22","guid":{"rendered":"https:\/\/infotep.com.ar\/?p=29024"},"modified":"2025-10-27T01:32:23","modified_gmt":"2025-10-27T04:32:23","slug":"lista-completa-de-diputados-electos-que-asumiran-el-10-de-diciembre-peronismo-lla-y-mas","status":"publish","type":"post","link":"https:\/\/infotep.com.ar\/index.php\/2025\/10\/27\/lista-completa-de-diputados-electos-que-asumiran-el-10-de-diciembre-peronismo-lla-y-mas\/","title":{"rendered":"Lista completa de diputados electos que asumir\u00e1n el 10 de diciembre: Peronismo, LLA y m\u00e1s"},"content":{"rendered":"\n<p>La Libertad Avanza suma 64 legisladores y el peronismo mantiene 46<br>Lista de diputados que fueron electos en la elecci\u00f3n legislativa y asumir\u00e1n el 10 de diciembre<\/p>\n\n\n\n<p class=\"has-light-green-cyan-background-color has-background\">Peronismo<\/p>\n\n\n\n<p>Jorge Taiana<\/p>\n\n\n\n<p>Jimena L\u00f3pez<\/p>\n\n\n\n<p>Juan Grabois<\/p>\n\n\n\n<p>Vanesa Siley<\/p>\n\n\n\n<p>Sergio Palazzo<\/p>\n\n\n\n<p>Teresa Garc\u00eda<\/p>\n\n\n\n<p>Horacio Pietragalla<\/p>\n\n\n\n<p>Agustina Propato<\/p>\n\n\n\n<p>Hugo Moyano<\/p>\n\n\n\n<p>Fernanda D\u00edaz<\/p>\n\n\n\n<p>Sebasti\u00e1n Galmarini<\/p>\n\n\n\n<p>Fernanda Mi\u00f1o<\/p>\n\n\n\n<p>Hugo Yasky<\/p>\n\n\n\n<p>Marina Salzmann<\/p>\n\n\n\n<p>Nicol\u00e1s Trotta<\/p>\n\n\n\n<p>Mar\u00eda Elena Vel\u00e1zquez<\/p>\n\n\n\n<p>Itai Hagman<\/p>\n\n\n\n<p>Raquel Kismer<\/p>\n\n\n\n<p>Santiago Roberto<\/p>\n\n\n\n<p>Luc\u00eda C\u00e1mpora<\/p>\n\n\n\n<p>Fernando Edgardo Monguillot<\/p>\n\n\n\n<p>Claudia Palladino<\/p>\n\n\n\n<p>Sergio Dolce<\/p>\n\n\n\n<p>Julieta Campo<\/p>\n\n\n\n<p>Ra\u00fal Hadad<\/p>\n\n\n\n<p>Juan Pablo Luque<\/p>\n\n\n\n<p>Graciela de la Rosa<\/p>\n\n\n\n<p>Guillermo Michel<\/p>\n\n\n\n<p>Laura Marianela Concepci\u00f3n Marclay<\/p>\n\n\n\n<p>Abelardo Ferr\u00e1n<\/p>\n\n\n\n<p>Varinia Mar\u00edn<\/p>\n\n\n\n<p>Gabriela Pedrali<\/p>\n\n\n\n<p>F\u00e9lix, Emir<\/p>\n\n\n\n<p>Adriana Serquis<\/p>\n\n\n\n<p>Jorge \u201cGato\u201d Fern\u00e1ndez<\/p>\n\n\n\n<p>Juan Carlos Molina<\/p>\n\n\n\n<p>Moira Lanses\u00e1n<\/p>\n\n\n\n<p>Caren Trepp<\/p>\n\n\n\n<p>Agust\u00edn Rossi<\/p>\n\n\n\n<p>Alejandrina Bel\u00e9n<\/p>\n\n\n\n<p>Jorge Alejandro Mukdise<\/p>\n\n\n\n<p>Cecilia L\u00f3pez Pasquali de Balmaceda<\/p>\n\n\n\n<p>Marcelo Barbur<\/p>\n\n\n\n<p>Osvaldo Jaldo<\/p>\n\n\n\n<p>Agustin Tita<\/p>\n\n\n\n<p class=\"has-light-green-cyan-background-color has-background\">LLA<\/p>\n\n\n\n<p>Diego Santilli<\/p>\n\n\n\n<p>Karen Reichardt<\/p>\n\n\n\n<p>Sebasti\u00e1n Pareja<\/p>\n\n\n\n<p>Gladys Humenuk<\/p>\n\n\n\n<p>Alejandro Carrancio<\/p>\n\n\n\n<p>Johanna Longo<\/p>\n\n\n\n<p>Alejandro Finocchiaro<\/p>\n\n\n\n<p>Miriam Niveyro<\/p>\n\n\n\n<p>Sergio &#8220;Tronco&#8221; Figliuolo<\/p>\n\n\n\n<p>Giselle Castelnuovo<\/p>\n\n\n\n<p>\u00c1lvaro Garc\u00eda<\/p>\n\n\n\n<p>Mar\u00eda Fernanda De Sensi<\/p>\n\n\n\n<p>Joaqu\u00edn Patricio Ojeda<\/p>\n\n\n\n<p>Mar\u00eda Luisa Gonz\u00e1lez Estevarena<\/p>\n\n\n\n<p>Hern\u00e1n Urien<\/p>\n\n\n\n<p>Andrea Fernanda Vera<\/p>\n\n\n\n<p>Javier S\u00e1nchez<\/p>\n\n\n\n<p>Alejandro Fargosi<\/p>\n\n\n\n<p>. Patricia Holzman<\/p>\n\n\n\n<p>Nicol\u00e1s Emma<\/p>\n\n\n\n<p>Sabrina Ajmechet<\/p>\n\n\n\n<p>Fernando De Andreis<\/p>\n\n\n\n<p>Antonela Giampieri<\/p>\n\n\n\n<p>Agust\u00edn Pellegrini<\/p>\n\n\n\n<p>Yamile Tomassoni<\/p>\n\n\n\n<p>Juan Pablo Montenegro<\/p>\n\n\n\n<p>Valentina Ravera<\/p>\n\n\n\n<p>Gonzalo Roca<\/p>\n\n\n\n<p>Laura Sodano<\/p>\n\n\n\n<p>Marcos Pati\u00f1o<\/p>\n\n\n\n<p>Laura Rodr\u00edguez Machado<\/p>\n\n\n\n<p>Enrique Lluch<\/p>\n\n\n\n<p>Luis Petri<\/p>\n\n\n\n<p>Pamela Verasay<\/p>\n\n\n\n<p>\u00c1lvaro Mart\u00ednez<\/p>\n\n\n\n<p>Mar\u00eda Julieta Metral Asensio<\/p>\n\n\n\n<p>Federico Pelli<\/p>\n\n\n\n<p>Soledad Molinuevo<\/p>\n\n\n\n<p>Diego Hartfield<\/p>\n\n\n\n<p>Mar\u00eda Gruber<\/p>\n\n\n\n<p>Gabriela Flores<\/p>\n\n\n\n<p>Carlos Zapata<\/p>\n\n\n\n<p>Andr\u00e9s Laumann<\/p>\n\n\n\n<p>Alicia Fregonese<\/p>\n\n\n\n<p>Dar\u00edo Schneider<\/p>\n\n\n\n<p>Mercedes del Rosario Goit\u00eda<\/p>\n\n\n\n<p>Guillermo Ag\u00fcero<\/p>\n\n\n\n<p>Virgina Gallardo<\/p>\n\n\n\n<p>Abel Chiconi<\/p>\n\n\n\n<p>Alfredo Gonz\u00e1les<\/p>\n\n\n\n<p>B\u00e1rbara Andreussi<\/p>\n\n\n\n<p>An\u00edbal Tortoriello<\/p>\n\n\n\n<p>Gast\u00f3n Riesco<\/p>\n\n\n\n<p>Margarita Mondaca<\/p>\n\n\n\n<p>Atilio Basualdo<\/p>\n\n\n\n<p>Maira Frias<\/p>\n\n\n\n<p>M\u00f3nica Becerra<\/p>\n\n\n\n<p>Carlos Almena<\/p>\n\n\n\n<p>. Adrian Brizuela<\/p>\n\n\n\n<p>Gino Visconti<\/p>\n\n\n\n<p>Adri\u00e1n Ravier<\/p>\n\n\n\n<p>Jairo Henoch Guzm\u00e1n<\/p>\n\n\n\n<p>Miguel Rodriguez<\/p>\n\n\n\n<p class=\"has-light-green-cyan-background-color has-background\">PROVINCIAS UNIDAS<\/p>\n\n\n\n<p>Juan Schiaretti<\/p>\n\n\n\n<p class=\"has-light-green-cyan-background-color has-background\">INDEPENDENCIA<\/p>\n\n\n\n<p>GLADYS MEDINA<\/p>\n\n\n\n<p>Carolina Basualdo<\/p>\n\n\n\n<p>Miguel Siciliano<\/p>\n\n\n\n<p>Gisela Scaglia<\/p>\n\n\n\n<p>Pablo Farias<\/p>\n\n\n\n<p>Mart\u00edn Lousteau<\/p>\n\n\n\n<p>Diogenes Gonz\u00e1lez<\/p>\n\n\n\n<p>Mar\u00eda In\u00e9s Zigar\u00e1n<\/p>\n\n\n\n<p class=\"has-light-green-cyan-background-color has-background\">INNOVACION FEDERAL<\/p>\n\n\n\n<p>BERNARDO BIELLA<\/p>\n\n\n\n<p>Oscar Herrera Ahuad<\/p>\n\n\n\n<p class=\"has-light-green-cyan-background-color has-background\">IZQUIERDA<\/p>\n\n\n\n<p>Nicol\u00e1s del Ca\u00f1o<\/p>\n\n\n\n<p>Romina del Pla<\/p>\n\n\n\n<p>Myriam Bregman<\/p>\n\n\n\n<p class=\"has-light-green-cyan-background-color has-background\">PRODUCCION Y TRABAJO<\/p>\n\n\n\n<p>Fabian Martin<\/p>\n\n\n\n<p class=\"has-light-green-cyan-background-color has-background\">DEFENDAMOS CORDOBA<\/p>\n\n\n\n<p>Natalia de la Sota<\/p>\n\n\n\n<p class=\"has-light-green-cyan-background-color has-background\">LA NEUQUINIDAD<\/p>\n\n\n\n<p>Karina Maureira<\/p>\n\n\n\n<p><\/p>\n","protected":false},"excerpt":{"rendered":"<p>La Libertad Avanza suma 64 legisladores y el peronismo mantiene 46Lista de diputados que fueron electos en la elecci&oacute;n legislativa y asumir&aacute;n el 10 de diciembre Peronismo Jorge Taiana Jimena L&oacute;pez Juan Grabois Vanesa Siley Sergio Palazzo Teresa Garc&iacute;a Horacio Pietragalla Agustina Propato Hugo Moyano Fernanda D&iacute;az Sebasti&aacute;n Galmarini Fernanda Mi&ntilde;o Hugo Yasky Marina Salzmann &hellip; <\/p>\n","protected":false},"author":5,"featured_media":26907,"comment_status":"closed","ping_status":"closed","sticky":false,"template":"","format":"standard","meta":{"om_disable_all_campaigns":false,"_joinchat":[]},"categories":[31,3],"tags":[46,43],"featured_image_urls":{"full":["https:\/\/infotep.com.ar\/wp-content\/uploads\/2025\/08\/congreso.webp",1080,720,false],"thumbnail":["https:\/\/infotep.com.ar\/wp-content\/uploads\/2025\/08\/congreso-150x150.webp",150,150,true],"medium":["https:\/\/infotep.com.ar\/wp-content\/uploads\/2025\/08\/congreso-300x200.webp",300,200,true],"medium_large":["https:\/\/infotep.com.ar\/wp-content\/uploads\/2025\/08\/congreso-768x512.webp",768,512,true],"large":["https:\/\/infotep.com.ar\/wp-content\/uploads\/2025\/08\/congreso-1024x683.webp",1020,680,true],"1536x1536":["https:\/\/infotep.com.ar\/wp-content\/uploads\/2025\/08\/congreso.webp",1080,720,false],"2048x2048":["https:\/\/infotep.com.ar\/wp-content\/uploads\/2025\/08\/congreso.webp",1080,720,false],"blossom-feminine-slider":["https:\/\/infotep.com.ar\/wp-content\/uploads\/2025\/08\/congreso-1080x649.webp",1080,649,true],"blossom-feminine-featured":["https:\/\/infotep.com.ar\/wp-content\/uploads\/2025\/08\/congreso-1080x600.webp",1080,600,true],"blossom-feminine-with-sidebar":["https:\/\/infotep.com.ar\/wp-content\/uploads\/2025\/08\/congreso-1020x600.webp",1020,600,true],"blossom-feminine-blog":["https:\/\/infotep.com.ar\/wp-content\/uploads\/2025\/08\/congreso-435x435.webp",435,435,true],"blossom-feminine-cat":["https:\/\/infotep.com.ar\/wp-content\/uploads\/2025\/08\/congreso-450x300.webp",450,300,true],"blossom-feminine-related":["https:\/\/infotep.com.ar\/wp-content\/uploads\/2025\/08\/congreso-320x200.webp",320,200,true],"blossom-feminine-schema":["https:\/\/infotep.com.ar\/wp-content\/uploads\/2025\/08\/congreso-90x60.webp",90,60,true],"blossom-mommy-blog-slider-big":["https:\/\/infotep.com.ar\/wp-content\/uploads\/2025\/08\/congreso-920x650.webp",920,650,true],"blossom-mommy-blog-slider":["https:\/\/infotep.com.ar\/wp-content\/uploads\/2025\/08\/congreso-460x310.webp",460,310,true],"blossom-mommy-blog-two":["https:\/\/infotep.com.ar\/wp-content\/uploads\/2025\/08\/congreso-768x480.webp",768,480,true]},"author_info":{"info":["Angela Tobar"]},"category_info":"<a href=\"https:\/\/infotep.com.ar\/index.php\/category\/destacadas\/\" rel=\"category tag\">Destacadas<\/a> <a href=\"https:\/\/infotep.com.ar\/index.php\/category\/nacionales\/\" rel=\"category tag\">Nacionales<\/a>","tag_info":"Nacionales","comment_count":"0","_links":{"self":[{"href":"https:\/\/infotep.com.ar\/index.php\/wp-json\/wp\/v2\/posts\/29024"}],"collection":[{"href":"https:\/\/infotep.com.ar\/index.php\/wp-json\/wp\/v2\/posts"}],"about":[{"href":"https:\/\/infotep.com.ar\/index.php\/wp-json\/wp\/v2\/types\/post"}],"author":[{"embeddable":true,"href":"https:\/\/infotep.com.ar\/index.php\/wp-json\/wp\/v2\/users\/5"}],"replies":[{"embeddable":true,"href":"https:\/\/infotep.com.ar\/index.php\/wp-json\/wp\/v2\/comments?post=29024"}],"version-history":[{"count":1,"href":"https:\/\/infotep.com.ar\/index.php\/wp-json\/wp\/v2\/posts\/29024\/revisions"}],"predecessor-version":[{"id":29025,"href":"https:\/\/infotep.com.ar\/index.php\/wp-json\/wp\/v2\/posts\/29024\/revisions\/29025"}],"wp:featuredmedia":[{"embeddable":true,"href":"https:\/\/infotep.com.ar\/index.php\/wp-json\/wp\/v2\/media\/26907"}],"wp:attachment":[{"href":"https:\/\/infotep.com.ar\/index.php\/wp-json\/wp\/v2\/media?parent=29024"}],"wp:term":[{"taxonomy":"category","embeddable":true,"href":"https:\/\/infotep.com.ar\/index.php\/wp-json\/wp\/v2\/categories?post=29024"},{"taxonomy":"post_tag","embeddable":true,"href":"https:\/\/infotep.com.ar\/index.php\/wp-json\/wp\/v2\/tags?post=29024"}],"curies":[{"name":"wp","href":"https:\/\/api.w.org\/{rel}","templated":true}]}}